{"id":111200,"date":"2025-05-19T07:36:14","date_gmt":"2025-05-19T07:36:14","guid":{"rendered":"https:\/\/www.europesays.com\/fr\/111200\/"},"modified":"2025-05-19T07:36:14","modified_gmt":"2025-05-19T07:36:14","slug":"blind-test-hip-hop-humour-regressif-ouste-on-sort-a-nantes-cette-semaine-du-19-au-25-mai","status":"publish","type":"post","link":"https:\/\/www.europesays.com\/fr\/111200\/","title":{"rendered":"Blind test, hip-hop, humour r\u00e9gressif\u2026 Ouste\u00a0! On sort \u00e0 Nantes cette semaine du 19 au 25\u00a0mai"},"content":{"rendered":"<p>Retrouvez la s\u00e9lection de sorties du magazine <a href=\"https:\/\/nantes.maville.com\/actu\/actudet_-ouste-on-sort-notre-guide-gratuit-pour-profiter-de-nantes-_52716-6469538_actu.Htm\" rel=\"nofollow noopener\" target=\"_blank\"> Ouste d\u2019Ouest-France<\/a>, pour cette semaine du 19 au 25\u00a0mai.<\/p>\n<p>Dominique toute seule au th\u00e9\u00e2tre<\/p>\n<p>Dominique ne sort plus, ne voit plus personne. Dominique a perdu son travail au mus\u00e9e de la tuile, Dominique va perdre son logement\u2026 Alors, elle prend un bus et dispara\u00eet dans la for\u00eat. Remarqu\u00e9e au festival d\u2019Avignon off, en 2023, la pi\u00e8ce de Marie Burki parle de pr\u00e9carit\u00e9 aux enfants et \u00e0 leurs parents en invitant les chants polyphoniques dans le th\u00e9\u00e2tre. Pour  les familles et les enfants, \u00e0 partir de 7\u00a0ans. Dur\u00e9e quarante-cinq\u00a0minutes.<\/p>\n<p><strong>Jeudi 22\u00a0mai,<\/strong> \u00e0 20\u00a0h\u00a030, \u00e0 l\u2019Escale culture, \u00e0 Suc\u00e9-sur-Erdre. Tarifs\u00a0: 5\u00a0\u20ac \u00e0 15\u00a0\u20ac. T\u00e9l.\u00a002\u00a028\u00a002\u00a022\u00a052. Il reste des places sur le site de l\u2019Escale. <a href=\"https:\/\/www.hors-saison.fr\/billetterie\/\" target=\"_self\" rel=\"nofollow noopener\">www.hors-saison.fr\/billetterie.<\/a><\/p>\n<p>Blind test gratuit et Fonky Family<\/p>\n<p>Electro, hip-hop et stand up. Ce sont les ingr\u00e9dients principaux de ce nouveau rendez-vous nantais du jeudi 22\u00a0mai au dimanche 1er\u00a0juin. Coorganis\u00e9 par les Nantais du <a href=\"https:\/\/nantes.maville.com\/actu\/actudet_-nantes.-paco-tyson-l-exemple-d-une-communication-compliquee_52716-4016405_actu.Htm\" rel=\"nofollow noopener\" target=\"_blank\">collectif Paco Tyson<\/a>, de la soci\u00e9t\u00e9 de production Krumpp et du Micro comedy club, il s\u2019installe sur l\u2019ancien site du Min, rebaptis\u00e9 Mine de rien. Dans la programmation de la semaine, on note\u00a0Micro 360, des humoristes seuls en sc\u00e8ne sur un plateau central, entour\u00e9s de 360\u00a0personnes (jeudi 22\u00a0mai, de 20\u00a0h \u00e0 23\u00a0h, 20\u00a0\u20ac), un blind test musical g\u00e9ant (vendredi 23\u00a0mai, de 19\u00a0h \u00e0 minuit, entr\u00e9e gratuite) et le retour sur sc\u00e8nes des l\u00e9gendaires rappeurs marseillais de la Fonfy Family lors d\u2019une soir\u00e9e hip-hop avec aussi Bekar et Mairo (samedi 24\u00a0mai, de 18\u00a0h \u00e0 minuit, 49\u00a0\u20ac).<\/p>\n<p><strong>Du jeudi 22\u00a0mai au dimanche 1er\u00a0juin,<\/strong> sur le site de l\u2019ancien MIN, rue du S\u00e9n\u00e9gal, \u00e0 Nantes. Billetterie sur <a href=\"https:\/\/www.euphorianantes.fr\/\" target=\"_self\" rel=\"nofollow noopener\">https:\/\/www.euphorianantes.fr.<\/a><\/p>\n<p>Atelier, d\u00e9couvertes et DJ set gratuits<\/p>\n<p>Apr\u00e8s une saison de r\u00e9sidences, de rencontres et de travail artistique, la Libre Usine organise un moment festif et convie les associations et habitants du quartier Malakoff et d\u2019ailleurs. Spectacles, initiation \u00e0 la s\u00e9rigraphie v\u00e9g\u00e9tale, rencontres avec des artistes, curiosit\u00e9s culinaires \u00e0 partager, DJ set avec Sweet Mama Cosma\u2026 Vendredi 23\u00a0mai, on viendra profiter en famille des propositions gratuites pr\u00e9sent\u00e9es aux abords de la Libre Usine. L\u2019occasion aussi de voir le r\u00e9sultat d\u2019une r\u00e9sidence de territoire avec la plasticienne et designeuse culinaire Camille Orlandini, qui a sillonn\u00e9 le quartier de Malakoff de d\u00e9cembre\u00a02024 \u00e0 mai\u00a02025\u00a0: recettes partag\u00e9es, jardinage, broderie, visite de lieux\u2026<\/p>\n<p><strong>Vendredi 23\u00a0mai,<\/strong> de 17\u00a0h\u00a030 \u00e0 21\u00a0h, \u00e0 La Libre Usine, 42, boulevard de Sarrebruck (quartier Malakoff), \u00e0 Nantes. Bus C3, arr\u00eat \u00c9cosse. Gratuit.<\/p>\n<p>Le Slipfest, kermesse r\u00e9gressive<\/p>\n<p>\t<img decoding=\"async\" src=\"https:\/\/www.europesays.com\/fr\/wp-content\/uploads\/2025\/05\/P35236543D6813875G_px_640_.jpg\" alt=\"photo t\u00e9o lavabo sera au slipfest avec sa chipolata gonflable.  \u00a9  xavier bonny\" width=\"640\" title=\" T\u00e9o Lavabo sera au Slipfest avec sa chipolata gonflable.   Xavier Bonny \"\/><\/p>\n<p class=\"elmt-legende\"> T\u00e9o Lavabo sera au Slipfest avec sa chipolata gonflable.   Xavier Bonny <\/p>\n<p>Selon une formule qui peut d\u00e9plaire, le festival dit vouloir <strong>\u00ab\u00a0r\u00e9veiller le beauf qui est en nous\u00a0\u00bb,<\/strong> mais r\u00e9veille surtout le m\u00f4me qui est en nous. Et franchement, il faut \u00eatre assez b\u00e9gueule pour ne pas se marrer \u00e0 ce festival, sorte de grande kermesse avec ses concours plus d\u00e9glinguos les uns que les autres\u00a0: sosies rat\u00e9s, cris d\u2019animaux en tout genre, tee-shirt mouill\u00e9 XXS pour hommes XXL, lancer de slip et lancer de tongs\u2026 En vedette, pas de po\u00e8tes mais des artistes qui ont leurs fans\u00a0: T\u00e9o lavabo, grande saucisse qui s\u2019\u00e9tait fait rep\u00e9rer dans Incroyables talents avec sa chanson Chipolatas (dimanche, \u00e0 18\u00a0h) et G\u00e9rard Blaste, le chanteur des Svinkles, en solo (samedi, \u00e0 20\u00a0h).<\/p>\n<p><strong>Samedi\u00a024 et dimanche 25\u00a0mai,<\/strong> de 12\u00a0h \u00e0 23\u00a0h, chez Les Nantais, parc de la Carri\u00e8re, 2\u00a0bis, rue du Souvenir-Fran\u00e7ais, \u00e0 Saint-Herblain. Bus 91\u00a0arr\u00eat Moulinets. Acc\u00e8s libre.<\/p>\n<p>\u00a0<\/p>\n","protected":false},"excerpt":{"rendered":"Retrouvez la s\u00e9lection de sorties du magazine Ouste d\u2019Ouest-France, pour cette semaine du 19 au 25\u00a0mai. Dominique toute&hellip;\n","protected":false},"author":2,"featured_media":111201,"comment_status":"","ping_status":"","sticky":false,"template":"","format":"standard","meta":{"footnotes":""},"categories":[2818],"tags":[5185,13204,1111,11,23022,1777,674,1011,27,3617,708,2565,766,12,2636,23023,25,5572,4102,374],"class_list":{"0":"post-111200","1":"post","2":"type-post","3":"status-publish","4":"format-standard","5":"has-post-thumbnail","7":"category-nantes","8":"tag-5185","9":"tag-13204","10":"tag-actu","11":"tag-actualites","12":"tag-blind","13":"tag-eu","14":"tag-europe","15":"tag-fr","16":"tag-france","17":"tag-hip-hop","18":"tag-humour","19":"tag-mai","20":"tag-nantes","21":"tag-news","22":"tag-pays-de-la-loire","23":"tag-regressif","24":"tag-republique-francaise","25":"tag-semaine","26":"tag-sort","27":"tag-test"},"share_on_mastodon":{"url":"https:\/\/pubeurope.com\/@fr\/114533353644229066","error":""},"_links":{"self":[{"href":"https:\/\/www.europesays.com\/fr\/wp-json\/wp\/v2\/posts\/111200","targetHints":{"allow":["GET"]}}],"collection":[{"href":"https:\/\/www.europesays.com\/fr\/wp-json\/wp\/v2\/posts"}],"about":[{"href":"https:\/\/www.europesays.com\/fr\/wp-json\/wp\/v2\/types\/post"}],"author":[{"embeddable":true,"href":"https:\/\/www.europesays.com\/fr\/wp-json\/wp\/v2\/users\/2"}],"replies":[{"embeddable":true,"href":"https:\/\/www.europesays.com\/fr\/wp-json\/wp\/v2\/comments?post=111200"}],"version-history":[{"count":0,"href":"https:\/\/www.europesays.com\/fr\/wp-json\/wp\/v2\/posts\/111200\/revisions"}],"wp:featuredmedia":[{"embeddable":true,"href":"https:\/\/www.europesays.com\/fr\/wp-json\/wp\/v2\/media\/111201"}],"wp:attachment":[{"href":"https:\/\/www.europesays.com\/fr\/wp-json\/wp\/v2\/media?parent=111200"}],"wp:term":[{"taxonomy":"category","embeddable":true,"href":"https:\/\/www.europesays.com\/fr\/wp-json\/wp\/v2\/categories?post=111200"},{"taxonomy":"post_tag","embeddable":true,"href":"https:\/\/www.europesays.com\/fr\/wp-json\/wp\/v2\/tags?post=111200"}],"curies":[{"name":"wp","href":"https:\/\/api.w.org\/{rel}","templated":true}]}}