{"id":111211,"date":"2025-05-19T07:43:08","date_gmt":"2025-05-19T07:43:08","guid":{"rendered":"https:\/\/www.europesays.com\/fr\/111211\/"},"modified":"2025-05-19T07:43:08","modified_gmt":"2025-05-19T07:43:08","slug":"operations-escargots-autour-de-marseille-le-point-sur-les-blocages","status":"publish","type":"post","link":"https:\/\/www.europesays.com\/fr\/111211\/","title":{"rendered":"op\u00e9rations escargots autour de Marseille, le point sur les blocages"},"content":{"rendered":"<p>            Par<br \/>\n        <strong><br \/>\n            <a href=\"https:\/\/actu.fr\/auteur\/thibault-nadal-actu-fr\" title=\"Consulter tous les articles de Thibault Nadal\" target=\"_blank\" rel=\"noopener\">Thibault Nadal<\/a><br \/>\n        <\/strong><\/p>\n<p>        Publi\u00e9 le<\/p>\n<p>            19 mai 2025 \u00e0 9h42        <\/p>\n<p>Ils avaient promis <a href=\"https:\/\/actu.fr\/provence-alpes-cote-d-azur\/marseille_13055\/les-taxis-en-colere-manifestent-ce-lundi-les-perturbations-a-marseille-et-dans-les-bouches-du-rhone_62647852.html\" target=\"_blank\" rel=\"noopener\">une mobilisation importante<\/a>. \u00c7a n\u2019a pas rat\u00e9. Ce lundi 19\u00a0mai 2025, <strong>523<\/strong> taxis en col\u00e8res sont mobilis\u00e9s \u00e0 <a href=\"https:\/\/actu.fr\/marseille\/\" target=\"_blank\" rel=\"noopener\">Marseille<\/a> et dans <a href=\"https:\/\/actu.fr\/provence-alpes-cote-d-azur\/bouches-du-rhone_13\" target=\"_blank\" rel=\"noopener\">les Bouches-du-Rh\u00f4ne<\/a> pour d\u00e9noncer la r\u00e9forme de leur convention avec la Caisse nationale de l\u2019assurance maladie (CNAM) concernant le transport de patients malades et la \u00ab\u2009submersion\u2009\u00bb des VTC, selon les chiffres communiqu\u00e9s par la pr\u00e9fecture de Police.<\/p>\n<p>L\u2019A50 et les gares cibl\u00e9es par les manifestants<\/p>\n<p class=\" wall-content\">Comme annonc\u00e9 par <a href=\"https:\/\/actu.fr\/tag\/prefecture-des-bouches-du-rhone\" target=\"_blank\" rel=\"noopener\">la pr\u00e9fecture<\/a>, les perturbations sont importantes ce lundi dans la matin\u00e9e. Plusieurs op\u00e9rations escargots sont en cours, sp\u00e9cialement sur <a href=\"https:\/\/actu.fr\/tag\/autoroute-50-a50\" target=\"_blank\" rel=\"noopener\">l\u2019A50<\/a> o\u00f9 le trafic est <strong>fortement ralenti<\/strong> au niveau de Saint-Marcel entre La Valentine, point d\u00e9part de la mobilisation et le centre de Marseille.<\/p>\n<p class=\" wall-content\">\n<p class=\" wall-content\">Cette autoroute concentre actuellement les principales perturbations sur les routes dans le d\u00e9partement.<\/p>\n<p class=\" wall-content\">\n<p class=\" wall-content\">Plusieurs cort\u00e8ges sont \u00e9galement pr\u00e9sents devant la gare d\u2019<a href=\"https:\/\/actu.fr\/provence-alpes-cote-d-azur\/aix-en-provence_13001\" target=\"_blank\" rel=\"noopener\">Aix-en-Provence<\/a> et <a href=\"https:\/\/actu.fr\/tag\/gare-saint-charles\" target=\"_blank\" rel=\"noopener\">Marseille Saint-Charles<\/a>.<\/p>\n<p class=\" wall-content\">\n<p class=\" wall-content\">En fin de matin\u00e9e, les diff\u00e9rents convois doivent <strong>rejoindre le boulevard du Prado<\/strong> entre la place Castellane et le rond-point du Prado.<\/p>\n<p>Vid\u00e9os : en ce moment sur Actu<\/p>\n<p class=\" wall-content\">Suivez toute l\u2019actualit\u00e9 de vos villes et m\u00e9dias favoris en vous inscrivant \u00e0 <a href=\"https:\/\/moncompte.actu.fr\" title=\"D\u00e9couvez Mon Actu\" rel=\"nofollow noopener\" data-trk=\"{&quot;cta&quot;:{&quot;action&quot;:&quot;https:\\\/\\\/moncompte.actu.fr&quot;,&quot;category&quot;:&quot;mon compte&quot;,&quot;from&quot;:&quot;article footer&quot;,&quot;name&quot;:&quot;Mon actu&quot;,&quot;type&quot;:&quot;cta&quot;}}\" target=\"_blank\">Mon Actu<\/a>.<\/p>\n<ul class=\"ac-article-tag wall-content\">\n<li><a href=\"https:\/\/actu.fr\/tag\/autoroute-50-a50\" data-trk=\"{&quot;cta&quot;:{&quot;action&quot;:&quot;Autoroute 50 (A50)&quot;,&quot;category&quot;:&quot;tag&quot;,&quot;from&quot;:&quot;article footer&quot;,&quot;name&quot;:&quot;Autoroute 50 (A50)&quot;,&quot;type&quot;:&quot;cta&quot;}}\" target=\"_blank\" rel=\"noopener\">#Autoroute 50 (A50)<\/a><\/li>\n<li><a href=\"https:\/\/actu.fr\/tag\/manifestations\" data-trk=\"{&quot;cta&quot;:{&quot;action&quot;:&quot;Manifestations&quot;,&quot;category&quot;:&quot;tag&quot;,&quot;from&quot;:&quot;article footer&quot;,&quot;name&quot;:&quot;Manifestations&quot;,&quot;type&quot;:&quot;cta&quot;}}\" target=\"_blank\" rel=\"noopener\">#Manifestations<\/a><\/li>\n<\/ul>\n","protected":false},"excerpt":{"rendered":"Par Thibault Nadal Publi\u00e9 le 19 mai 2025 \u00e0 9h42 Ils avaient promis une mobilisation importante. \u00c7a n\u2019a&hellip;\n","protected":false},"author":2,"featured_media":111212,"comment_status":"","ping_status":"","sticky":false,"template":"","format":"standard","meta":{"footnotes":""},"categories":[2814],"tags":[1111,11,23025,1777,674,1011,27,1272,884,12,882,25,104],"class_list":{"0":"post-111211","1":"post","2":"type-post","3":"status-publish","4":"format-standard","5":"has-post-thumbnail","7":"category-marseille","8":"tag-actu","9":"tag-actualites","10":"tag-autoroute-50-a50","11":"tag-eu","12":"tag-europe","13":"tag-fr","14":"tag-france","15":"tag-manifestations","16":"tag-marseille","17":"tag-news","18":"tag-provence-alpes-cote-dazur","19":"tag-republique-francaise","20":"tag-societe"},"share_on_mastodon":{"url":"https:\/\/pubeurope.com\/@fr\/114533381181116530","error":""},"_links":{"self":[{"href":"https:\/\/www.europesays.com\/fr\/wp-json\/wp\/v2\/posts\/111211","targetHints":{"allow":["GET"]}}],"collection":[{"href":"https:\/\/www.europesays.com\/fr\/wp-json\/wp\/v2\/posts"}],"about":[{"href":"https:\/\/www.europesays.com\/fr\/wp-json\/wp\/v2\/types\/post"}],"author":[{"embeddable":true,"href":"https:\/\/www.europesays.com\/fr\/wp-json\/wp\/v2\/users\/2"}],"replies":[{"embeddable":true,"href":"https:\/\/www.europesays.com\/fr\/wp-json\/wp\/v2\/comments?post=111211"}],"version-history":[{"count":0,"href":"https:\/\/www.europesays.com\/fr\/wp-json\/wp\/v2\/posts\/111211\/revisions"}],"wp:featuredmedia":[{"embeddable":true,"href":"https:\/\/www.europesays.com\/fr\/wp-json\/wp\/v2\/media\/111212"}],"wp:attachment":[{"href":"https:\/\/www.europesays.com\/fr\/wp-json\/wp\/v2\/media?parent=111211"}],"wp:term":[{"taxonomy":"category","embeddable":true,"href":"https:\/\/www.europesays.com\/fr\/wp-json\/wp\/v2\/categories?post=111211"},{"taxonomy":"post_tag","embeddable":true,"href":"https:\/\/www.europesays.com\/fr\/wp-json\/wp\/v2\/tags?post=111211"}],"curies":[{"name":"wp","href":"https:\/\/api.w.org\/{rel}","templated":true}]}}