{"id":111213,"date":"2025-05-19T07:44:08","date_gmt":"2025-05-19T07:44:08","guid":{"rendered":"https:\/\/www.europesays.com\/fr\/111213\/"},"modified":"2025-05-19T07:44:08","modified_gmt":"2025-05-19T07:44:08","slug":"un-santon-en-or-et-un-maillot-pour-financer-les-travaux-de-la-bonne-mere","status":"publish","type":"post","link":"https:\/\/www.europesays.com\/fr\/111213\/","title":{"rendered":"un santon en or et un maillot pour financer les travaux de la Bonne M\u00e8re"},"content":{"rendered":"<p>Depuis le 11\u00a0f\u00e9vrier, le<a href=\"https:\/\/www.laprovence.com\/article\/region\/112309388803314\/40-tonnes-dechafaudage-transportees-pour-les-travaux-de-renovation-de-notre-dame-de-la-garde\" target=\"_blank\" rel=\"noopener\"> chantier historique de restauration<\/a> des pierres du clocher et de redorure de la statue de la Vierge a d\u00e9but\u00e9 sur la colline de la Garde. \u00c0 210 m\u00e8tres de hauteur, la <a href=\"https:\/\/www.laprovence.com\/article\/region\/7865314986329414\/video-a-marseille-la-bonne-mere-disparait-jusqu-en-novembre\" target=\"_blank\" rel=\"noopener\">Bonne M\u00e8re est toujours encercl\u00e9e de tonnes d\u2019acier<\/a>. Les artisans de l\u2019entreprise Girard proc\u00e9deront d\u00e8s cette semaine au traitement des pierres du campanile afin de garantir leur \u00e9tanch\u00e9it\u00e9.<\/p>\n","protected":false},"excerpt":{"rendered":"Depuis le 11\u00a0f\u00e9vrier, le chantier historique de restauration des pierres du clocher et de redorure de la statue&hellip;\n","protected":false},"author":2,"featured_media":111214,"comment_status":"","ping_status":"","sticky":false,"template":"","format":"standard","meta":{"footnotes":""},"categories":[2814],"tags":[17,1111,11,1777,674,23027,1011,27,151,10274,884,12,471,882,16,25,23026,2086],"class_list":{"0":"post-111213","1":"post","2":"type-post","3":"status-publish","4":"format-standard","5":"has-post-thumbnail","7":"category-marseille","8":"tag-17","9":"tag-actu","10":"tag-actualites","11":"tag-eu","12":"tag-europe","13":"tag-financer","14":"tag-fr","15":"tag-france","16":"tag-les","17":"tag-maillot","18":"tag-marseille","19":"tag-news","20":"tag-pour","21":"tag-provence-alpes-cote-dazur","22":"tag-region","23":"tag-republique-francaise","24":"tag-santon","25":"tag-travaux"},"share_on_mastodon":{"url":"https:\/\/pubeurope.com\/@fr\/114533385219788217","error":""},"_links":{"self":[{"href":"https:\/\/www.europesays.com\/fr\/wp-json\/wp\/v2\/posts\/111213","targetHints":{"allow":["GET"]}}],"collection":[{"href":"https:\/\/www.europesays.com\/fr\/wp-json\/wp\/v2\/posts"}],"about":[{"href":"https:\/\/www.europesays.com\/fr\/wp-json\/wp\/v2\/types\/post"}],"author":[{"embeddable":true,"href":"https:\/\/www.europesays.com\/fr\/wp-json\/wp\/v2\/users\/2"}],"replies":[{"embeddable":true,"href":"https:\/\/www.europesays.com\/fr\/wp-json\/wp\/v2\/comments?post=111213"}],"version-history":[{"count":0,"href":"https:\/\/www.europesays.com\/fr\/wp-json\/wp\/v2\/posts\/111213\/revisions"}],"wp:featuredmedia":[{"embeddable":true,"href":"https:\/\/www.europesays.com\/fr\/wp-json\/wp\/v2\/media\/111214"}],"wp:attachment":[{"href":"https:\/\/www.europesays.com\/fr\/wp-json\/wp\/v2\/media?parent=111213"}],"wp:term":[{"taxonomy":"category","embeddable":true,"href":"https:\/\/www.europesays.com\/fr\/wp-json\/wp\/v2\/categories?post=111213"},{"taxonomy":"post_tag","embeddable":true,"href":"https:\/\/www.europesays.com\/fr\/wp-json\/wp\/v2\/tags?post=111213"}],"curies":[{"name":"wp","href":"https:\/\/api.w.org\/{rel}","templated":true}]}}