{"id":111215,"date":"2025-05-19T07:45:10","date_gmt":"2025-05-19T07:45:10","guid":{"rendered":"https:\/\/www.europesays.com\/fr\/111215\/"},"modified":"2025-05-19T07:45:10","modified_gmt":"2025-05-19T07:45:10","slug":"toute-lactualite-de-ce-lundi-19-mai-2025-a-lyon","status":"publish","type":"post","link":"https:\/\/www.europesays.com\/fr\/111215\/","title":{"rendered":"Toute l&rsquo;actualit\u00e9 de ce lundi 19 mai 2025 \u00e0 Lyon"},"content":{"rendered":"<p>A la une de l\u2019info \u00e0 Lyon : Laurent Wauquiez grand perdant, l\u2019avenir des familles h\u00e9berg\u00e9es \u00e0 l\u2019\u00e9cole Gilibert, un carr\u00e9 naturel au cimeti\u00e8re de la Guilloti\u00e8re, l\u2019enqu\u00eate pour \u00e9tablir le Barom\u00e8tre des Villes Cyclables, le premier d\u00e9fil\u00e9 de mode inclusif Every Bodies<\/p>\n<p>ECOUTEZ LE 1\/4H LYONNAIS\u2026 Toute l\u2019actualit\u00e9 de ce lundi 19 mai 2025<\/p>\n<p>LE 1\/4H LYONNAIS | lundi 19 mai 2025<\/p>\n<p><strong>Laurent Wauquiez humili\u00e9<\/strong> : le ministre de l\u2019Int\u00e9rieur <strong>Bruno Retailleau<\/strong> a \u00e9t\u00e9 \u00e9lu <strong>pr\u00e9sident du parti LR<\/strong> (<strong>Les R\u00e9publicains<\/strong>) avec 75% des voix<\/p>\n<p>L\u2019ancienne <strong>\u00e9cole Gilibert<\/strong> bient\u00f4t \u00e9vacu\u00e9e : des familles une nouvelle fois menac\u00e9es d\u2019<strong>expulsion<\/strong>\u00a0<\/p>\n<p>A partir de l\u2019automne 2025, la mairie de Lyon lancera l\u2019exp\u00e9rimentation d\u2019un <strong>carr\u00e9 nature<\/strong>l au sein du n<strong>ouveau cimeti\u00e8re de la Guilloti\u00e8re<\/strong>. Pour une <strong>offre fun\u00e9raire plus \u00e9cologique<\/strong><\/p>\n<p>Lanc\u00e9 en 2017 par la <strong><a href=\"https:\/\/www.fub.fr\/\" target=\"_blank\" rel=\"noopener\">F\u00e9d\u00e9ration des Usagers de la Bicyclette<\/a><\/strong> (FUB), le Barom\u00e8tre des <strong>villes cyclables<\/strong> revient en 2025 pour une quatri\u00e8me \u00e9dition.\u00a0L\u2019enqu\u00eate d\u2019<strong>\u00e9valuation des conditions de circulation \u00e0 v\u00e9lo<\/strong> est en cours<\/p>\n<p>Notre invit\u00e9 : <strong>Pierre-Marie Legay<\/strong>, administrateur de <strong>la Ville \u00e0 V\u00e9lo<\/strong><\/p>\n<p>Egalement dans l\u2019actualit\u00e9 de ce lundi 19 mai<\/p>\n<p>Battu par Toulouse ce week-end, l\u2019ASSE est r\u00e9trograd\u00e9 en Ligue 2, un an seulement apr\u00e8s avoir retrouv\u00e9 l\u2019\u00e9lite.\u00a0<\/p>\n<p>L\u2019Olympique Lyonnais vainqueur d\u2019Angers, arrache un ticket europ\u00e9en<\/p>\n<p>Top 14 : le LOU s\u2019est inclin\u00e9 face au Stade Fran\u00e7ais. Maintien assur\u00e9 \u00e0 deux journ\u00e9es de la fin.<\/p>\n<p>Vainqueur de Dijon, l\u2019ASVEL retrouvera la JDA ou l\u2019Elan Chalonnais au premier tour des play offs.<\/p>\n<p>Retour sur le <strong>premier d\u00e9fil\u00e9 de mode inclusif<\/strong> <strong><a href=\"https:\/\/every-bodies.fr\/\" target=\"_blank\" rel=\"noreferrer noopener\">Every Bodies<\/a><\/strong>, \u00e0 la Salle Raphael de Barros \u00e0 Villeurbanne<\/p>\n<p>Nos invit\u00e9s : les mannequines <strong>Andr\u00e9a et Hippolyte<\/strong>, la directrice de l\u2019\u00e9cole de mode ESMOD, <strong>Nathalie Albr\u00e8gue<\/strong>, le couturier, <strong>Nicolas Fafiotte<\/strong> et la pr\u00e9sidente de l\u2019association PIH (Premi\u00e8rement : Inclusion et humanit\u00e9), <strong>B\u00e9atrice Moderne<\/strong>,<\/p>\n<blockquote class=\"instagram-media\" data-instgrm-captioned=\"\" data-instgrm-permalink=\"https:\/\/www.instagram.com\/reel\/DJyR7BLIBvI\/?utm_source=ig_embed&amp;utm_campaign=loading\" data-instgrm-version=\"14\" style=\" background:#FFF; border:0; border-radius:3px; box-shadow:0 0 1px 0 rgba(0,0,0,0.5),0 1px 10px 0 rgba(0,0,0,0.15); margin: 1px; max-width:540px; min-width:326px; padding:0; width:99.375%; width:-webkit-calc(100% - 2px); width:calc(100% - 2px);\"\/>\n<p>Ecoutez aussi : <a href=\"https:\/\/www.lyondemain.fr\/antoine-durand-handicap\/\" target=\"_blank\" rel=\"noreferrer noopener\">Antoine Durand : \u00ab\u00a0Le handicap n\u2019est pas une barri\u00e8re\u00a0\u00bb<\/a><\/p>\n<p>Dans cette \u00e9dition, focus sur une enqu\u00eate autour du v\u00e9lo en ville<\/p>\n<p>Cette enqu\u00eate, devenue une r\u00e9f\u00e9rence en mati\u00e8re d\u2019<strong>\u00e9valuation des conditions de circulation \u00e0 v\u00e9lo<\/strong>, offre aux cyclistes \u2013 r\u00e9guliers ou occasionnels \u2013 une opportunit\u00e9 de faire entendre leur voix. Vous avez jusqu\u2019au 2 juin\u2026<\/p>\n<p>Retour sur un d\u00e9fil\u00e9 de mode qui marquera l\u2019Histoire\u2026<\/p>\n<p>Le <strong>premier d\u00e9fil\u00e9 de mode inclusif<\/strong> <strong>Every Bodies<\/strong> a rassembl\u00e9 1000 spectateurs ce week-end, \u00e0 <strong>Villeurbanne<\/strong>. Une seconde \u00e9dition trotte d\u00e9j\u00e0 dans toutes les t\u00eates.<\/p>\n<p>Ecoutez aussi : <a href=\"https:\/\/www.lyondemain.fr\/actualite-de-ce-vendredi-16-mai-lyon-info-compagnie-albert-claquemure\/\" target=\"_blank\" rel=\"noreferrer noopener\">Toute l\u2019actualit\u00e9 de ce vendredi 16 mai 2025 \u00e0 Lyon<\/a><\/p>\n<p><img fetchpriority=\"high\" decoding=\"async\" width=\"1200\" height=\"675\" src=\"https:\/\/www.europesays.com\/fr\/wp-content\/uploads\/2025\/05\/actualite-de-ce-lundi-19-mai-2025.jpg\" alt=\"actualit\u00e9 de ce lundi 19 mai 2025 info \u00e0 Lyon\" class=\"wp-image-249486\"  \/>Retrouvez aussi le Quart d\u2019Heure Lyonnais de Lyon Demain sur les antennes de Radio Pluriel (Lyon). Radio Salam (Lyon, Saint-Etienne et Bourg) et Radio Arm\u00e9nie (Lyon et Vienne)<br \/>\nJ\u2019aime \u00e7a\u00a0:<\/p>\n<p>J\u2019aime chargement\u2026<\/p>\n<p><a class=\"sd-link-color\"\/><\/p>\n<p>\n\tArticles similaires\n<\/p>\n<p>\t\t\t\t<img decoding=\"async\" src=\"https:\/\/www.europesays.com\/fr\/wp-content\/uploads\/2025\/05\/1747640710_173_7866158698e17e8ed633c05e8f8e7fe5d9e057ad78661c4dc34e413abb6b9f19\" alt=\"G\u00e9rald Bouchon\"\/><\/p>\n<p>Pionnier des radios libres, passionn\u00e9 de radio, journaliste et dirigeant de m\u00e9dias \u00e9co-responsables..<\/p>\n<p>\t\t\t<script async src=\"\/\/www.instagram.com\/embed.js\"><\/script><\/p>\n","protected":false},"excerpt":{"rendered":"A la une de l\u2019info \u00e0 Lyon : Laurent Wauquiez grand perdant, l\u2019avenir des familles h\u00e9berg\u00e9es \u00e0 l\u2019\u00e9cole&hellip;\n","protected":false},"author":2,"featured_media":111216,"comment_status":"","ping_status":"","sticky":false,"template":"","format":"standard","meta":{"footnotes":""},"categories":[1889],"tags":[1111,11,461,2190,2430,23028,6313,4079,23029,1777,674,23030,5341,1011,27,23031,1943,15498,23032,5639,6319,12589,2428,23033,12,978,25,3229,208,23034],"class_list":{"0":"post-111215","1":"post","2":"type-post","3":"status-publish","4":"format-standard","5":"has-post-thumbnail","7":"category-lyon","8":"tag-actu","9":"tag-actualites","10":"tag-asse","11":"tag-asvel","12":"tag-auvergne-rhone-alpes","13":"tag-beatrice-moderne","14":"tag-cimetiere","15":"tag-defile-de-mode","16":"tag-ecole-gilibert","17":"tag-eu","18":"tag-europe","19":"tag-every-bodies","20":"tag-expulsions","21":"tag-fr","22":"tag-france","23":"tag-funeraire","24":"tag-handicap","25":"tag-inclusion","26":"tag-la-ville-a-velo","27":"tag-laurent-wauquiez","28":"tag-les-republicains","29":"tag-lou-rugby","30":"tag-lyon","31":"tag-nathalie-albregue","32":"tag-news","33":"tag-olympique-lyonnais","34":"tag-republique-francaise","35":"tag-retailleau","36":"tag-velo","37":"tag-villes-cyclables"},"share_on_mastodon":{"url":"https:\/\/pubeurope.com\/@fr\/114533389075430072","error":""},"_links":{"self":[{"href":"https:\/\/www.europesays.com\/fr\/wp-json\/wp\/v2\/posts\/111215","targetHints":{"allow":["GET"]}}],"collection":[{"href":"https:\/\/www.europesays.com\/fr\/wp-json\/wp\/v2\/posts"}],"about":[{"href":"https:\/\/www.europesays.com\/fr\/wp-json\/wp\/v2\/types\/post"}],"author":[{"embeddable":true,"href":"https:\/\/www.europesays.com\/fr\/wp-json\/wp\/v2\/users\/2"}],"replies":[{"embeddable":true,"href":"https:\/\/www.europesays.com\/fr\/wp-json\/wp\/v2\/comments?post=111215"}],"version-history":[{"count":0,"href":"https:\/\/www.europesays.com\/fr\/wp-json\/wp\/v2\/posts\/111215\/revisions"}],"wp:featuredmedia":[{"embeddable":true,"href":"https:\/\/www.europesays.com\/fr\/wp-json\/wp\/v2\/media\/111216"}],"wp:attachment":[{"href":"https:\/\/www.europesays.com\/fr\/wp-json\/wp\/v2\/media?parent=111215"}],"wp:term":[{"taxonomy":"category","embeddable":true,"href":"https:\/\/www.europesays.com\/fr\/wp-json\/wp\/v2\/categories?post=111215"},{"taxonomy":"post_tag","embeddable":true,"href":"https:\/\/www.europesays.com\/fr\/wp-json\/wp\/v2\/tags?post=111215"}],"curies":[{"name":"wp","href":"https:\/\/api.w.org\/{rel}","templated":true}]}}