{"id":111219,"date":"2025-05-19T07:47:09","date_gmt":"2025-05-19T07:47:09","guid":{"rendered":"https:\/\/www.europesays.com\/fr\/111219\/"},"modified":"2025-05-19T07:47:09","modified_gmt":"2025-05-19T07:47:09","slug":"voici-ladresse-pour-le-deguster-et-vous-regaler","status":"publish","type":"post","link":"https:\/\/www.europesays.com\/fr\/111219\/","title":{"rendered":"voici l&rsquo;adresse pour le d\u00e9guster et vous r\u00e9galer"},"content":{"rendered":"<p>\n        En ce printemps 2025, un restaurateur vient de se distinguer pour son couscous, \u00e9lu meilleur de Paris et d\u2019\u00cele-de-France. D\u00e9couvrez o\u00f9 son \u00e9tablissement se trouve exactement.    <\/p>\n<p class=\"standard\">Un couscous s\u2019appr\u00e9cie toujours, peu importe la saison. Gourmand, g\u00e9n\u00e9reux et garni de viandes et de l\u00e9gumes, ce plat oriental met <strong>tout le monde d\u2019accord<\/strong>. Alors, si vous habitez ou si vous \u00eates de passage \u00e0 Paris ou en r\u00e9gion \u00cele-de-France, une adresse qui cuisine du couscous vaut vraiment le d\u00e9tour. <\/p>\n<p class=\"standard\">En effet, le restaurant Darkoum vient de recevoir ce prix de la part de la cheffe Choumicha et du chef Kimo Marocain, de l\u2019Institut du Monde Arabe. D\u00e9couvrez tout de suite l\u2019adresse de ce <strong>restaurant d\u2019excellence<\/strong> ! <\/p>\n<p>Darkoum, ce restaurant du 14\u00e8me arrondissement sert le meilleur couscous de Paris <\/p>\n<p class=\"standard\">Le fameux restaurant dont <a href=\"https:\/\/www.marmiton.org\/recettes\/recette_couscous-poulet-et-merguez-facile_17751.aspx\" target=\"_blank\" rel=\"noopener\">le couscous<\/a> vient d\u2019\u00eatre \u00e9lu <strong>meilleur de Paris et de la r\u00e9gion \u00cele-de-France<\/strong> se nomme Darkoum. Vous pourrez vous rendre dans l\u2019\u00e9tablissement et profiter de ce plat typiquement oriental au 17 Rue Daguerre, dans le 14\u00e8me arrondissement de Paris.  <\/p>\n<p>La suite apr\u00e8s cette publicit\u00e9<\/p>\n<p class=\"standard\">C\u2019est l\u2019auteur de la cha\u00eene YouTube <a href=\"https:\/\/youtu.be\/ApFt3VPyWKc?si=nLJuB14ffwhJpCn8\" rel=\"noopener noreferrer nofollow\" target=\"_blank\">Paname in My Belly<\/a>, regroupant quelque 29 000 abonn\u00e9s, qui est parti visiter cet endroit hors du temps, <strong>aux couleurs orientales<\/strong>. Un restaurant unique qui est g\u00e9r\u00e9 par Jamel, \u00ab un Marocain avec trente ans de m\u00e9tiers \u00bb, pr\u00e9cise le narrateur de la vid\u00e9o.<\/p>\n<p class=\"standard\">Ce dernier est conquis par Jamel, par sa personnalit\u00e9 et surtout par <strong>ses talents<\/strong> de cuisinier. \u00ab Jamel, il a de l\u2019or entre les mains, car en plus d\u2019\u00eatre dr\u00f4le et attachant, il sait surtout cuisiner <strong>les sp\u00e9cialit\u00e9s<\/strong> de son pays avec talent et avec beaucoup d\u2019amour \u00bb, s\u2019enthousiasme l\u2019auteur de la vid\u00e9o. <\/p>\n<p>Au Darkoum, de multiples recettes orientales mises \u00e0 l\u2019honneur <\/p>\n<p class=\"standard\">Les recettes de Jamel sont si appr\u00e9ci\u00e9es \u00e0 Paris que de nombreux clients lui commandent des <a href=\"https:\/\/www.marmiton.org\/recettes\/recette_tajine-de-poulet-a-la-marocaine_51613.aspx\" target=\"_blank\" rel=\"noopener\">tajines<\/a> et des couscous au <strong>format XXL<\/strong> pour les grandes occasions, telles que les mariages. En effet, on ne cuisine pas uniquement le couscous, au Darkoum. <\/p>\n<p>La suite apr\u00e8s cette publicit\u00e9<\/p>\n<p class=\"standard\">Jamel propose, par exemple, le <strong>tajine kefta<\/strong>, cuit \u00e0 la braise, dans un four typiquement marocain. On peut aussi y d\u00e9guster du tajine \u00e0 l\u2019agneau et aux pruneaux, un <strong>poulet au citron confit<\/strong>, <a href=\"https:\/\/www.marmiton.org\/recettes\/recette_bricks-au-chevre-frais-et-a-la-tapenade_11567.aspx\" target=\"_blank\" rel=\"noopener\">des bricks<\/a> et de la pastilla. <\/p>\n<p class=\"standard\">En bref, si vous d\u00e9sirez vous rendre au Darkoum, vous aurez la chance de go\u00fbter le meilleur couscous de Paris, mais aussi <strong>tous les classiques<\/strong> de la cuisine marocaine. Et ceci dans un seul restaurant ! D\u2019ailleurs, le succ\u00e8s de l\u2019\u00e9tablissement est tel que Jamel vient d\u2019ouvrir <strong>un second \u00e9tablissement<\/strong>. Celui-ci se trouve dans le 19\u00e8me arrondissement de Paris. <\/p>\n<p class=\"standard\"><strong>\u00c0 lire aussi :<\/strong>\n<\/p>\n<p>La suite apr\u00e8s cette publicit\u00e9<\/p>\n<p>    <a href=\"https:\/\/www.marmiton.org\/author\/28344\" target=\"_blank\" rel=\"noopener\"><br \/>\n        <img loading=\"lazy\" decoding=\"async\" src=\"https:\/\/www.europesays.com\/fr\/wp-content\/uploads\/2025\/05\/default_s50.png\" width=\"50\" height=\"50\" alt=\"In\u00e8s Guiza\"\/><br \/>\n    <\/a><\/p>\n<p>            Journaliste\n    <\/p>\n<p>Dipl\u00f4m\u00e9e de l\u2019\u00e9cole de journalisme de Strasbourg depuis quatre ans, je m\u2019attache \u00e0 mettre tout mon s\u00e9rieux et toute ma rigueur dans la r\u00e9daction de mes articles. Et puisque je \u2026<\/p>\n","protected":false},"excerpt":{"rendered":"En ce printemps 2025, un restaurateur vient de se distinguer pour son couscous, \u00e9lu meilleur de Paris et&hellip;\n","protected":false},"author":2,"featured_media":111220,"comment_status":"","ping_status":"","sticky":false,"template":"","format":"standard","meta":{"footnotes":""},"categories":[1592],"tags":[1111,11,8263,23035,1777,674,1011,27,662,23036,12,626,13113,25,2923],"class_list":{"0":"post-111219","1":"post","2":"type-post","3":"status-publish","4":"format-standard","5":"has-post-thumbnail","7":"category-ile-de-france","8":"tag-actu","9":"tag-actualites","10":"tag-actus-food","11":"tag-couscous","12":"tag-eu","13":"tag-europe","14":"tag-fr","15":"tag-france","16":"tag-ile-de-france","17":"tag-mieux-manger","18":"tag-news","19":"tag-paris","20":"tag-recette-de-chef","21":"tag-republique-francaise","22":"tag-restaurants"},"share_on_mastodon":{"url":"https:\/\/pubeurope.com\/@fr\/114533396861612529","error":""},"_links":{"self":[{"href":"https:\/\/www.europesays.com\/fr\/wp-json\/wp\/v2\/posts\/111219","targetHints":{"allow":["GET"]}}],"collection":[{"href":"https:\/\/www.europesays.com\/fr\/wp-json\/wp\/v2\/posts"}],"about":[{"href":"https:\/\/www.europesays.com\/fr\/wp-json\/wp\/v2\/types\/post"}],"author":[{"embeddable":true,"href":"https:\/\/www.europesays.com\/fr\/wp-json\/wp\/v2\/users\/2"}],"replies":[{"embeddable":true,"href":"https:\/\/www.europesays.com\/fr\/wp-json\/wp\/v2\/comments?post=111219"}],"version-history":[{"count":0,"href":"https:\/\/www.europesays.com\/fr\/wp-json\/wp\/v2\/posts\/111219\/revisions"}],"wp:featuredmedia":[{"embeddable":true,"href":"https:\/\/www.europesays.com\/fr\/wp-json\/wp\/v2\/media\/111220"}],"wp:attachment":[{"href":"https:\/\/www.europesays.com\/fr\/wp-json\/wp\/v2\/media?parent=111219"}],"wp:term":[{"taxonomy":"category","embeddable":true,"href":"https:\/\/www.europesays.com\/fr\/wp-json\/wp\/v2\/categories?post=111219"},{"taxonomy":"post_tag","embeddable":true,"href":"https:\/\/www.europesays.com\/fr\/wp-json\/wp\/v2\/tags?post=111219"}],"curies":[{"name":"wp","href":"https:\/\/api.w.org\/{rel}","templated":true}]}}