{"id":111223,"date":"2025-05-19T07:49:09","date_gmt":"2025-05-19T07:49:09","guid":{"rendered":"https:\/\/www.europesays.com\/fr\/111223\/"},"modified":"2025-05-19T07:49:09","modified_gmt":"2025-05-19T07:49:09","slug":"plusieurs-centaines-de-taxis-manifestent-au-coeur-de-paris-actualites","status":"publish","type":"post","link":"https:\/\/www.europesays.com\/fr\/111223\/","title":{"rendered":"Plusieurs centaines de taxis manifestent au coeur de Paris : Actualit\u00e9s"},"content":{"rendered":"<p class=\"lead \">Plusieurs centaines de taxis bloquaient le boulevard Raspail lundi \u00e0 Paris, pr\u00e8s du minist\u00e8re des Transports, pour protester contre les nouvelles conditions tarifaires du transport sanitaire et la concurrence des VTC, a constat\u00e9 un journaliste de l&rsquo;AFP.<\/p>\n<p class=\"lead \">\u00ab\u00a0C&rsquo;est ici que se prennent les plus grosses d\u00e9cisions, il faut qu&rsquo;on se montre\u00a0\u00bb, a d\u00e9clar\u00e9 Claude Voltzenlogel, 48 ans. <\/p>\n<p class=\"lead \">Cet artisan taxi du Bas-Rhin est parti de Strasbourg vers minuit en convoi avec une vingtaine de coll\u00e8gues. \u00ab\u00a0On restera plusieurs jours s&rsquo;il le faut. On pr\u00e9f\u00e8re perdre une semaine de chiffre d&rsquo;affaires que perdre nos entreprises\u00a0\u00bb, a-t-il soulign\u00e9. <\/p>\n<p class=\"lead \">Il craint de perdre jusqu&rsquo;\u00e0 18% de son chiffre d&rsquo;affaires avec la nouvelle tarification de l&rsquo;Assurance maladie.<\/p>\n<p class=\"lead \">Les taxis sont appel\u00e9s \u00e0 manifester de nouveau lundi par une intersyndicale \u00e0 travers toute la France, notamment \u00e0 Paris et Pau, ville du Premier ministre Fran\u00e7ois Bayrou, pour protester contre un projet de nouvelle tarification impos\u00e9e par l&rsquo;Assurance maladie sur les transports de malades aux chauffeurs conventionn\u00e9s.<\/p>\n<p class=\"lead \">De nombreux taxis manifestent aussi contre la concurrence des v\u00e9hicules de tourisme avec chauffeur (VTC), coordonn\u00e9s par des plateformes comme Uber. Ils demandent l&rsquo;application des lois limitant l&rsquo;activit\u00e9 des VTC.<\/p>\n<p class=\"lead \">\u00ab\u00a0Nous ne partirons pas tant que nous n&rsquo;aurons pas obtenu le retrait de cette convention\u00a0\u00bb, a lanc\u00e9 lundi matin Emmanuelle Cordier, pr\u00e9sidente de la F\u00e9d\u00e9ration nationale du taxi (FNDT).<\/p>\n<p class=\"lead \">\u00ab\u00a0\u00c7a fait des semaines qu&rsquo;on pr\u00e9vient Matignon (&#8230;). On demande \u00e0 \u00eatre re\u00e7us par les ministres de tutelle (Transports, Int\u00e9rieur, Sant\u00e9&#8230;) et pas par leurs porte-gobelets\u00a0\u00bb, a-t-elle soulign\u00e9. <\/p>\n<p class=\"lead \">La nouvelle tarification, qui doit encore \u00eatre approuv\u00e9e par le gouvernement, doit entrer en vigueur le 1er octobre, selon l&rsquo;Assurance maladie.<\/p>\n<p class=\"lead \">L&rsquo;objectif est de contr\u00f4ler la croissance de la d\u00e9pense de transports sanitaires, qui s&rsquo;est \u00e9lev\u00e9e \u00e0 6,74 milliards d&rsquo;euros en 2024, dont 3,07 milliards pour les taxis conventionn\u00e9s (+45% depuis 2019).<\/p>\n<p class=\"lead \">Les taxis seront r\u00e9mun\u00e9r\u00e9s sur la base d&rsquo;un forfait de prise en charge et d&rsquo;une tarification kilom\u00e9trique align\u00e9e sur le tarif fix\u00e9 dans chaque d\u00e9partement.<\/p>\n<p class=\"lead \">Aujourd&rsquo;hui environ 85% des taxis font du transport conventionn\u00e9 de malades, certains pouvant r\u00e9aliser 90% de leurs revenus par ce moyen, notamment en milieu rural, selon M. Buisson.<\/p>\n<p class=\"lead \">Le secteur se dit pr\u00eat \u00e0 discuter, notamment du transport partag\u00e9 et de \u00ab\u00a0l&rsquo;optimisation des co\u00fbts\u00a0\u00bb. Mais il demande le gel du projet actuel, selon lui d\u00e9fini unilat\u00e9ralement, ne prenant pas en compte par exemple les variations des temps de trajet.<\/p>\n<p class=\"small font-weight-bold text-gray3 \"> publi\u00e9 le 19 mai \u00e0 09h07, AFP<\/p>\n<p>                             Partager<\/p>\n","protected":false},"excerpt":{"rendered":"Plusieurs centaines de taxis bloquaient le boulevard Raspail lundi \u00e0 Paris, pr\u00e8s du minist\u00e8re des Transports, pour protester&hellip;\n","protected":false},"author":2,"featured_media":111224,"comment_status":"","ping_status":"","sticky":false,"template":"","format":"standard","meta":{"footnotes":""},"categories":[1888],"tags":[1111,1928,11,1927,1777,674,1011,27,17654,2088,12,1926,626,1925,25,585,801,13430,2803],"class_list":{"0":"post-111223","1":"post","2":"type-post","3":"status-publish","4":"format-standard","5":"has-post-thumbnail","7":"category-paris","8":"tag-actu","9":"tag-actu-paris","10":"tag-actualites","11":"tag-actualites-paris","12":"tag-eu","13":"tag-europe","14":"tag-fr","15":"tag-france","16":"tag-grves","17":"tag-manifestation","18":"tag-news","19":"tag-news-paris","20":"tag-paris","21":"tag-paris-news","22":"tag-republique-francaise","23":"tag-sant","24":"tag-social","25":"tag-taxi","26":"tag-transport"},"share_on_mastodon":{"url":"https:\/\/pubeurope.com\/@fr\/114533404712544200","error":""},"_links":{"self":[{"href":"https:\/\/www.europesays.com\/fr\/wp-json\/wp\/v2\/posts\/111223","targetHints":{"allow":["GET"]}}],"collection":[{"href":"https:\/\/www.europesays.com\/fr\/wp-json\/wp\/v2\/posts"}],"about":[{"href":"https:\/\/www.europesays.com\/fr\/wp-json\/wp\/v2\/types\/post"}],"author":[{"embeddable":true,"href":"https:\/\/www.europesays.com\/fr\/wp-json\/wp\/v2\/users\/2"}],"replies":[{"embeddable":true,"href":"https:\/\/www.europesays.com\/fr\/wp-json\/wp\/v2\/comments?post=111223"}],"version-history":[{"count":0,"href":"https:\/\/www.europesays.com\/fr\/wp-json\/wp\/v2\/posts\/111223\/revisions"}],"wp:featuredmedia":[{"embeddable":true,"href":"https:\/\/www.europesays.com\/fr\/wp-json\/wp\/v2\/media\/111224"}],"wp:attachment":[{"href":"https:\/\/www.europesays.com\/fr\/wp-json\/wp\/v2\/media?parent=111223"}],"wp:term":[{"taxonomy":"category","embeddable":true,"href":"https:\/\/www.europesays.com\/fr\/wp-json\/wp\/v2\/categories?post=111223"},{"taxonomy":"post_tag","embeddable":true,"href":"https:\/\/www.europesays.com\/fr\/wp-json\/wp\/v2\/tags?post=111223"}],"curies":[{"name":"wp","href":"https:\/\/api.w.org\/{rel}","templated":true}]}}