{"id":111229,"date":"2025-05-19T07:54:09","date_gmt":"2025-05-19T07:54:09","guid":{"rendered":"https:\/\/www.europesays.com\/fr\/111229\/"},"modified":"2025-05-19T07:54:09","modified_gmt":"2025-05-19T07:54:09","slug":"un-sdf-retrouve-mort-au-forum-des-halles","status":"publish","type":"post","link":"https:\/\/www.europesays.com\/fr\/111229\/","title":{"rendered":"un SDF retrouv\u00e9 mort au forum des Halles"},"content":{"rendered":"<p>Les agents de s\u00e9curit\u00e9 du centre commercial ont d\u00e9couvert ce dimanche le corps d\u2019un homme pr\u00e9sentant une \u00abd\u00e9formation suspecte\u00bb au niveau du visage. Une enqu\u00eate criminelle a \u00e9t\u00e9 ouverte.<\/p>\n<p class=\"fig-paragraph\">Un homme sans domicile fixe a \u00e9t\u00e9 retrouv\u00e9 mort ce dimanche au forum des Halles, au centre de Paris. Une enqu\u00eate criminelle a \u00e9t\u00e9 ouverte, a-t-on appris lundi de source polici\u00e8re.<\/p>\n<p class=\"fig-paragraph\">Les agents de s\u00e9curit\u00e9 du forum ont d\u00e9couvert le corps d&rsquo;un homme, le pantalon baiss\u00e9 sur les chevilles, pr\u00e9sentant une \u00abd\u00e9formation suspecte\u00bb au niveau du visage, explique cette source. Selon cette derni\u00e8re, des \u00e9claboussures de sang maculaient les murs, jusque dans les escaliers,<\/p>\n<p class=\"fig-paragraph\">Une veste a \u00e9t\u00e9 retrouv\u00e9e \u00e0 proximit\u00e9 du corps, pr\u00e9sentant \u00e9galement de nombreuses taches de sang. La brigade criminelle a \u00e9t\u00e9 saisie de l&rsquo;enqu\u00eate.<\/p>\n","protected":false},"excerpt":{"rendered":"Les agents de s\u00e9curit\u00e9 du centre commercial ont d\u00e9couvert ce dimanche le corps d\u2019un homme pr\u00e9sentant une \u00abd\u00e9formation&hellip;\n","protected":false},"author":2,"featured_media":111230,"comment_status":"","ping_status":"","sticky":false,"template":"","format":"standard","meta":{"footnotes":""},"categories":[1888],"tags":[119,11,3694,271,2951,3695,1777,674,3696,118,1011,27,2825,1253,303,12,626,1072,2694,25,3910,2949],"class_list":{"0":"post-111229","1":"post","2":"type-post","3":"status-publish","4":"format-standard","5":"has-post-thumbnail","7":"category-paris","8":"tag-accident","9":"tag-actualites","10":"tag-affaires","11":"tag-crime","12":"tag-criminalite","13":"tag-enquetes","14":"tag-eu","15":"tag-europe","16":"tag-evenements","17":"tag-faits-divers","18":"tag-fr","19":"tag-france","20":"tag-insecurite","21":"tag-islamisme","22":"tag-justice","23":"tag-news","24":"tag-paris","25":"tag-police","26":"tag-proces","27":"tag-republique-francaise","28":"tag-sdf","29":"tag-violences"},"share_on_mastodon":{"url":"https:\/\/pubeurope.com\/@fr\/114533424388992732","error":""},"_links":{"self":[{"href":"https:\/\/www.europesays.com\/fr\/wp-json\/wp\/v2\/posts\/111229","targetHints":{"allow":["GET"]}}],"collection":[{"href":"https:\/\/www.europesays.com\/fr\/wp-json\/wp\/v2\/posts"}],"about":[{"href":"https:\/\/www.europesays.com\/fr\/wp-json\/wp\/v2\/types\/post"}],"author":[{"embeddable":true,"href":"https:\/\/www.europesays.com\/fr\/wp-json\/wp\/v2\/users\/2"}],"replies":[{"embeddable":true,"href":"https:\/\/www.europesays.com\/fr\/wp-json\/wp\/v2\/comments?post=111229"}],"version-history":[{"count":0,"href":"https:\/\/www.europesays.com\/fr\/wp-json\/wp\/v2\/posts\/111229\/revisions"}],"wp:featuredmedia":[{"embeddable":true,"href":"https:\/\/www.europesays.com\/fr\/wp-json\/wp\/v2\/media\/111230"}],"wp:attachment":[{"href":"https:\/\/www.europesays.com\/fr\/wp-json\/wp\/v2\/media?parent=111229"}],"wp:term":[{"taxonomy":"category","embeddable":true,"href":"https:\/\/www.europesays.com\/fr\/wp-json\/wp\/v2\/categories?post=111229"},{"taxonomy":"post_tag","embeddable":true,"href":"https:\/\/www.europesays.com\/fr\/wp-json\/wp\/v2\/tags?post=111229"}],"curies":[{"name":"wp","href":"https:\/\/api.w.org\/{rel}","templated":true}]}}