{"id":11123,"date":"2025-04-08T20:56:14","date_gmt":"2025-04-08T20:56:14","guid":{"rendered":"https:\/\/www.europesays.com\/fr\/11123\/"},"modified":"2025-04-08T20:56:14","modified_gmt":"2025-04-08T20:56:14","slug":"le-spectaculaire-incendie-dun-centre-de-dechets-dans-le-nord-de-paris-circonscrit","status":"publish","type":"post","link":"https:\/\/www.europesays.com\/fr\/11123\/","title":{"rendered":"Le spectaculaire incendie d\u2019un centre de d\u00e9chets dans le nord de Paris circonscrit"},"content":{"rendered":"<p>Il faudra encore plusieurs heures avant que le feu, qui n\u2019a pas touch\u00e9 les b\u00e2timents alentour, soit compl\u00e8tement \u00e9teint, ont pr\u00e9cis\u00e9 mardi 8\u00a0avril 2025 les pompiers. Un incendie, film\u00e9 par de nombreux passants, a provoqu\u00e9 un impressionnant nuage de fum\u00e9e dans le ciel d\u00e9gag\u00e9 de la capitale.<\/p>\n<p>Le feu, qui s\u2019est d\u00e9clar\u00e9 lundi 7\u00a0avril vers 20\u00a0h, a ravag\u00e9 des locaux du Syctom, le service public de traitement et de valorisation des d\u00e9chets m\u00e9nagers de 82 communes en \u00cele-de-France. De nombreuses vid\u00e9os, prises par des automobilistes depuis le p\u00e9riph\u00e9rique ou des passants, montraient les locaux d\u00e9truits par les flammes.<\/p>\n<p>\u00ab\u00a0Une grande partie du b\u00e2timent s\u2019est effondr\u00e9e sur elle-m\u00eame\u00a0\u00bb, ont ajout\u00e9 les pompiers. \u00ab\u00a0Les employ\u00e9s du centre de tri ont \u00e9t\u00e9 \u00e9vacu\u00e9s et, \u00e0 ce stade, aucun bless\u00e9 n\u2019est \u00e0 d\u00e9plorer\u00a0\u00bb, a assur\u00e9 une source polici\u00e8re. \u00ab\u00a0Il n\u2019y a aucun bilan humain, il n\u2019y a pas de victimes\u00a0\u00bb, a par la suite confirm\u00e9 le pr\u00e9fet de police de Paris, Laurent Nu\u00f1ez. \u00ab\u00a0On a engag\u00e9 45 engins et 180 effectifs militaires de la brigade des sapeurs-pompiers et on a eu huit lances en activit\u00e9. [\u2026] Il y a eu un effondrement \u00e0 l\u2019int\u00e9rieur du b\u00e2timent\u00a0\u00bb, a-t-il poursuivi.<\/p>\n<p>\u00ab\u00a0Pour l\u2019instant, on ne d\u00e9tecte aucune toxicit\u00e9\u00a0\u00bb<\/p>\n<p>La brigade de sapeurs-pompiers de Paris a invit\u00e9 les habitants du secteur, entre l\u2019avenue de Clichy, le boulevard p\u00e9riph\u00e9rique, la rue de Saussure et la rue Cardinet, \u00e0 rester chez eux, maintenir les fen\u00eatres ferm\u00e9es et \u00e0 appeler le 18 en cas de difficult\u00e9s respiratoires. \u00ab\u00a0Pour l\u2019instant, on ne d\u00e9tecte aucune toxicit\u00e9. De ce point de vue, les nouvelles sont assez rassurantes mais on a quand m\u00eame d\u00e9fini un p\u00e9rim\u00e8tre par pr\u00e9caution\u00a0\u00bb, a expliqu\u00e9 le pr\u00e9fet de police.<\/p>\n<p>Un important p\u00e9rim\u00e8tre de s\u00e9curit\u00e9, entra\u00eenant la fermeture du p\u00e9riph\u00e9rique int\u00e9rieur entre porte de Champerret et porte d\u2019Asni\u00e8res, et celle du p\u00e9riph\u00e9rique ext\u00e9rieur de porte de la Chapelle \u00e0 porte de Champerret, a \u00e9t\u00e9 mis en place par les services de police.<\/p>\n<p>Le maire de l\u2019arrondissement, Geoffroy Boulard (LR), a indiqu\u00e9 sur BFMTV que la circulation avait \u00e9t\u00e9 coup\u00e9e dans les deux sens sur le p\u00e9riph\u00e9rique \u00ab\u00a0pour permettre l\u2019acheminement des pompiers\u00a0\u00bb. \u00ab\u00a0L\u2019incendie a entra\u00een\u00e9 un effondrement au sein du b\u00e2timent et puis il y a un certain nombre de bouteilles de gaz, \u00e0 l\u2019int\u00e9rieur du site, dont certaines ont explos\u00e9\u00a0\u00bb, a encore d\u00e9taill\u00e9 Laurent Nu\u00f1ez.\u00a0L\u2019incendie a touch\u00e9 \u00ab\u00a0uniquement ce b\u00e2timent\u00a0\u00bb, sans \u00ab\u00a0propagation\u00a0\u00bb \u00e0 d\u2019autres installations alentour, selon le maire de l\u2019arrondissement.<\/p>\n<p>\u00ab\u00a0On ne d\u00e9plore ni mort ni bless\u00e9s\u00a0\u00bb, a soulign\u00e9 le pr\u00e9sident du Syctom Corentin Duprey, ajoutant que \u00ab\u00a031 personnes \u00e9taient sur site au moment o\u00f9 \u00e7a s\u2019est d\u00e9clar\u00e9\u00a0\u00bb.\u00a0Le b\u00e2timent fait 12.000\u00a0m2, \u00ab\u00a0il est en train de br\u00fbler dans son enti\u00e8ret\u00e9\u00a0\u00bb, a-t-il d\u00e9plor\u00e9.\u00a0Le Syctom g\u00e8re cinq centres de tri de ce type dans la m\u00e9tropole du Grand Paris et \u00ab\u00a0les d\u00e9parts de feu sont tr\u00e8s fr\u00e9quents\u00a0\u00bb, selon lui.<\/p>\n","protected":false},"excerpt":{"rendered":"Il faudra encore plusieurs heures avant que le feu, qui n\u2019a pas touch\u00e9 les b\u00e2timents alentour, soit compl\u00e8tement&hellip;\n","protected":false},"author":2,"featured_media":11124,"comment_status":"","ping_status":"","sticky":false,"template":"","format":"standard","meta":{"footnotes":""},"categories":[1888],"tags":[328,11,1777,674,274,1011,27,329,5383,12,626,25],"class_list":{"0":"post-11123","1":"post","2":"type-post","3":"status-publish","4":"format-standard","5":"has-post-thumbnail","7":"category-paris","8":"tag-a-la-une","9":"tag-actualites","10":"tag-eu","11":"tag-europe","12":"tag-faits-divers-justice","13":"tag-fr","14":"tag-france","15":"tag-france-monde","16":"tag-incendies","17":"tag-news","18":"tag-paris","19":"tag-republique-francaise"},"share_on_mastodon":{"url":"https:\/\/pubeurope.com\/@fr\/114304344628594953","error":""},"_links":{"self":[{"href":"https:\/\/www.europesays.com\/fr\/wp-json\/wp\/v2\/posts\/11123","targetHints":{"allow":["GET"]}}],"collection":[{"href":"https:\/\/www.europesays.com\/fr\/wp-json\/wp\/v2\/posts"}],"about":[{"href":"https:\/\/www.europesays.com\/fr\/wp-json\/wp\/v2\/types\/post"}],"author":[{"embeddable":true,"href":"https:\/\/www.europesays.com\/fr\/wp-json\/wp\/v2\/users\/2"}],"replies":[{"embeddable":true,"href":"https:\/\/www.europesays.com\/fr\/wp-json\/wp\/v2\/comments?post=11123"}],"version-history":[{"count":0,"href":"https:\/\/www.europesays.com\/fr\/wp-json\/wp\/v2\/posts\/11123\/revisions"}],"wp:featuredmedia":[{"embeddable":true,"href":"https:\/\/www.europesays.com\/fr\/wp-json\/wp\/v2\/media\/11124"}],"wp:attachment":[{"href":"https:\/\/www.europesays.com\/fr\/wp-json\/wp\/v2\/media?parent=11123"}],"wp:term":[{"taxonomy":"category","embeddable":true,"href":"https:\/\/www.europesays.com\/fr\/wp-json\/wp\/v2\/categories?post=11123"},{"taxonomy":"post_tag","embeddable":true,"href":"https:\/\/www.europesays.com\/fr\/wp-json\/wp\/v2\/tags?post=11123"}],"curies":[{"name":"wp","href":"https:\/\/api.w.org\/{rel}","templated":true}]}}