{"id":1112304,"date":"2026-08-06T21:11:52","date_gmt":"2026-08-06T21:11:52","guid":{"rendered":"https:\/\/www.europesays.com\/fr\/1112304\/"},"modified":"2026-08-06T21:11:52","modified_gmt":"2026-08-06T21:11:52","slug":"ville-miniature-labyrinthe-geant-et-confitures-8-sorties-originales-a-faire-avec-ses-enfants-en-alsace","status":"publish","type":"post","link":"https:\/\/www.europesays.com\/fr\/1112304\/","title":{"rendered":"Ville miniature, labyrinthe g\u00e9ant et confitures : 8 sorties originales \u00e0 faire avec ses enfants en Alsace"},"content":{"rendered":"<p><b>Entre les jours ensoleill\u00e9s, les \u00ab je m\u2019ennuie \u00bb d\u00e8s 8h30 du mat\u2019 et les jeux de soci\u00e9t\u00e9 \u00e9puis\u00e9s jusqu\u2019au dernier pion, l\u2019\u00e9t\u00e9 avec des enfants demande de l\u2019organisation (et une bonne dose d\u2019\u00e9nergie). Heureusement, l\u2019Alsace regorge de bons plans pour s\u2019amuser, se d\u00e9penser au grand air et apprendre en jouant. Nous vous avons s\u00e9lectionn\u00e9 huit sorties pour garder le sourire et de joyeux souvenirs.<\/b><\/p>\n<p>Le parc aux \u00e9motions, \u00e0 Strasbourg<\/p>\n<p>Bo\u00eetes \u00e0 odeurs, parcours pieds nus, <strong>miroirs d\u00e9formants, tyrolienne,<\/strong> tour porte-voix\u2026 Les installations du parc des \u00e9motions invitent les enfants \u00e0 <b>explorer les six \u00e9motions de base<\/b> : joie, tristesse, col\u00e8re, peur, surprise, d\u00e9go\u00fbt. \u00c0 chaque \u00e9tape, un panneau p\u00e9dagogique permet \u00e0 toute la famille de <b>poser des mots sur les r\u00e9actions corporelles ressenties<\/b>.<\/p>\n<p style=\"text-align: left;\">In\u00e9dite en France, <strong>cette r\u00e9alisation est le fruit d\u2019un travail collaboratif<\/strong> entre le Centre socioculturel de la Montagne Verte, trois habitant(e)s du quartier et la Ville, gr\u00e2ce \u00e0 un budget participatif.<br \/><b\/><b\/><\/p>\n<p style=\"text-align: center;\"><b>O\u00f9\u00a0? <\/b>Parc Eug\u00e8ne-Imbs, \u00e0 Strasbourg<br \/><strong><a href=\"https:\/\/www.strasbourg.eu\/-\/la-montagne-verte-inaugure-son-parc-aux-emotions\" target=\"_blank\" rel=\"noopener nofollow\">+ d\u2019infos<\/a>  (gratuit)<\/strong><\/p>\n<p>                <img width=\"333\" height=\"500\" src=\"https:\/\/www.europesays.com\/fr\/wp-content\/uploads\/2026\/08\/parc-a-emotions-strasbourg-salome-dollinger-pokaa-6-333x500.jpg\" class=\"attachment-gallery size-gallery\" alt=\"parc aux \u00e9motions\" data-full-url=\"https:\/\/pokaa.fr\/wp-content\/uploads\/2026\/07\/15\/parc-a-emotions-strasbourg-salome-dollinger-pokaa-6.jpg\" decoding=\"async\" loading=\"lazy\"  \/>            <\/p>\n<p>                <img width=\"333\" height=\"500\" src=\"https:\/\/www.europesays.com\/fr\/wp-content\/uploads\/2026\/08\/parc-a-emotions-strasbourg-salome-dollinger-pokaa-1-333x500.jpg\" class=\"attachment-gallery size-gallery\" alt=\"parc aux \u00e9motions\" data-full-url=\"https:\/\/pokaa.fr\/wp-content\/uploads\/2026\/07\/15\/parc-a-emotions-strasbourg-salome-dollinger-pokaa-1.jpg\" decoding=\"async\" loading=\"lazy\"  \/>            <\/p>\n<p>                <img width=\"333\" height=\"500\" src=\"https:\/\/www.europesays.com\/fr\/wp-content\/uploads\/2026\/08\/parc-a-emotions-strasbourg-salome-dollinger-pokaa-8-333x500.jpg\" class=\"attachment-gallery size-gallery\" alt=\"parc aux \u00e9motions\" data-full-url=\"https:\/\/pokaa.fr\/wp-content\/uploads\/2026\/07\/15\/parc-a-emotions-strasbourg-salome-dollinger-pokaa-8.jpg\" decoding=\"async\" loading=\"lazy\"  \/>            <\/p>\n<p>                <img width=\"333\" height=\"500\" src=\"https:\/\/www.europesays.com\/fr\/wp-content\/uploads\/2026\/08\/parc-a-emotions-strasbourg-salome-dollinger-pokaa-2-333x500.jpg\" class=\"attachment-gallery size-gallery\" alt=\"parc aux \u00e9motions\" data-full-url=\"https:\/\/pokaa.fr\/wp-content\/uploads\/2026\/07\/15\/parc-a-emotions-strasbourg-salome-dollinger-pokaa-2.jpg\" decoding=\"async\" loading=\"lazy\"  \/>            <\/p>\n<p>                <img width=\"750\" height=\"500\" src=\"https:\/\/www.europesays.com\/fr\/wp-content\/uploads\/2026\/08\/parc-a-emotions-strasbourg-salome-dollinger-pokaa-4-750x500.jpg\" class=\"attachment-gallery size-gallery\" alt=\"parc aux \u00e9motions\" data-full-url=\"https:\/\/pokaa.fr\/wp-content\/uploads\/2026\/07\/15\/parc-a-emotions-strasbourg-salome-dollinger-pokaa-4.jpg\" decoding=\"async\" loading=\"lazy\"  \/>            <\/p>\n<p>                <img width=\"333\" height=\"500\" src=\"https:\/\/www.europesays.com\/fr\/wp-content\/uploads\/2026\/08\/parc-a-emotions-strasbourg-salome-dollinger-pokaa-3-333x500.jpg\" class=\"attachment-gallery size-gallery\" alt=\"parc aux \u00e9motions\" data-full-url=\"https:\/\/pokaa.fr\/wp-content\/uploads\/2026\/07\/15\/parc-a-emotions-strasbourg-salome-dollinger-pokaa-3.jpg\" decoding=\"async\" loading=\"lazy\"  \/>            <\/p>\n<p>                    \u00a9 Salom\u00e9 Dollinger \/ Pokaa<\/p>\n<p>Le Pop Corn Labyrinthe, \u00e0 12 minutes de Strasbourg<\/p>\n<p><strong>\u00c0 12 minutes de Strasbourg s\u2019\u00e9tend <a href=\"https:\/\/pokaa.fr\/2024\/07\/31\/toujours-plus-grand-un-labyrinthe-de-mais-de-50-000-m2-a-ouvert-a-cote-de-strasbourg\/\" target=\"_blank\" rel=\"noopener nofollow\">un labyrinthe g\u00e9ant de ma\u00efs<\/a><\/strong><strong>.<\/strong> On peut choisir notre aventure : jeux en bois (d\u00e8s 3 ans), jeu de piste (d\u00e8s 7 ans) ou parcours en duo, un mix des deux pour les enfants qui aiment se d\u00e9passer !\u00a0<\/p>\n<p>Et <b>pour les plus courageux\/ses, des soir\u00e9es nocturnes<\/b> sont aussi au programme les vendredis et samedis soirs, dont une Nuit de l\u2019Horreur (pour les ados) o\u00f9 il faut trouver un code pour sortir du labyrinthe rempli de cr\u00e9atures monstrueuses\u2026<\/p>\n<p style=\"text-align: center;\"><b>O\u00f9\u00a0? <\/b>1 rue des Tourterelles, 67205 Oberhausbergen<br \/><strong><a href=\"https:\/\/www.popcornlabyrinthe.fr\/labyrinthe\/strasbourg\/\" target=\"_blank\" rel=\"noopener nofollow\">+ d\u2019infos<\/a> (payant)<\/strong><\/p>\n<p>                <img width=\"333\" height=\"500\" src=\"https:\/\/www.europesays.com\/fr\/wp-content\/uploads\/2026\/08\/pop-corn-labyrinthe-document-remis-1-333x500.jpg\" class=\"attachment-gallery size-gallery\" alt=\"Pop Corn Labyrinthe\" data-full-url=\"https:\/\/pokaa.fr\/wp-content\/uploads\/2026\/07\/15\/pop-corn-labyrinthe-document-remis-1.jpg\" decoding=\"async\" loading=\"lazy\"  \/>            <\/p>\n<p>                <img width=\"751\" height=\"500\" src=\"https:\/\/www.europesays.com\/fr\/wp-content\/uploads\/2026\/08\/pop-corn-labyrinthe-document-remis-2-751x500.jpg\" class=\"attachment-gallery size-gallery\" alt=\"Pop Corn Labyrinthe\" data-full-url=\"https:\/\/pokaa.fr\/wp-content\/uploads\/2026\/07\/15\/pop-corn-labyrinthe-document-remis-2.jpg\" decoding=\"async\" loading=\"lazy\"  \/>            <\/p>\n<p>                <img width=\"750\" height=\"500\" src=\"https:\/\/www.europesays.com\/fr\/wp-content\/uploads\/2026\/08\/pop-corn-labyrinthe-jeu-de-piste-document-remis-750x500.jpg\" class=\"attachment-gallery size-gallery\" alt=\"Pop Corn Labyrinthe\" data-full-url=\"https:\/\/pokaa.fr\/wp-content\/uploads\/2026\/07\/15\/pop-corn-labyrinthe-jeu-de-piste-document-remis.jpg\" decoding=\"async\" loading=\"lazy\"  \/>            <\/p>\n<p>                <img width=\"750\" height=\"500\" src=\"https:\/\/www.europesays.com\/fr\/wp-content\/uploads\/2026\/08\/pop-corn-labyrinthe-murder-party-document-remis-750x500.jpg\" class=\"attachment-gallery size-gallery\" alt=\"Pop Corn Labyrinthe\" data-full-url=\"https:\/\/pokaa.fr\/wp-content\/uploads\/2026\/07\/15\/pop-corn-labyrinthe-murder-party-document-remis.jpg\" decoding=\"async\" loading=\"lazy\"  \/>            <\/p>\n<p>                <img width=\"503\" height=\"500\" src=\"https:\/\/www.europesays.com\/fr\/wp-content\/uploads\/2026\/08\/pop-corn-labyrinthe-nuit-de-lhorreur-document-remis-503x500.jpg\" class=\"attachment-gallery size-gallery\" alt=\"Pop Corn Labyrinthe\" data-full-url=\"https:\/\/pokaa.fr\/wp-content\/uploads\/2026\/07\/15\/pop-corn-labyrinthe-nuit-de-lhorreur-document-remis.jpg\" decoding=\"async\" loading=\"lazy\"  \/>            <\/p>\n<p>                <img width=\"750\" height=\"500\" src=\"https:\/\/www.europesays.com\/fr\/wp-content\/uploads\/2026\/08\/pop-corn-labyrinthe-jeux-en-bois-document-remis-750x500.jpg\" class=\"attachment-gallery size-gallery\" alt=\"Pop Corn Labyrinthe\" data-full-url=\"https:\/\/pokaa.fr\/wp-content\/uploads\/2026\/07\/15\/pop-corn-labyrinthe-jeux-en-bois-document-remis.jpg\" decoding=\"async\" loading=\"lazy\"  \/>            <\/p>\n<p>                    \u00a9 Pop Corn Labyrinthe \/ Documents remis<\/p>\n<p>Le Mus\u00e9e des confitures du Climont, \u00e0 50 minutes de Strasbourg<\/p>\n<p><strong>Les Confitures du Climont ont ouvert un mus\u00e9e unique en France<\/strong> \u00e0 une cinquantaine de kilom\u00e8tres de Strasbourg. Au programme ? Une exposition immersive et interactive pour plonger dans 500 ans d\u2019histoire de la confiture, <strong>comprendre les gestes artisanaux, observer l\u2019atelier de fabrication <\/strong>et, pourquoi pas, faire na\u00eetre une vocation.<\/p>\n<p>Les enfants peuvent m\u00eame se d\u00e9guiser en Nostradamus pour d\u00e9couvrir l\u2019\u00e9volution de ces d\u00e9lices sucr\u00e9s. La visite se termine en gourmandise, \u00e9videmment, avec <b>une d\u00e9gustation de plus de 40 recettes.<\/b> Autant dire qu\u2019on ne repart jamais les mains (et le ventre) vides\u00a0!<\/p>\n<p style=\"text-align: center;\"><b>O\u00f9\u00a0? <\/b>2 rue des Petites-Fourmis, 67220 Maisonsgoutte<br \/><strong><a href=\"https:\/\/confituresduclimont.com\/content\/25-musee-de-la-confiture\" target=\"_blank\" rel=\"noopener nofollow\">+ d\u2019infos<\/a> (entr\u00e9e libre et d\u00e9gustation offerte)<\/strong><\/p>\n<p>                <img width=\"749\" height=\"500\" src=\"https:\/\/www.europesays.com\/fr\/wp-content\/uploads\/2026\/08\/musee-de-la-confiture-perrine-krencker-hilberer-maxime-breteau-1-749x500.jpg\" class=\"attachment-gallery size-gallery\" alt=\"Mus\u00e9e de la Confiture climont\" data-full-url=\"https:\/\/pokaa.fr\/wp-content\/uploads\/2026\/07\/15\/musee-de-la-confiture-perrine-krencker-hilberer-maxime-breteau-1.jpg\" decoding=\"async\" loading=\"lazy\"  \/>            <\/p>\n<p>                <img width=\"896\" height=\"500\" src=\"https:\/\/www.europesays.com\/fr\/wp-content\/uploads\/2026\/08\/musee-de-la-confiture-maxime-breteau-4-896x500.png\" class=\"attachment-gallery size-gallery\" alt=\"Mus\u00e9e de la Confiture climont\" data-full-url=\"https:\/\/pokaa.fr\/wp-content\/uploads\/2026\/07\/15\/musee-de-la-confiture-maxime-breteau-4.png\" decoding=\"async\" loading=\"lazy\"  \/>            <\/p>\n<p>                <img width=\"749\" height=\"500\" src=\"https:\/\/www.europesays.com\/fr\/wp-content\/uploads\/2026\/08\/musee-de-la-confiture-maxime-breteau-3-749x500.jpeg\" class=\"attachment-gallery size-gallery\" alt=\"Mus\u00e9e de la Confiture climont\" data-full-url=\"https:\/\/pokaa.fr\/wp-content\/uploads\/2026\/07\/15\/musee-de-la-confiture-maxime-breteau-3.jpeg\" decoding=\"async\" loading=\"lazy\"  \/>            <\/p>\n<p>                <img width=\"735\" height=\"500\" src=\"https:\/\/www.europesays.com\/fr\/wp-content\/uploads\/2026\/08\/musee-de-la-confiture-maxime-breteau-7-735x500.jpeg\" class=\"attachment-gallery size-gallery\" alt=\"Mus\u00e9e de la Confiture climont\" data-full-url=\"https:\/\/pokaa.fr\/wp-content\/uploads\/2026\/07\/15\/musee-de-la-confiture-maxime-breteau-7.jpeg\" decoding=\"async\" loading=\"lazy\"  \/>            <\/p>\n<p>                    \u00a9 Maxime Breteau &#8211; Mus\u00e9e des Confitures \/ Documents remis<\/p>\n<p>Le NaturOparC, \u00e0 50 minutes de Strasbourg<\/p>\n<p>N\u00e9 en 1976 pour sauvegarder la cigogne blanche,<strong> NaturOparC est devenu un havre de paix o\u00f9 le temps semble suspendu.<\/strong> Nich\u00e9 entre vignes et collines, travers\u00e9 de ruisseaux calmes et ombrag\u00e9 de saules majestueux, le site propose une promenade au c\u0153ur <b>d\u2019une nature sauvage pr\u00e9serv\u00e9e<\/b>. <\/p>\n<p>Les enfants ralentissent naturellement au contact des locataires \u00e0 plumes et \u00e0 poils \u2013 dont <a href=\"https:\/\/pokaa.fr\/2020\/08\/20\/animaux-dalsace-a-la-decouverte-de-la-loutre-quasi-disparue-de-la-region\/\" target=\"_blank\" rel=\"noopener nofollow\">la loutre d\u2019Europe, r\u00e9introduite \u00e0 partir de 1998<\/a> \u2013 qu\u2019ils et elles peuvent observer depuis <b>des passerelles flottantes et des tunnels aquatiques.\u00a0<\/b><\/p>\n<p style=\"text-align: center;\"><b>O\u00f9\u00a0? <\/b>Route de Ribeauvill\u00e9, 68150 Hunawihr<br \/><a href=\"https:\/\/naturoparc.fr\/parc\" target=\"_blank\" rel=\"noopener nofollow\"><strong>+ d\u2019infos<\/strong><\/a> (payant)<\/p>\n<p>                <img width=\"396\" height=\"500\" src=\"https:\/\/www.europesays.com\/fr\/wp-content\/uploads\/2026\/08\/naturoparc-document-remis-1-396x500.jpg\" class=\"attachment-gallery size-gallery\" alt=\"Naturoparc\" data-full-url=\"https:\/\/pokaa.fr\/wp-content\/uploads\/2026\/07\/15\/naturoparc-document-remis-1.jpg\" decoding=\"async\" loading=\"lazy\"  \/>            <\/p>\n<p>                <img width=\"750\" height=\"500\" src=\"https:\/\/www.europesays.com\/fr\/wp-content\/uploads\/2026\/08\/naturoparc-document-remis-2-750x500.jpg\" class=\"attachment-gallery size-gallery\" alt=\"Naturoparc\" data-full-url=\"https:\/\/pokaa.fr\/wp-content\/uploads\/2026\/07\/15\/naturoparc-document-remis-2.jpg\" decoding=\"async\" loading=\"lazy\"  \/>            <\/p>\n<p>                <img width=\"750\" height=\"500\" src=\"https:\/\/www.europesays.com\/fr\/wp-content\/uploads\/2026\/08\/naturoparc-document-remis-3-750x500.jpg\" class=\"attachment-gallery size-gallery\" alt=\"Naturoparc\" data-full-url=\"https:\/\/pokaa.fr\/wp-content\/uploads\/2026\/07\/15\/naturoparc-document-remis-3.jpg\" decoding=\"async\" loading=\"lazy\"  \/>            <\/p>\n<p>                    \u00a9 NaturOparC \/ Documents remis<\/p>\n<p>La Ferme \u00e9ducative de la Ganzau, \u00e0 Strasbourg<\/p>\n<p>C\u2019est la sortie id\u00e9ale pour profiter de l\u2019effet campagne sans quitter la ville. \u00c0 deux pas de la for\u00eat du Neuhof, la Ferme \u00e9ducative de la Ganzau sensibilise depuis plus de 20 ans petit(e)s et grand(e)s \u00e0 <b>la protection de la nature et des animaux.<\/b> L\u2019accueil se fait par demi-journ\u00e9e ou \u00e0 la journ\u00e9e. <\/p>\n<p>Votre enfant souffle une bougie de plus cet \u00e9t\u00e9 ? Bonne nouvelle, la ferme propose aussi <b>une formule anniversaire<\/b> \u00e0 partir de 60\u20ac.<\/p>\n<p style=\"text-align: center;\"><b>O\u00f9\u00a0?<\/b> 207 rue de la Ganzau, \u00e0 Strasbourg<br \/><strong><a href=\"https:\/\/fermeeducativeganzau.wixstudio.com\/association\" target=\"_blank\" rel=\"noopener nofollow\">+ d\u2019infos<\/a> <\/strong>(payant)<\/p>\n<p>                <img width=\"338\" height=\"500\" src=\"https:\/\/www.europesays.com\/fr\/wp-content\/uploads\/2026\/08\/ferme-educative-de-la-ganzau-capture-decran-2-338x500.jpg\" class=\"attachment-gallery size-gallery\" alt=\"\u00a9 Ferme \u00e9ducative de la Ganzau : Capture d\u2019\u00e9cran 2\" data-full-url=\"https:\/\/pokaa.fr\/wp-content\/uploads\/2026\/07\/15\/ferme-educative-de-la-ganzau-capture-decran-2.jpg\" decoding=\"async\" loading=\"lazy\"  \/>            <\/p>\n<p>                <img width=\"319\" height=\"500\" src=\"https:\/\/www.europesays.com\/fr\/wp-content\/uploads\/2026\/08\/ferme-educative-de-la-ganzau-capture-decran-1-319x500.jpg\" class=\"attachment-gallery size-gallery\" alt=\"\u00a9 Ferme \u00e9ducative de la Ganzau : Capture d\u2019\u00e9cran 1\" data-full-url=\"https:\/\/pokaa.fr\/wp-content\/uploads\/2026\/07\/15\/ferme-educative-de-la-ganzau-capture-decran-1.jpg\" decoding=\"async\" loading=\"lazy\"  \/>            <\/p>\n<p>                <img width=\"375\" height=\"500\" src=\"https:\/\/www.europesays.com\/fr\/wp-content\/uploads\/2026\/08\/ferme-educative-de-la-ganzau-capture-decran-3-375x500.jpg\" class=\"attachment-gallery size-gallery\" alt=\"Ferme \u00e9ducative de la Ganzau\" data-full-url=\"https:\/\/pokaa.fr\/wp-content\/uploads\/2026\/07\/15\/ferme-educative-de-la-ganzau-capture-decran-3.jpg\" decoding=\"async\" loading=\"lazy\"  \/>            <\/p>\n<p>                    \u00a9 Ferme \u00e9ducative de la Ganzau \/ Captures d&rsquo;\u00e9cran<\/p>\n<p>Ch\u00e2teau de Lichtenberg, \u00e0 1h de Strasbourg<\/p>\n<p>Perch\u00e9 \u00e0 400 m\u00e8tres d\u2019altitude, au c\u0153ur du Parc naturel r\u00e9gional des Vosges du Nord, <strong><a href=\"https:\/\/pokaa.fr\/2023\/04\/14\/le-chateau-du-lichtenberg-un-lieu-de-vie-et-dhistoire-a-decouvrir-a-1h-de-strasbourg\/\" target=\"_blank\" rel=\"noopener nofollow\">ce ch\u00e2teau en gr\u00e8s rose<\/a><\/strong> offre un panorama exceptionnel sur l\u2019Alsace\u00a0: vous pouvez m\u00eame apercevoir <b>la fl\u00e8che de la cath\u00e9drale de Strasbourg<\/b> !<\/p>\n<p>Cet \u00e9t\u00e9, tous les mercredis \u00e0 15h, des visites guid\u00e9es sp\u00e9ciales familles nous d\u00e9voilent <b>les secrets de cette forteresse de 1206.<\/b> Et du 9 au 26 juillet, c\u2019est le retour du Th\u00e9\u00e2tre de Lichtenberg avec la nouvelle production Secrets de ch\u00e2teau : fantaisie m\u00e9di\u00e9vale.<\/p>\n<p style=\"text-align: center;\"><b>O\u00f9\u00a0? <\/b>67340 Lichtenberg<br \/><a href=\"https:\/\/www.chateaudelichtenberg.alsace\/\" target=\"_blank\" rel=\"noopener nofollow\"><strong>+ d\u2019infos<\/strong><\/a> (payant)<\/p>\n<p>                <a href=\"https:\/\/pokaa.fr\/2026\/04\/04\/belles-pierres-et-vues-imprenables-5-chateaux-incontournables-a-visiter-en-alsace\/\" rel=\"nofollow noopener\" target=\"_blank\"><br \/>\n                    <img width=\"450\" height=\"270\" src=\"https:\/\/www.europesays.com\/fr\/wp-content\/uploads\/2026\/05\/c1-450x270.jpg\" class=\"attachment-card-horizontal--same-subject size-card-horizontal--same-subject wp-post-image\" alt=\"\" decoding=\"async\" loading=\"lazy\"\/>                <\/a><\/p>\n<p>                <img width=\"667\" height=\"500\" src=\"https:\/\/www.europesays.com\/fr\/wp-content\/uploads\/2026\/08\/theatre-de-lichtenberg-cchlpp-12-1536x1152-1-e1713805812508-667x500.jpg\" class=\"attachment-gallery size-gallery\" alt=\"ch\u00e2teau lichtenberg\" data-full-url=\"https:\/\/pokaa.fr\/wp-content\/uploads\/2024\/04\/22\/theatre-de-lichtenberg-cchlpp-12-1536x1152-1-1500x1125.jpg\" decoding=\"async\" loading=\"lazy\"  \/>            <\/p>\n<p>                <img width=\"664\" height=\"500\" src=\"https:\/\/www.europesays.com\/fr\/wp-content\/uploads\/2026\/08\/visite-guidee-chateau-de-lichtenberg-2023-credit-cchlpp-664x500.jpg\" class=\"attachment-gallery size-gallery\" alt=\"Visite guid\u00e9e ch\u00e2teau de Lichtenberg 2023 cr\u00e9dit CCHLPP\" data-full-url=\"https:\/\/pokaa.fr\/wp-content\/uploads\/2024\/07\/03\/visite-guidee-chateau-de-lichtenberg-2023-credit-cchlpp.jpg\" decoding=\"async\" loading=\"lazy\"  \/>            <\/p>\n<p>                <img width=\"750\" height=\"500\" src=\"https:\/\/www.europesays.com\/fr\/wp-content\/uploads\/2026\/08\/chateau-de-lichtenberg-eric-wilhelmy-cchlpp-8-750x500.jpg\" class=\"attachment-gallery size-gallery\" alt=\"Ch\u00e2teau de Lichtenberg \u00a9 Eric Wilhelmy-CCHLPP (8)\" data-full-url=\"https:\/\/pokaa.fr\/wp-content\/uploads\/2024\/07\/03\/chateau-de-lichtenberg-eric-wilhelmy-cchlpp-8.jpg\" decoding=\"async\" loading=\"lazy\"  \/>            <\/p>\n<p>                    1. 2. \u00a9 Communaut\u00e9 de Communes de Hanau-La Petite Pierre (CCHLPP) \/ Documents remis ; 3. \u00a9 \u00c9ric Wilhelmy &#8211; CCHPP \/ Documents remis<\/p>\n<p>Randonn\u00e9es dans les Vosges et fermes-auberges, en Alsace<\/p>\n<p><b>En altitude, on perd facilement 4-5\u00b0C<\/b> et les sentiers balis\u00e9s offrent des balades accessibles, m\u00eame aux enfants.\u00a0<\/p>\n<p>Pour les rendre plus ludiques, on peut ramener jumelles, talkies-walkies, loupe d\u2019observation\u2026 Et finir la rando par <b>une \u00e9tape gourmande dans l\u2019une des <\/b><a href=\"https:\/\/pokaa.fr\/2026\/04\/29\/apres-leffort-le-reconfort-4-fermes-auberges-incontournables-dans-les-vosges\/\" target=\"_blank\" rel=\"noopener nofollow\"><b>fermes-auberges de la r\u00e9gion<\/b><\/a> : belle vue, air frais et table conviviale o\u00f9 repas marcaire et tarte aux myrtilles font office de m\u00e9daille bien m\u00e9rit\u00e9e.<\/p>\n<p style=\"text-align: center;\"><b>O\u00f9\u00a0? <\/b>En Alsace<br \/>(Gratuit)<\/p>\n<p>                <a href=\"https:\/\/pokaa.fr\/2026\/07\/10\/cascades-fraicheur-et-ruisseaux-4-randonnees-faciles-a-max-1h-de-strasbourg\/\" rel=\"nofollow noopener\" target=\"_blank\"><br \/>\n                    <img width=\"450\" height=\"270\" src=\"https:\/\/www.europesays.com\/fr\/wp-content\/uploads\/2026\/08\/a1-450x270.jpg\" class=\"attachment-card-horizontal--same-subject size-card-horizontal--same-subject wp-post-image\" alt=\"\" decoding=\"async\" loading=\"lazy\"\/>                <\/a><\/p>\n<p>                <img width=\"375\" height=\"500\" src=\"https:\/\/www.europesays.com\/fr\/wp-content\/uploads\/2026\/08\/refuge-des-trois-fours-5-375x500.jpg\" class=\"attachment-gallery size-gallery\" alt=\"Auberge des trois fours (5)\" data-full-url=\"https:\/\/pokaa.fr\/wp-content\/uploads\/2025\/06\/26\/refuge-des-trois-fours-5.jpg\" decoding=\"async\" loading=\"lazy\"  \/>            <\/p>\n<p>                <img width=\"889\" height=\"500\" src=\"https:\/\/www.europesays.com\/fr\/wp-content\/uploads\/2026\/08\/auberge-du-promont-capture-decran.jpg\" class=\"attachment-gallery size-gallery\" alt=\"Auberge du Promont\" data-full-url=\"https:\/\/www.europesays.com\/fr\/wp-content\/uploads\/2026\/08\/auberge-du-promont-capture-decran.jpg\" decoding=\"async\" loading=\"lazy\"  \/>            <\/p>\n<p>                <img width=\"323\" height=\"500\" src=\"https:\/\/www.europesays.com\/fr\/wp-content\/uploads\/2026\/08\/auberge-gazon-du-faing-capture-decran-1-323x500.jpg\" class=\"attachment-gallery size-gallery\" alt=\"Auberge Gazon du Faing\" data-full-url=\"https:\/\/pokaa.fr\/wp-content\/uploads\/2026\/07\/15\/auberge-gazon-du-faing-capture-decran-1.jpg\" decoding=\"async\" loading=\"lazy\"  \/>            <\/p>\n<p>                <img width=\"375\" height=\"500\" src=\"https:\/\/www.europesays.com\/fr\/wp-content\/uploads\/2026\/08\/auberge-gazon-du-faing-julia-wencker-pokaa-375x500.jpeg\" class=\"attachment-gallery size-gallery\" alt=\"Auberge Gazon du Faing\" data-full-url=\"https:\/\/pokaa.fr\/wp-content\/uploads\/2026\/07\/15\/auberge-gazon-du-faing-julia-wencker-pokaa.jpeg\" decoding=\"async\" loading=\"lazy\"  \/>            <\/p>\n<p>                <img width=\"921\" height=\"500\" src=\"https:\/\/www.europesays.com\/fr\/wp-content\/uploads\/2026\/08\/auberge-gazon-du-faing-capture-decran-2-921x500.jpg\" class=\"attachment-gallery size-gallery\" alt=\"Auberge Gazon du Faing\" data-full-url=\"https:\/\/pokaa.fr\/wp-content\/uploads\/2026\/07\/15\/auberge-gazon-du-faing-capture-decran-2.jpg\" decoding=\"async\" loading=\"lazy\"  \/>            <\/p>\n<p>                    1. \u00a9 Julia Wencker \/ Pokaa ; 2. \u00a9 Auberge du Promont \/ Capture d&rsquo;\u00e9cran ; 3. \u00e0 5. \u00a9 Auberge Gazon du Faing \/ Captures d&rsquo;\u00e9cran<\/p>\n<p>Chibitopia, \u00e0 20 minutes de Strasbourg<\/p>\n<p>Pour les enfants qui veulent faire comme les adultes, rendez-vous \u00e0 Lingolsheim dans cette ville miniature de 1000 m2. <b>Garage automobile, cabinet v\u00e9t\u00e9rinaire, camion de pompiers, chantier, restaurant<\/b>\u2026 Chacun(e) y trouve son bonheur.<\/p>\n<p>Bonus non n\u00e9gligeable\u00a0: pendant ce temps, les parents soufflent autour d\u2019un caf\u00e9\u00a0! Chibitopia a aussi pens\u00e9 aux tout-petits\u00a0: <b>la salle Zen Snoezelen<\/b> est un v\u00e9ritable cocon avec lumi\u00e8re tamis\u00e9e, musique douce et jeux d\u2019\u00e9veil. En cas d\u2019orage ou de fortes chaleurs, c\u2019est le plan B parfait.\u00a0<\/p>\n<p style=\"text-align: center;\"><b>O\u00f9\u00a0? <\/b>Parc des Tanneries, 5 all\u00e9e des Foulons, 67380 Lingolsheim<br \/><strong><a href=\"https:\/\/www.chibitopia.fr\/\" target=\"_blank\" rel=\"noopener nofollow\">+ d\u2019infos<\/a> <\/strong>(payant)<\/p>\n<p>                <a href=\"https:\/\/pokaa.fr\/2025\/10\/17\/cest-ouvert-a-cote-de-strasbourg-ils-ont-construit-une-ville-de-1000-m2-pour-enfants\/\" rel=\"nofollow noopener\" target=\"_blank\"><br \/>\n                    <img width=\"450\" height=\"270\" src=\"https:\/\/www.europesays.com\/fr\/wp-content\/uploads\/2026\/08\/f1-450x270.png\" class=\"attachment-card-horizontal--same-subject size-card-horizontal--same-subject wp-post-image\" alt=\"\" decoding=\"async\" loading=\"lazy\"\/>                <\/a><\/p>\n<p>                <img width=\"750\" height=\"500\" src=\"https:\/\/www.europesays.com\/fr\/wp-content\/uploads\/2025\/10\/edifice-photocom-chibitopia-inauguration-031-1200px-750x500.jpg\" class=\"attachment-gallery size-gallery\" alt=\"Chibitopia\" data-full-url=\"https:\/\/pokaa.fr\/wp-content\/uploads\/2025\/10\/14\/edifice-photocom-chibitopia-inauguration-031-1200px.jpg\" decoding=\"async\" loading=\"lazy\"  \/>            <\/p>\n<p>                <img width=\"625\" height=\"500\" src=\"https:\/\/www.europesays.com\/fr\/wp-content\/uploads\/2025\/10\/edifice-photocom-chibitopia-inauguration-109-1200px-625x500.jpg\" class=\"attachment-gallery size-gallery\" alt=\"Chibitopia\" data-full-url=\"https:\/\/pokaa.fr\/wp-content\/uploads\/2025\/10\/14\/edifice-photocom-chibitopia-inauguration-109-1200px.jpg\" decoding=\"async\" loading=\"lazy\"  \/>            <\/p>\n<p>                <img width=\"889\" height=\"500\" src=\"https:\/\/www.europesays.com\/fr\/wp-content\/uploads\/2026\/08\/edifice-photocom-chibitopia-inauguration-073-1200px-889x500.jpg\" class=\"attachment-gallery size-gallery\" alt=\"Edifice-Photo.com \u2013 Chibitopia \u2013 inauguration \u2013 073 \u2013 1200px\" data-full-url=\"https:\/\/pokaa.fr\/wp-content\/uploads\/2025\/10\/14\/edifice-photocom-chibitopia-inauguration-073-1200px.jpg\" decoding=\"async\" loading=\"lazy\"  \/>            <\/p>\n<p>                <img width=\"750\" height=\"500\" src=\"https:\/\/www.europesays.com\/fr\/wp-content\/uploads\/2025\/10\/edifice-photocom-chibitopia-inauguration-065-1200px-750x500.jpg\" class=\"attachment-gallery size-gallery\" alt=\"Chibitopia\" data-full-url=\"https:\/\/pokaa.fr\/wp-content\/uploads\/2025\/10\/14\/edifice-photocom-chibitopia-inauguration-065-1200px.jpg\" decoding=\"async\" loading=\"lazy\"  \/>            <\/p>\n<p>                <img width=\"889\" height=\"500\" src=\"https:\/\/www.europesays.com\/fr\/wp-content\/uploads\/2025\/10\/edifice-photocom-chibitopia-inauguration-062-1200px-889x500.jpg\" class=\"attachment-gallery size-gallery\" alt=\"Chibitopia\" data-full-url=\"https:\/\/pokaa.fr\/wp-content\/uploads\/2025\/10\/14\/edifice-photocom-chibitopia-inauguration-062-1200px.jpg\" decoding=\"async\" loading=\"lazy\"  \/>            <\/p>\n<p>                    \u00a9 Edifice photo pour Chibitopia \/ Documents remis<\/p>\n<p>    <img width=\"800\" height=\"450\" src=\"https:\/\/www.europesays.com\/fr\/wp-content\/uploads\/2026\/08\/chibitopia-michael-bouton-3-800x450.jpg\" class=\"attachment-image-size-L size-image-size-L\" alt=\"Chibitopia\" decoding=\"async\" loading=\"lazy\"  \/>         \u00a9 Michael Bouton \/ Document remis <\/p>\n<p style=\"text-align: right;\"><strong>Journaliste : Salom\u00e9 Dollinger<\/strong><\/p>\n","protected":false},"excerpt":{"rendered":"Entre les jours ensoleill\u00e9s, les \u00ab je m\u2019ennuie \u00bb d\u00e8s 8h30 du mat\u2019 et les jeux de soci\u00e9t\u00e9&hellip;\n","protected":false},"author":2,"featured_media":1112305,"comment_status":"","ping_status":"","sticky":false,"template":"","format":"standard","meta":{"footnotes":"","_share_on_mastodon":"0"},"categories":[2820],"tags":[1111,11,43728,59508,1719,1777,674,114302,1011,27,775,3048,114303,12,114304,20891,25,1669,640,3176],"class_list":["post-1112304","post","type-post","status-publish","format-standard","has-post-thumbnail","category-strasbourg","tag-actu","tag-actualites","tag-chateau-de-lichtenberg","tag-chibitopia","tag-enfants","tag-eu","tag-europe","tag-ferme-educative-de-la-ganzau","tag-fr","tag-france","tag-grand-est","tag-musee","tag-naturoparc","tag-news","tag-pop-corn-labyrinthe","tag-randonnees","tag-republique-francaise","tag-sorties","tag-strasbourg","tag-vacances-scolaires"],"share_on_mastodon":{"url":"https:\/\/pubeurope.com\/@fr\/117050634542162153","error":""},"_links":{"self":[{"href":"https:\/\/www.europesays.com\/fr\/wp-json\/wp\/v2\/posts\/1112304","targetHints":{"allow":["GET"]}}],"collection":[{"href":"https:\/\/www.europesays.com\/fr\/wp-json\/wp\/v2\/posts"}],"about":[{"href":"https:\/\/www.europesays.com\/fr\/wp-json\/wp\/v2\/types\/post"}],"author":[{"embeddable":true,"href":"https:\/\/www.europesays.com\/fr\/wp-json\/wp\/v2\/users\/2"}],"replies":[{"embeddable":true,"href":"https:\/\/www.europesays.com\/fr\/wp-json\/wp\/v2\/comments?post=1112304"}],"version-history":[{"count":0,"href":"https:\/\/www.europesays.com\/fr\/wp-json\/wp\/v2\/posts\/1112304\/revisions"}],"wp:featuredmedia":[{"embeddable":true,"href":"https:\/\/www.europesays.com\/fr\/wp-json\/wp\/v2\/media\/1112305"}],"wp:attachment":[{"href":"https:\/\/www.europesays.com\/fr\/wp-json\/wp\/v2\/media?parent=1112304"}],"wp:term":[{"taxonomy":"category","embeddable":true,"href":"https:\/\/www.europesays.com\/fr\/wp-json\/wp\/v2\/categories?post=1112304"},{"taxonomy":"post_tag","embeddable":true,"href":"https:\/\/www.europesays.com\/fr\/wp-json\/wp\/v2\/tags?post=1112304"}],"curies":[{"name":"wp","href":"https:\/\/api.w.org\/{rel}","templated":true}]}}