{"id":111239,"date":"2025-05-19T07:59:22","date_gmt":"2025-05-19T07:59:22","guid":{"rendered":"https:\/\/www.europesays.com\/fr\/111239\/"},"modified":"2025-05-19T07:59:22","modified_gmt":"2025-05-19T07:59:22","slug":"lallemagne-va-refouler-les-demandeurs-dasile-a-lexception-des-enfants-et-des-femmes-enceintes","status":"publish","type":"post","link":"https:\/\/www.europesays.com\/fr\/111239\/","title":{"rendered":"L&rsquo;Allemagne va refouler les demandeurs d&rsquo;asile, \u00e0 l&rsquo;exception des enfants et des femmes enceintes"},"content":{"rendered":"<p><img decoding=\"async\" class=\"caas-img caas-lazy has-preview\" src=\"https:\/\/www.europesays.com\/fr\/wp-content\/uploads\/2025\/05\/fd87905a0eee85bf6d8a8aa8dd023192.jpeg\"\/><\/p>\n<p>Une premi\u00e8re d\u00e9cision tr\u00e8s symbolique. Apr\u00e8s une \u00e9lection qui a failli <a href=\"https:\/\/fr.news.yahoo.com\/allemagne-nouveau-chancelier-friedrich-merz-084544294.html\" data-ylk=\"slk:tourner au fiasco;elm:context_link;itc:0;sec:content-canvas;outcm:mb_qualified_link;_E:mb_qualified_link;ct:story;\" class=\"link  yahoo-link\" target=\"_blank\" rel=\"noopener\">tourner au fiasco<\/a>, le nouveau chancelier allemand Friedrich Merz a demand\u00e9 ce 7 mai \u00e0 son ministre de l&rsquo;Int\u00e9rieur le refoulement syst\u00e9matique des demandeurs d&rsquo;asile sans-papiers qui se pr\u00e9sentent aux fronti\u00e8res allemandes.<\/p>\n<p>Seule exception \u00e0 cette nouvelle r\u00e8gle: \u00ab\u00a0les groupes de personnes vuln\u00e9rables comme les enfants et les femmes enceintes\u00a0\u00bb, a expliqu\u00e9 Alexander Dobrindt, le ministre en charge du dossier.<\/p>\n<p>La lutte contre l&rsquo;immigration ill\u00e9gale, nouvelle priorit\u00e9<\/p>\n<p>La d\u00e9cision, qui n&rsquo;est pas une surprise, marque cependant un tournant. Depuis 2015, en pleine crise migratoire,<a href=\"https:\/\/www.bfmtv.com\/international\/europe\/allemagne\/angela-merkel-rejette-fermement-les-appels-a-remettre-en-cause-l-accueil-des-refugies_AN-201607280034.html\" rel=\"nofollow noopener\" target=\"_blank\" data-ylk=\"slk:l&#039;Allemagne a largement ouvert ses portes, sous l&#039;impulsion d&#039;Angela Merkel;elm:context_link;itc:0;sec:content-canvas\" class=\"link \"> l&rsquo;Allemagne a largement ouvert ses portes, sous l&rsquo;impulsion d&rsquo;Angela Merkel<\/a>, issue de la CDU, tout comme Friedrichz Merz.<\/p>\n<p>Au pic de sa politique d&rsquo;accueil, elle avait accueilli <a href=\"https:\/\/www.bfmtv.com\/international\/europe\/allemagne\/angela-merkel-rejette-fermement-les-appels-a-remettre-en-cause-l-accueil-des-refugies_AN-201607280034.html\" rel=\"nofollow noopener\" target=\"_blank\" data-ylk=\"slk:jusqu&#039;\u00e0 un million de personnes, principalement syriennes et afghanes;elm:context_link;itc:0;sec:content-canvas\" class=\"link \">jusqu&rsquo;\u00e0 un million de personnes, principalement syriennes et afghanes<\/a>. \u00c0 l&rsquo;\u00e9poque, les polices aux fronti\u00e8res avaient \u00e9t\u00e9 autoris\u00e9es \u00e0 laisser passer les personnes sans titre d&rsquo;identit\u00e9 ni demande d&rsquo;asile faite en bonne et due forme.<\/p>\n<p>Mais la campagne des l\u00e9gislatives \u00e0 l&rsquo;hiver dernier a modifi\u00e9 la donne, sur fond de nette pouss\u00e9e de l&rsquo;extr\u00eame droite. Friedrich Merz avait d\u00e9j\u00e0 annonc\u00e9 la couleur dans son programme <a href=\"https:\/\/fr.news.yahoo.com\/terrorisme-radicalisation-extr%C3%A9misme-lallemagne-particuli%C3%A8rement-110326618.html\" data-ylk=\"slk:en faisant de la lutte contre l&#039;immigration ill\u00e9gale l&#039;une de ses priorit\u00e9s;elm:context_link;itc:0;sec:content-canvas;outcm:mb_qualified_link;_E:mb_qualified_link;ct:story;\" class=\"link  yahoo-link\" target=\"_blank\" rel=\"noopener\">en faisant de la lutte contre l&rsquo;immigration ill\u00e9gale l&rsquo;une de ses priorit\u00e9s<\/a>.<\/p>\n<p>Depuis septembre dernier, Berlin avait d\u00e9j\u00e0 r\u00e9tabli les contr\u00f4les aux fronti\u00e8res de la France, la Belgique, le Luxembourg, les Pays-Bas et le Danemark pour une dur\u00e9e de 6 mois. Le dispositif a depuis \u00e9t\u00e9 reconduit.<\/p>\n<p>Un pays traumatis\u00e9 par une vague d&rsquo;attentats<\/p>\n<p>Salu\u00e9e par la pr\u00e9sidente des d\u00e9put\u00e9s RN Marine Le Pen, le droit europ\u00e9en permet de r\u00e9tablir sans demander l&rsquo;accord de ses voisins des contr\u00f4les \u00e0 ses propres fronti\u00e8res. Ils doivent cependant avoir lieu dans un contexte sp\u00e9cifique et ne pas peuvent pas s&rsquo;appliquer sur le long terme.<\/p>\n<p>En effet, si la d\u00e9cision prise par Friedrich Merz s&rsquo;installait dans la dur\u00e9e, elle serait consid\u00e9r\u00e9e par la commission europ\u00e9enne comme une entrave au principe de libre circulation.<\/p>\n<p>Mais le pays a \u00e9t\u00e9 traumatis\u00e9 par plusieurs faits ces derniers mois, d&rsquo;un demandeur d&rsquo;asile syrien qui a tu\u00e9 \u00e0 l&rsquo;arme blanche 3 personnes \u00e0 l&rsquo;automne en passant par un psychiatre d&rsquo;origine saoudienne qui a fonc\u00e9 sur la foule d\u2019<b><a href=\"https:\/\/fr.news.yahoo.com\/attaque-magdebourg-lauteur-pr%C3%A9sum%C3%A9-pr%C3%A9sente-163116819.html\" data-ylk=\"slk:un march\u00e9 de No\u00ebl \u00e0 Magdebourg;elm:context_link;itc:0;sec:content-canvas;outcm:mb_qualified_link;_E:mb_qualified_link;ct:story;\" class=\"link  yahoo-link\" target=\"_blank\" rel=\"noopener\">un march\u00e9 de No\u00ebl \u00e0 Magdebourg<\/a> <\/b>et <a href=\"https:\/\/fr.news.yahoo.com\/allemagne-voiture-fonce-foule-%C3%A0-100646838.html\" data-ylk=\"slk:un attentat \u00e0 une voiture-b\u00e9lier qui a fait 36 bless\u00e9s \u00e0 Munich \u00e0 10 jours;elm:context_link;itc:0;sec:content-canvas;outcm:mb_qualified_link;_E:mb_qualified_link;ct:story;\" class=\"link  yahoo-link\" target=\"_blank\" rel=\"noopener\">un attentat \u00e0 une voiture-b\u00e9lier qui a fait 36 bless\u00e9s \u00e0 Munich \u00e0 10 jours<\/a> des \u00e9lections l\u00e9gislatives.<\/p>\n<p>L&rsquo;Allemagne a pourtant \u00e9t\u00e9 pendant des ann\u00e9es moins touch\u00e9e par le terrorisme que ses voisins europ\u00e9ens. Ces \u00e9v\u00e8nements ont <b><a href=\"https:\/\/www.bfmtv.com\/international\/europe\/allemagne\/munich-l-allemagne-est-le-pays-le-plus-touche-en-europe-occidentale-en-2024-explique-alexandre-rodde-chercheur-specialise-sur-les-questions-du-terrorisme_VN-202502130625.html\" rel=\"nofollow noopener\" target=\"_blank\" data-ylk=\"slk:profond\u00e9ment secou\u00e9 l&#039;opinion allemande ces derniers mois;elm:context_link;itc:0;sec:content-canvas\" class=\"link \">profond\u00e9ment secou\u00e9 l&rsquo;opinion allemande ces derniers mois<\/a><\/b>, entra\u00eenant un rapprochement inattendu entre Friedrich Merz, alors le candidat de la droite conservatrice et l&rsquo;AfD (Alternative f\u00fcr Deutschland), rompant ainsi un tabou post-Seconde Guerre mondiale.<\/p>\n<p>\u00ab\u00a0Ouverture\u00a0\u00bb du pays<\/p>\n<p>Le r\u00e9tablissement des contr\u00f4les d\u00e9cid\u00e9s ce mercredi confirme donc le virage pris par Berlin avec sa politique migratoire, apr\u00e8s avoir \u00e9t\u00e9 pendant des ann\u00e9es une voix isol\u00e9e en Europe par son accueil.<\/p>\n<p>Entre 2022 et 2023, ce sont <a href=\"https:\/\/fr.news.yahoo.com\/immigration-guerre-ukraine-d%C3%A9fense-contient-142219691.html\" data-ylk=\"slk:un million d\u2019exil\u00e9s ukrainiens;elm:context_link;itc:0;sec:content-canvas;outcm:mb_qualified_link;_E:mb_qualified_link;ct:story;\" class=\"link  yahoo-link\" target=\"_blank\" rel=\"noopener\">un million d\u2019exil\u00e9s ukrainiens<\/a> qui ont trouv\u00e9 refuge outre-Rhin. L\u2019Allemagne reste d&rsquo;ailleurs le pays qui accueille le plus grand nombre de demandeurs d\u2019asile en Europe, avec pr\u00e8s de 330\u00a0000 primo-demandes enregistr\u00e9es en 2023, loin devant l\u2019Espagne (160.460) et la France (145.095).<\/p>\n<p>Dans un pays \u00e0 la d\u00e9mographie tr\u00e8s vieillissante, le <a href=\"https:\/\/fr.news.yahoo.com\/terrorisme-radicalisation-extr%C3%A9misme-lallemagne-particuli%C3%A8rement-110326618.html\" data-ylk=\"slk:contrat de coalition;elm:context_link;itc:0;sec:content-canvas;outcm:mb_qualified_link;_E:mb_qualified_link;ct:story;\" class=\"link  yahoo-link\" target=\"_blank\" rel=\"noopener\">contrat de coalition<\/a> sign\u00e9e entre les conservateurs et les sociaux-d\u00e9mocrates pr\u00e9voit d&rsquo;ailleurs que l&rsquo;Allemagne reste un pays \u00ab\u00a0ouvert\u00a0\u00bb, toujours \u00e0 la recherche de travailleurs qualifi\u00e9s.<\/p>\n<p><a href=\"https:\/\/www.bfmtv.com\/international\/europe\/allemagne\/l-allemagne-va-refouler-les-demandeurs-d-asile-a-l-exception-des-enfants-et-des-femmes-enceintes_AN-202505080306.html#xtor=AL-68\" rel=\"nofollow noopener\" target=\"_blank\" data-ylk=\"slk:Article original publi\u00e9 sur BFMTV.com;elm:context_link;itc:0;sec:content-canvas\" class=\"link \">Article original publi\u00e9 sur BFMTV.com<\/a><\/p>\n","protected":false},"excerpt":{"rendered":"Une premi\u00e8re d\u00e9cision tr\u00e8s symbolique. Apr\u00e8s une \u00e9lection qui a failli tourner au fiasco, le nouveau chancelier allemand&hellip;\n","protected":false},"author":2,"featured_media":111240,"comment_status":"","ping_status":"","sticky":false,"template":"","format":"standard","meta":{"footnotes":""},"categories":[1587],"tags":[11,20594,672,1804,1805,1803,1777,674,4710,23038,1801,14370,23037,7088,12,1802],"class_list":{"0":"post-111239","1":"post","2":"type-post","3":"status-publish","4":"format-standard","5":"has-post-thumbnail","7":"category-allemagne","8":"tag-actualites","9":"tag-alexander-dobrindt","10":"tag-allemagne","11":"tag-bundesrepublik-deutschland","12":"tag-de","13":"tag-deutschland","14":"tag-eu","15":"tag-europe","16":"tag-friedrich-merz","17":"tag-frontieres-de-la-france","18":"tag-germany","19":"tag-les-enfants","20":"tag-lutte-contre-limmigration","21":"tag-ministre-de-linterieur","22":"tag-news","23":"tag-republique-federale-dallemagne"},"share_on_mastodon":{"url":"https:\/\/pubeurope.com\/@fr\/114533444064881891","error":""},"_links":{"self":[{"href":"https:\/\/www.europesays.com\/fr\/wp-json\/wp\/v2\/posts\/111239","targetHints":{"allow":["GET"]}}],"collection":[{"href":"https:\/\/www.europesays.com\/fr\/wp-json\/wp\/v2\/posts"}],"about":[{"href":"https:\/\/www.europesays.com\/fr\/wp-json\/wp\/v2\/types\/post"}],"author":[{"embeddable":true,"href":"https:\/\/www.europesays.com\/fr\/wp-json\/wp\/v2\/users\/2"}],"replies":[{"embeddable":true,"href":"https:\/\/www.europesays.com\/fr\/wp-json\/wp\/v2\/comments?post=111239"}],"version-history":[{"count":0,"href":"https:\/\/www.europesays.com\/fr\/wp-json\/wp\/v2\/posts\/111239\/revisions"}],"wp:featuredmedia":[{"embeddable":true,"href":"https:\/\/www.europesays.com\/fr\/wp-json\/wp\/v2\/media\/111240"}],"wp:attachment":[{"href":"https:\/\/www.europesays.com\/fr\/wp-json\/wp\/v2\/media?parent=111239"}],"wp:term":[{"taxonomy":"category","embeddable":true,"href":"https:\/\/www.europesays.com\/fr\/wp-json\/wp\/v2\/categories?post=111239"},{"taxonomy":"post_tag","embeddable":true,"href":"https:\/\/www.europesays.com\/fr\/wp-json\/wp\/v2\/tags?post=111239"}],"curies":[{"name":"wp","href":"https:\/\/api.w.org\/{rel}","templated":true}]}}