{"id":111241,"date":"2025-05-19T08:00:08","date_gmt":"2025-05-19T08:00:08","guid":{"rendered":"https:\/\/www.europesays.com\/fr\/111241\/"},"modified":"2025-05-19T08:00:08","modified_gmt":"2025-05-19T08:00:08","slug":"leurope-ouvre-en-legere-baisse-avant-une-semaine-riche-en-evenements","status":"publish","type":"post","link":"https:\/\/www.europesays.com\/fr\/111241\/","title":{"rendered":"L&rsquo;Europe ouvre en l\u00e9g\u00e8re baisse avant une semaine riche en \u00e9v\u00e9nements"},"content":{"rendered":"<p>\u00c0 Paris, le CAC 40 se replie de 0,42% \u00e0 7.853,8 points vers 07h15 GMT. Le Dax \u00e0 Francfort abandonne 0,22%, tandis que le FTSE \u00e0 Londres d\u00e9cline de 0,27%.<\/p>\n<p>L&rsquo;indice paneurop\u00e9en FTSEurofirst 300 perd 0,33%, l&rsquo;EuroStoxx 50 recule de 0,52% et le Stoxx 600 d\u00e9cline de 0,47%.<\/p>\n<p>Les investisseurs se pr\u00e9parent \u00e0 une semaine riche en \u00e9v\u00e9nements politiques et g\u00e9opolitiques qui pourraient avoir des cons\u00e9quences sur les march\u00e9s. <\/p>\n<p>Emmanuel Macron s&rsquo;est entretenu dimanche de la guerre en Ukraine avec les dirigeants des Etats-Unis, de la Grande-Bretagne, de l&rsquo;Italie et de l&rsquo;Allemagne tandis que Donald Trump doit \u00e9changer avec Poutine lundi sur le sujet.<\/p>\n<p>Le Premier ministre britannique Keir Starmer re\u00e7oit par ailleurs les dirigeants de l&rsquo;Union europ\u00e9enne afin de discuter d&rsquo;un nouvel accord de d\u00e9fense avec le bloc et d&rsquo;am\u00e9liorer les liens commerciaux post-Brexit.<\/p>\n<p>En France, plus de 35 milliards d&rsquo;euros d&rsquo;investissements doivent \u00eatre annonc\u00e9s par des grandes entreprises \u00e9trang\u00e8res lors du sommet \u00ab\u00a0Choose France\u00a0\u00bb. <\/p>\n<p>Ailleurs dans le monde, Moody&rsquo;s a abaiss\u00e9 d&rsquo;un cran la note de cr\u00e9dit des Etats-Unis vendredi soir tandis que des donn\u00e9es mitig\u00e9es publi\u00e9es lundi matin en Chine p\u00e8sent sur le sentiment. <\/p>\n<p>Aux valeurs, Euronext perd 2,1% apr\u00e8s des changements de recommandation.<\/p>\n<p> (R\u00e9dig\u00e9 par Bertrand De Meyer, \u00e9dit\u00e9 par Augustin Turpin)<\/p>\n","protected":false},"excerpt":{"rendered":"\u00c0 Paris, le CAC 40 se replie de 0,42% \u00e0 7.853,8 points vers 07h15 GMT. Le Dax \u00e0&hellip;\n","protected":false},"author":2,"featured_media":111242,"comment_status":"","ping_status":"","sticky":false,"template":"","format":"standard","meta":{"footnotes":""},"categories":[1586],"tags":[11,2125,1777,674,1011,27,2124,12,25],"class_list":{"0":"post-111241","1":"post","2":"type-post","3":"status-publish","4":"format-standard","5":"has-post-thumbnail","7":"category-europe","8":"tag-actualites","9":"tag-depeches-reuters","10":"tag-eu","11":"tag-europe","12":"tag-fr","13":"tag-france","14":"tag-infos-reuters","15":"tag-news","16":"tag-republique-francaise"},"share_on_mastodon":{"url":"https:\/\/pubeurope.com\/@fr\/114533447950657791","error":""},"_links":{"self":[{"href":"https:\/\/www.europesays.com\/fr\/wp-json\/wp\/v2\/posts\/111241","targetHints":{"allow":["GET"]}}],"collection":[{"href":"https:\/\/www.europesays.com\/fr\/wp-json\/wp\/v2\/posts"}],"about":[{"href":"https:\/\/www.europesays.com\/fr\/wp-json\/wp\/v2\/types\/post"}],"author":[{"embeddable":true,"href":"https:\/\/www.europesays.com\/fr\/wp-json\/wp\/v2\/users\/2"}],"replies":[{"embeddable":true,"href":"https:\/\/www.europesays.com\/fr\/wp-json\/wp\/v2\/comments?post=111241"}],"version-history":[{"count":0,"href":"https:\/\/www.europesays.com\/fr\/wp-json\/wp\/v2\/posts\/111241\/revisions"}],"wp:featuredmedia":[{"embeddable":true,"href":"https:\/\/www.europesays.com\/fr\/wp-json\/wp\/v2\/media\/111242"}],"wp:attachment":[{"href":"https:\/\/www.europesays.com\/fr\/wp-json\/wp\/v2\/media?parent=111241"}],"wp:term":[{"taxonomy":"category","embeddable":true,"href":"https:\/\/www.europesays.com\/fr\/wp-json\/wp\/v2\/categories?post=111241"},{"taxonomy":"post_tag","embeddable":true,"href":"https:\/\/www.europesays.com\/fr\/wp-json\/wp\/v2\/tags?post=111241"}],"curies":[{"name":"wp","href":"https:\/\/api.w.org\/{rel}","templated":true}]}}