{"id":111243,"date":"2025-05-19T08:01:08","date_gmt":"2025-05-19T08:01:08","guid":{"rendered":"https:\/\/www.europesays.com\/fr\/111243\/"},"modified":"2025-05-19T08:01:08","modified_gmt":"2025-05-19T08:01:08","slug":"jai-eu-beaucoup-dhistoires-karine-le-marchand-cash-sur-sa-vie-amoureuse","status":"publish","type":"post","link":"https:\/\/www.europesays.com\/fr\/111243\/","title":{"rendered":"\u00ab\u00a0J&rsquo;ai eu beaucoup d&rsquo;histoires\u2026\u00a0\u00bb: Karine Le Marchand, cash sur sa vie amoureuse"},"content":{"rendered":"<p>      R\u00e9sum\u00e9<\/p>\n<p>Karine Le Marchand s&rsquo;est livr\u00e9e sur sa vie amoureuse compliqu\u00e9e tout en d\u00e9voilant le lancement prochain de son agence matrimoniale 2.0 pour des rencontres authentiques.<\/p>\n<p>        Sommaire<\/p>\n<p>Pour le dernier \u00e9pisode d&rsquo;<strong>Une Ambition Intime<\/strong>, dont la diffusion est pr\u00e9vue le 1er juin prochain sur M6, <a href=\"https:\/\/www.public.fr\/tag\/karine-le-marchand\" target=\"_blank\" rel=\"noopener\">Karine Le Marchand<\/a> a r\u00e9uni <strong>un casting politique de haut vol<\/strong>. <\/p>\n<p>Pour cette nouvelle \u00e9dition, l&rsquo;animatrice s&rsquo;est en effet pench\u00e9e sur les parcours de Fabien Roussel, secr\u00e9taire national du Parti communiste, de Sandrine Rousseau, d\u00e9put\u00e9e Les \u00c9cologistes, de G\u00e9rald Darmanin, d\u00e9sormais ministre de la Justice du gouvernement Bayrou, ainsi que de <a href=\"https:\/\/www.public.fr\/karine-le-marchand-et-jordan-bardella-du-jamais-vu-du-jamais-dit\" target=\"_blank\" rel=\"noopener\">Jordan Bardella<\/a>, pr\u00e9sident du Rassemblement national. Une \u00e9mission qui promet de faire parler d&rsquo;elle.<\/p>\n<p>Karine Le Marchand \u00e0 la t\u00eate de nombreux projets<\/p>\n<p>Fi\u00e8re de ce projet, Karine Le Marchand encha\u00eene les prises de parole m\u00e9diatiques pour en assurer la promotion. Ce dimanche 18 mai 2025, c&rsquo;est dans les colonnes de La Tribune du dimanche qu&rsquo;elle s&rsquo;est confi\u00e9e, levant le voile sur les coulisses de ce num\u00e9ro tr\u00e8s attendu, qui n&rsquo;a rien \u00e0 voir avec un programme people. <\/p>\n<p>\u00ab\u00a0<strong>Il s&rsquo;agit d&rsquo;un portrait d&rsquo;une personnalit\u00e9 avec des ponts entre ce qu&rsquo;elle a v\u00e9cu et ses id\u00e9es. La sph\u00e8re intime influe sur les combats, le nier serait se tromper magistralement ! En cela, oui, c&rsquo;est une \u00e9mission politique car d\u00e9couvrir la vie priv\u00e9e permet de mieux comprendre le programme<\/strong>\u00ab\u00a0, a-t-elle confi\u00e9 avant d&rsquo;\u00e9voquer un autre sujet : <strong>le lancement de son agence matrimoniale 2.0<\/strong> qui s&rsquo;adresse \u00ab\u00a0aux gens qui cherchent un amour sinc\u00e8re et durable\u00a0\u00bb. <\/p>\n<p>\u00ab\u00a0Cette agence lanc\u00e9e prochainement s\u2019adressera aux personnes lass\u00e9es des applis de rencontre, o\u00f9 l\u2019on se choisit avec un index sur un \u00e9cran, sans aucune humanit\u00e9\u00a0\u00bb, a expliqu\u00e9 Karine Le Marchand. <\/p>\n<p>\u00ab\u00a0Je vis tr\u00e8s bien le c\u00e9libat\u00a0\u00bb<\/p>\n<p>Outre cette agence qui devrait permettre \u00e0 ceux qui\u00a0\u00ab\u00a0cr\u00e8vent de solitude\u00a0\u00bb\u00a0de rencontrer l&rsquo;amour, l&rsquo;animatrice vedette a \u00e9voqu\u00e9 sa propre vie sentimentale. <\/p>\n<p>\u00ab\u00a0<strong>C\u2019est vrai que je vis tr\u00e8s bien [le c\u00e9libat], c\u2019est \u00e7a le probl\u00e8me !<\/strong>\u00ab\u00a0, a-t-elle indiqu\u00e9. Et si elle \u00ab\u00a0croit encore \u00e0 une histoire d&rsquo;amour\u00a0\u00bb, elle n&rsquo;est pas pr\u00eate \u00e0 abandonner sa vie actuelle pour le premier venu. <\/p>\n<p>\u00ab\u00a0<strong>J\u2019ai peur de perdre ma sant\u00e9 mentale en tombant sur un dingue. Je suis hyper parano\u00efaque : entre les tromperies, les vies doubles et\u00a0les mythomanes, j\u2019ai eu beaucoup d\u2019histoires d\u00e9ceptives. Et puis une femme qui gagne bien sa vie, qui est connue et qui a du caract\u00e8re, \u00e7a peut faire peur. Mes amis disent que je suis &lsquo;surqualifi\u00e9e&rsquo;<\/strong>\u00ab\u00a0, a-t-elle r\u00e9v\u00e9l\u00e9. C&rsquo;est dit !<\/p>\n<p>      Mentionn\u00e9s dans cet article<\/p>\n<p>\u00c0 lire aussi<\/p>\n","protected":false},"excerpt":{"rendered":"R\u00e9sum\u00e9 Karine Le Marchand s&rsquo;est livr\u00e9e sur sa vie amoureuse compliqu\u00e9e tout en d\u00e9voilant le lancement prochain de&hellip;\n","protected":false},"author":2,"featured_media":111244,"comment_status":"","ping_status":"","sticky":false,"template":"","format":"standard","meta":{"footnotes":""},"categories":[1586],"tags":[11,1193,1777,674,1779,1011,27,5413,12,25,1778,364,23039],"class_list":{"0":"post-111243","1":"post","2":"type-post","3":"status-publish","4":"format-standard","5":"has-post-thumbnail","7":"category-europe","8":"tag-actualites","9":"tag-couple","10":"tag-eu","11":"tag-europe","12":"tag-european-union","13":"tag-fr","14":"tag-france","15":"tag-karine-le-marchand","16":"tag-news","17":"tag-republique-francaise","18":"tag-ue","19":"tag-union-europeenne","20":"tag-vie-sentimentale"},"share_on_mastodon":{"url":"https:\/\/pubeurope.com\/@fr\/114533451921786523","error":""},"_links":{"self":[{"href":"https:\/\/www.europesays.com\/fr\/wp-json\/wp\/v2\/posts\/111243","targetHints":{"allow":["GET"]}}],"collection":[{"href":"https:\/\/www.europesays.com\/fr\/wp-json\/wp\/v2\/posts"}],"about":[{"href":"https:\/\/www.europesays.com\/fr\/wp-json\/wp\/v2\/types\/post"}],"author":[{"embeddable":true,"href":"https:\/\/www.europesays.com\/fr\/wp-json\/wp\/v2\/users\/2"}],"replies":[{"embeddable":true,"href":"https:\/\/www.europesays.com\/fr\/wp-json\/wp\/v2\/comments?post=111243"}],"version-history":[{"count":0,"href":"https:\/\/www.europesays.com\/fr\/wp-json\/wp\/v2\/posts\/111243\/revisions"}],"wp:featuredmedia":[{"embeddable":true,"href":"https:\/\/www.europesays.com\/fr\/wp-json\/wp\/v2\/media\/111244"}],"wp:attachment":[{"href":"https:\/\/www.europesays.com\/fr\/wp-json\/wp\/v2\/media?parent=111243"}],"wp:term":[{"taxonomy":"category","embeddable":true,"href":"https:\/\/www.europesays.com\/fr\/wp-json\/wp\/v2\/categories?post=111243"},{"taxonomy":"post_tag","embeddable":true,"href":"https:\/\/www.europesays.com\/fr\/wp-json\/wp\/v2\/tags?post=111243"}],"curies":[{"name":"wp","href":"https:\/\/api.w.org\/{rel}","templated":true}]}}