{"id":111253,"date":"2025-05-19T08:07:08","date_gmt":"2025-05-19T08:07:08","guid":{"rendered":"https:\/\/www.europesays.com\/fr\/111253\/"},"modified":"2025-05-19T08:07:08","modified_gmt":"2025-05-19T08:07:08","slug":"rugby-un-joueur-de-vannes-plait-au-xv-de-france-pour-la-tournee-dete-chez-les-all-blacks","status":"publish","type":"post","link":"https:\/\/www.europesays.com\/fr\/111253\/","title":{"rendered":"Rugby. Un joueur de Vannes pla\u00eet au XV de France pour la tourn\u00e9e d&rsquo;\u00e9t\u00e9 chez les All Blacks"},"content":{"rendered":"<p>            Par<br \/>\n        <strong><br \/>\n            <a href=\"https:\/\/actu.fr\/auteur\/redaction-rugby\" title=\"Consulter tous les articles de R\u00e9daction Rugby\" target=\"_blank\" rel=\"noopener\">R\u00e9daction Rugby<\/a><br \/>\n        <\/strong><\/p>\n<p>        Publi\u00e9 le<\/p>\n<p>            19 mai 2025 \u00e0 6h30        <\/p>\n<p>Le pilier gauche de <a href=\"https:\/\/actu.fr\/rugby\/equipe\/vannes_64dbdff47b8c09c4fec7b0c9\/\" target=\"_blank\" rel=\"noopener\">Vannes<\/a>, <a href=\"https:\/\/actu.fr\/rugby\/joueur\/moukoro_64e0961f7b8c09c4fed03260\/\" target=\"_blank\" rel=\"noopener\">Thomas Moukoro<\/a>, r\u00e9alise une fin de saison de tr\u00e8s bonne facture. Au point de le voir d\u00e9barquer au sein du <a href=\"https:\/\/actu.fr\/rugby\/xv-de-france\" target=\"_blank\" rel=\"noopener\">XV de France<\/a> cet \u00e9t\u00e9 pour la tr\u00e8s convoit\u00e9e tourn\u00e9e en Nouvelle-Z\u00e9lande ? C\u2019est une possibilit\u00e9. Explications.<\/p>\n<p>XV de France : Thomas Moukoro suivi<\/p>\n<p class=\" wall-content\">Selon les informations d\u2019Actu Rugby, le gaucher Thomas Moukoro, auteur de 20 feuilles de match pour 8 titularisations cette saison, pla\u00eet au staff des Bleus pour la tourn\u00e9e estivale en Nouvelle-Z\u00e9lande.<\/p>\n<p class=\" wall-content\">Une juste r\u00e9compense pour l\u2019ex international U20 qui r\u00e9alise une fin de saison de haut niveau avec son club de Vannes. Il a, par exemple, encha\u00een\u00e9 les essais ces derni\u00e8res journ\u00e9es avec 7 r\u00e9alisations inscrites en 8 rencontres (5 titularisations).<\/p>\n<p>Du monde au poste de pilier gauche<\/p>\n<p class=\" wall-content\">Bien malin celui qui arrivera \u00e0 d\u00e9signer, avant la sortie de la liste officielle, qui seront les piliers gauches retenus par Fabien Galthi\u00e9 pour une tourn\u00e9e d\u2019\u00e9t\u00e9 en Nouvelle-Z\u00e9lande. Cyril Baille, qui disputera les demi-finales avec le Stade Toulousain pourrait ne pas \u00eatre du d\u00e9placement si la formation haut-garonnaise venait \u00e0 se qualifier en finale.<\/p>\n<p class=\" wall-content\">Le Toulonnais Jean-Baptiste Gros fait partie de la liste \u00ab\u00a0Premium\u00a0\u00bb et ne devrait, en toute logique, pas \u00eatre du voyage.<\/p>\n<p class=\" wall-content\">Le Racingman <strong>Hassane Kolingar<\/strong>, de son c\u00f4t\u00e9, serait bien parti pour faire partie du squad tricolore tout comme le Toulonnais <strong>Dany Priso<\/strong>. Il reste toutefois des postes \u00e0 pouvoir \u00e0 gauche de la m\u00eal\u00e9e, Thomas Moukoro pourrait donc en faire partie. La concurrence est toutefois rude avec des joueurs comme le Palois <strong>Daniel Bibi Biziwu<\/strong>\u00a0qui r\u00e9alise une deuxi\u00e8me partie de saison de haut niveau tout comme son co\u00e9quipier Hugo Parrou, mais \u00e9galement le Perpignanais <strong>Giorgi Beria<\/strong>.<\/p>\n<p class=\" wall-content\">Le futur Lyonnais, pr\u00eat\u00e9 par le Racing 92 au RC Vannes cette saison, serait r\u00e9compens\u00e9 d\u2019une belle saison avec le promu. Si les Bretons pointent \u00e0 la derni\u00e8re place du classement, les performances de Moukoro n\u2019ont pas laiss\u00e9 insensibles Fabien Galthi\u00e9 et son staff. De l\u00e0 \u00e0 lui donner sa chance en s\u00e9lection ? Il n\u2019y a qu\u2019un pas.<\/p>\n<p class=\" wall-content\"><strong>Tanguy SCIGALA<\/strong><\/p>\n<p class=\" wall-content\">Suivez toute l\u2019actualit\u00e9 de vos villes et m\u00e9dias favoris en vous inscrivant \u00e0 <a href=\"https:\/\/moncompte.actu.fr\" title=\"D\u00e9couvez Mon Actu\" rel=\"nofollow noopener\" data-trk=\"{&quot;cta&quot;:{&quot;action&quot;:&quot;https:\\\/\\\/moncompte.actu.fr&quot;,&quot;category&quot;:&quot;mon compte&quot;,&quot;from&quot;:&quot;article footer&quot;,&quot;name&quot;:&quot;Mon actu&quot;,&quot;type&quot;:&quot;cta&quot;}}\" target=\"_blank\">Mon Actu<\/a>.<\/p>\n","protected":false},"excerpt":{"rendered":"Par R\u00e9daction Rugby Publi\u00e9 le 19 mai 2025 \u00e0 6h30 Le pilier gauche de Vannes, Thomas Moukoro, r\u00e9alise&hellip;\n","protected":false},"author":2,"featured_media":111254,"comment_status":"","ping_status":"","sticky":false,"template":"","format":"standard","meta":{"footnotes":""},"categories":[1416],"tags":[2305,515,1011,27,479,1468,60,513],"class_list":{"0":"post-111253","1":"post","2":"type-post","3":"status-publish","4":"format-standard","5":"has-post-thumbnail","7":"category-rugby","8":"tag-all-blacks","9":"tag-fabien-galthie","10":"tag-fr","11":"tag-france","12":"tag-rugby","13":"tag-rugby-football","14":"tag-sports","15":"tag-xv-de-france"},"share_on_mastodon":{"url":"https:\/\/pubeurope.com\/@fr\/114533475500281595","error":""},"_links":{"self":[{"href":"https:\/\/www.europesays.com\/fr\/wp-json\/wp\/v2\/posts\/111253","targetHints":{"allow":["GET"]}}],"collection":[{"href":"https:\/\/www.europesays.com\/fr\/wp-json\/wp\/v2\/posts"}],"about":[{"href":"https:\/\/www.europesays.com\/fr\/wp-json\/wp\/v2\/types\/post"}],"author":[{"embeddable":true,"href":"https:\/\/www.europesays.com\/fr\/wp-json\/wp\/v2\/users\/2"}],"replies":[{"embeddable":true,"href":"https:\/\/www.europesays.com\/fr\/wp-json\/wp\/v2\/comments?post=111253"}],"version-history":[{"count":0,"href":"https:\/\/www.europesays.com\/fr\/wp-json\/wp\/v2\/posts\/111253\/revisions"}],"wp:featuredmedia":[{"embeddable":true,"href":"https:\/\/www.europesays.com\/fr\/wp-json\/wp\/v2\/media\/111254"}],"wp:attachment":[{"href":"https:\/\/www.europesays.com\/fr\/wp-json\/wp\/v2\/media?parent=111253"}],"wp:term":[{"taxonomy":"category","embeddable":true,"href":"https:\/\/www.europesays.com\/fr\/wp-json\/wp\/v2\/categories?post=111253"},{"taxonomy":"post_tag","embeddable":true,"href":"https:\/\/www.europesays.com\/fr\/wp-json\/wp\/v2\/tags?post=111253"}],"curies":[{"name":"wp","href":"https:\/\/api.w.org\/{rel}","templated":true}]}}