{"id":111259,"date":"2025-05-19T08:11:11","date_gmt":"2025-05-19T08:11:11","guid":{"rendered":"https:\/\/www.europesays.com\/fr\/111259\/"},"modified":"2025-05-19T08:11:11","modified_gmt":"2025-05-19T08:11:11","slug":"alonso-sest-decrit-comme-le-pilote-le-plus-malchanceux-du-monde","status":"publish","type":"post","link":"https:\/\/www.europesays.com\/fr\/111259\/","title":{"rendered":"Alonso s&rsquo;est d\u00e9crit comme \u00ab\u00a0le pilote le plus malchanceux du monde\u00a0\u00bb"},"content":{"rendered":"<p>Apr\u00e8s sa cinqui\u00e8me place surprise des qualifications, avec un tour en pneus mediums lors de la Q3, <a href=\"https:\/\/fr.motorsport.com\/driver\/fernando-alonso\/76096\/\" target=\"_blank\" rel=\"noopener\">Fernando Alonso<\/a> a bien tenu cette position au d\u00e9but de la course ce dimanche au Grand Prix d&rsquo;\u00c9milie-Romagne 2025 de F1 et est m\u00eame rest\u00e9 dans le wagon qui se battait pour la troisi\u00e8me place, bien aid\u00e9 par les difficult\u00e9s grandissantes de <a href=\"https:\/\/fr.motorsport.com\/driver\/george-russell\/96626\/\" target=\"_blank\" rel=\"noopener\">George Russell<\/a>.<\/p>\n<p>Toutefois, en faisant le choix d&rsquo;arr\u00eater ses deux voitures rapidement, mettant ainsi ses \u0153ufs dans le m\u00eame panier, <a href=\"https:\/\/fr.motorsport.com\/team\/aston-martin\/806\/\" target=\"_blank\" rel=\"noopener\">Aston Martin<\/a> a fait partie des \u00e9curies pi\u00e9g\u00e9es par l&rsquo;irruption d&rsquo;une Virtual Safety Car peu avant la mi-course, suite \u00e0 l&rsquo;abandon de la <a href=\"https:\/\/fr.motorsport.com\/team\/haas\/1949\/\" target=\"_blank\" rel=\"noopener\">Haas<\/a> d&rsquo;<a href=\"https:\/\/fr.motorsport.com\/driver\/esteban-ocon\/95096\/\" target=\"_blank\" rel=\"noopener\">Esteban Ocon<\/a>. En effet, en ralentissant le rythme des voitures en piste le temps de d\u00e9gager la VF-25, cela a offert la possibilit\u00e9 \u00e0 plusieurs pilotes qui ne s&rsquo;\u00e9taient pas encore arr\u00eat\u00e9s de pouvoir le faire sans perdre autant de temps que pr\u00e9vu et en chaussant des pneus moins us\u00e9s.<\/p>\n<p>Cela a amen\u00e9 le pilote \u00e0 lancer \u00e0 la radio, dans un message diffus\u00e9 par la r\u00e9alisation TV de l&rsquo;\u00e9preuve au 43e tour\u00a0: \u00ab\u00a0\u00c7a va \u00eatre une torture, c&rsquo;est une catastrophe. Je suis le pilote le plus malchanceux du putain de monde.\u00a0\u00bb<\/p>\n<p>Interrog\u00e9 apr\u00e8s la course sur cette sortie, le double champion du monde a d\u00e9clar\u00e9\u00a0: \u00ab\u00a0La voiture \u00e9tait tr\u00e8s forte aujourd&rsquo;hui. Nous avons pris un bon d\u00e9part et j&rsquo;ai pu suivre [Lando] Norris et Russell. En fait, Russell \u00e9tait un peu plus lent que nous deux, j&rsquo;ai donc d\u00fb me pincer pour r\u00e9aliser que j&rsquo;\u00e9tais dans la premi\u00e8re partie du peloton et que j&rsquo;\u00e9tais comp\u00e9titif.\u00a0\u00bb<\/p>\n<p>   <img decoding=\"async\" draggable=\"false\" src=\"https:\/\/www.europesays.com\/fr\/wp-content\/uploads\/2025\/05\/1747642271_367_fernando-alonso-aston-martin-r.jpg\" alt=\"Fernando Alonso, Aston Martin Racing\" width=\"1200\" height=\"800\" loading=\"lazy\"\/> <\/p>\n<p class=\"title\">Fernando Alonso, Aston Martin Racing<\/p>\n<p class=\"photographer\">Photo de: Zak Mauger \/ Motorsport Images via Getty Images<\/p>\n<p>\u00ab\u00a0Puis nous nous sommes arr\u00eat\u00e9s [au 12e tour]. Je pense que nous \u00e9tions en mesure d&rsquo;assurer les sixi\u00e8me et septi\u00e8me places avec les deux voitures. Et puis la voiture de s\u00e9curit\u00e9 virtuelle [entr\u00e9e en vigueur du 29e au 31e tours] a \u00e9videmment donn\u00e9 l&rsquo;opportunit\u00e9 d&rsquo;un arr\u00eat gratuit \u00e0 ceux qui ne l&rsquo;avaient pas fait \u00e0 ce moment-l\u00e0.\u00a0Ils sont sortis des stands juste devant nous avec des pneus neufs et la course \u00e9tait termin\u00e9e.\u00a0\u00bb<\/p>\n<p><a href=\"https:\/\/fr.motorsport.com\/driver\/alexander-albon\/109635\/\" target=\"_blank\" rel=\"noopener\">Alexander Albon<\/a>, <a href=\"https:\/\/fr.motorsport.com\/driver\/isack-hadjar\/876622\/\" target=\"_blank\" rel=\"noopener\">Isack Hadjar<\/a>, <a href=\"https:\/\/fr.motorsport.com\/driver\/kimi-antonelli\/947765\/\" target=\"_blank\" rel=\"noopener\">Kimi Antonelli<\/a> et <a href=\"https:\/\/fr.motorsport.com\/driver\/lewis-hamilton\/76878\/\" target=\"_blank\" rel=\"noopener\">Lewis Hamilton<\/a> ont \u00e9t\u00e9 les quatre pilotes qui ont d\u00e9pass\u00e9 Alonso gr\u00e2ce \u00e0 la VSC, tandis que <a href=\"https:\/\/fr.motorsport.com\/driver\/charles-leclerc\/109632\/\" target=\"_blank\" rel=\"noopener\">Charles Leclerc<\/a>, George Russell, <a href=\"https:\/\/fr.motorsport.com\/driver\/nico-hulkenberg\/84891\/\" target=\"_blank\" rel=\"noopener\">Nico H\u00fclkenberg<\/a>, <a href=\"https:\/\/fr.motorsport.com\/driver\/carlos-sainz-jr\/91450\/\" target=\"_blank\" rel=\"noopener\">Carlos Sainz<\/a> et <a href=\"https:\/\/fr.motorsport.com\/driver\/yuki-tsunoda\/828578\/\" target=\"_blank\" rel=\"noopener\">Yuki Tsunoda<\/a>, qui l&rsquo;ont doubl\u00e9 apr\u00e8s cette neutralisation, ont eux aussi chauss\u00e9 des pneus neufs contrairement \u00e0 l&rsquo;Espagnol.<\/p>\n<p>\u00ab\u00a0Donc, oui, je pense que sur 100 sc\u00e9narios de course, 99 nous \u00e9taient favorables et auraient permis de marquer des points pour l&rsquo;\u00e9quipe aujourd&rsquo;hui. Un seul ne l&rsquo;\u00e9tait pas et il s&rsquo;est produit, mais avec un peu de chance, dans d&rsquo;autres courses, nous ne m\u00e9riterons peut-\u00eatre pas les points et nous les marquerons avec de la r\u00e9ussite. Mais aujourd&rsquo;hui, je pense que c&rsquo;est un peu injuste. [&#8230;] C&rsquo;\u00e9tait juste le mauvais moment, le mauvais moment pour nous, et au mauvais endroit.\u00a0\u00bb<\/p>\n<blockquote>\n<p>Je suis toujours tomb\u00e9 du mauvais c\u00f4t\u00e9 dans ma carri\u00e8re.<\/p>\n<\/blockquote>\n<p>Plus tard, il a ajout\u00e9 : \u00ab\u00a0Je pense que toute la saison a \u00e9t\u00e9 incroyable. Si je repense \u00e0 l&rsquo;Australie, je me sentais fort [avant de sortir de piste]. En Chine, les freins \u00e9taient en feu alors que j&rsquo;\u00e9tais P11 au d\u00e9part, et ensuite, il y a eu trois voitures disqualifi\u00e9es. \u00c0 Miami, nous ne nous sommes pas arr\u00eat\u00e9s pour des pneus slicks.\u00a0\u00bb <\/p>\n<p>\u00ab\u00a0Aujourd&rsquo;hui, nous avons enfin une voiture forte qui nous permet pour la premi\u00e8re fois de marquer des points au m\u00e9rite. Et il y a cette voiture de s\u00e9curit\u00e9 virtuelle. Il n&rsquo;y avait pas de voiture de s\u00e9curit\u00e9 virtuelle lorsque nous \u00e9tions P12, P13 dans les courses pr\u00e9c\u00e9dentes. En g\u00e9n\u00e9ral, comme vous le savez, je suis toujours tomb\u00e9 du mauvais c\u00f4t\u00e9 dans ma carri\u00e8re. Des gens qui ont eu un week-end tr\u00e8s moyen sont quand m\u00eame dans les cinq premiers.\u00a0\u00bb<\/p>\n<p style=\"text-align: right;\">Avec Ben Hunt<\/p>\n<p>Lire aussi :<\/p>\n<p>Dans cet article<\/p>\n<p>    Fabien Gaillard\n<\/p>\n<p>    Formule 1\n<\/p>\n<p>    Fernando Alonso\n<\/p>\n<p>    Aston Martin\n<\/p>\n<p>Soyez le premier inform\u00e9 et souscrivez aux alertes mails pour recevoir les infos en temps r\u00e9el<\/p>\n<p>    S&rsquo;abonner aux alertes de news<\/p>\n","protected":false},"excerpt":{"rendered":"Apr\u00e8s sa cinqui\u00e8me place surprise des qualifications, avec un tour en pneus mediums lors de la Q3, Fernando&hellip;\n","protected":false},"author":2,"featured_media":111260,"comment_status":"","ping_status":"","sticky":false,"template":"","format":"standard","meta":{"footnotes":""},"categories":[1412],"tags":[1709,1451,1710,1452,1453,1454,1455,1011,27,18197,9935,60],"class_list":{"0":"post-111259","1":"post","2":"type-post","3":"status-publish","4":"format-standard","5":"has-post-thumbnail","7":"category-f1","8":"tag-aston-martin","9":"tag-f1","10":"tag-fernando-alonso","11":"tag-formula-1","12":"tag-formula1","13":"tag-formule-1","14":"tag-formule1","15":"tag-fr","16":"tag-france","17":"tag-gp-du00c9milie-romagne","18":"tag-imola","19":"tag-sports"},"share_on_mastodon":{"url":"https:\/\/pubeurope.com\/@fr\/114533491316774449","error":""},"_links":{"self":[{"href":"https:\/\/www.europesays.com\/fr\/wp-json\/wp\/v2\/posts\/111259","targetHints":{"allow":["GET"]}}],"collection":[{"href":"https:\/\/www.europesays.com\/fr\/wp-json\/wp\/v2\/posts"}],"about":[{"href":"https:\/\/www.europesays.com\/fr\/wp-json\/wp\/v2\/types\/post"}],"author":[{"embeddable":true,"href":"https:\/\/www.europesays.com\/fr\/wp-json\/wp\/v2\/users\/2"}],"replies":[{"embeddable":true,"href":"https:\/\/www.europesays.com\/fr\/wp-json\/wp\/v2\/comments?post=111259"}],"version-history":[{"count":0,"href":"https:\/\/www.europesays.com\/fr\/wp-json\/wp\/v2\/posts\/111259\/revisions"}],"wp:featuredmedia":[{"embeddable":true,"href":"https:\/\/www.europesays.com\/fr\/wp-json\/wp\/v2\/media\/111260"}],"wp:attachment":[{"href":"https:\/\/www.europesays.com\/fr\/wp-json\/wp\/v2\/media?parent=111259"}],"wp:term":[{"taxonomy":"category","embeddable":true,"href":"https:\/\/www.europesays.com\/fr\/wp-json\/wp\/v2\/categories?post=111259"},{"taxonomy":"post_tag","embeddable":true,"href":"https:\/\/www.europesays.com\/fr\/wp-json\/wp\/v2\/tags?post=111259"}],"curies":[{"name":"wp","href":"https:\/\/api.w.org\/{rel}","templated":true}]}}