{"id":1112605,"date":"2026-08-07T00:59:15","date_gmt":"2026-08-07T00:59:15","guid":{"rendered":"https:\/\/www.europesays.com\/fr\/1112605\/"},"modified":"2026-08-07T00:59:15","modified_gmt":"2026-08-07T00:59:15","slug":"cauchemar-en-cuisine-le-restaurant-de-neetah-et-rakesh-en-dordo","status":"publish","type":"post","link":"https:\/\/www.europesays.com\/fr\/1112605\/","title":{"rendered":"Cauchemar en cuisine : le restaurant de Neetah et Rakesh en Dordo &#8230;"},"content":{"rendered":"<ul class=\"en-bref-list\">\n<li>En 2026, La Caf\u00e9t\u00e9ria Du Pontet \u00e0 Sarlat-la-Can\u00e9da, r\u00e9v\u00e9l\u00e9e<br \/>\ndans Cauchemar en cuisine avec Neetah et Rakesh, reste ouverte<br \/>\napr\u00e8s l\u2019\u00e9mission M6.<\/li>\n<li>Le restaurant self-service affiche environ 4\/5 sur Google,<br \/>\npropose un service surtout le midi et est pass\u00e9 d\u2019une dizaine \u00e0<br \/>\nsoixante couverts par service.<\/li>\n<li>L\u2019article retrace cauchemar en cuisine sarlat la caneda,<br \/>\nd\u00e9taille les changements de carte, d\u00e9coration, organisation et<br \/>\nsynth\u00e9tise les avis positifs comme les critiques.<\/li>\n<li>Ce r\u00e9sum\u00e9 g\u00e9n\u00e9r\u00e9 par IA a \u00e9t\u00e9 valid\u00e9 par les journalistes de la<br \/>\nr\u00e9daction.<\/li>\n<\/ul>\n<p>Chaque soir de diffusion, des centaines de milliers de<br \/>\nt\u00e9l\u00e9spectateurs suivent les sauvetages de Philippe Etchebest. Parmi<br \/>\neux, <a href=\"https:\/\/www.telestar.fr\/actu_tv\/cauchemar-en-cuisine-le-restaurant-de-neetah-et-rakesh-a-sarlat-la-caneda-est-il-toujours-ouvert-1666897\" rel=\"nofollow noopener\" target=\"_blank\"><br \/>\nl\u2019\u00e9pisode de Cauchemar en cuisine tourn\u00e9 \u00e0 Sarlat-la-Can\u00e9da<\/a> a<br \/>\nmarqu\u00e9 les esprits, avec le couple de restaurateurs<br \/>\n<strong>Neetah<\/strong> et <strong>Rakesh<\/strong>. Depuis,<br \/>\nbeaucoup se demandent si leur restaurant self-service du P\u00e9rigord<br \/>\nnoir, en Dordogne, a vraiment r\u00e9sist\u00e9 au passage de M6.<\/p>\n<p>Oui, le restaurant self-service de Neetah et Rakesh, <strong>La<br \/>\nCaf\u00e9t\u00e9ria Du Pontet<\/strong>, est toujours ouvert en 2026, au<br \/>\n<strong>18 Avenue de la Dordogne, 24200 Sarlat-la-Can\u00e9da<\/strong>.<br \/>\nApr\u00e8s Cauchemar en cuisine, l\u2019\u00e9tablissement est pass\u00e9 d\u2019environ 10<br \/>\n\u00e0 60 couverts par service et reste actif, avec un service du midi<br \/>\net, certains jours, un service du soir.<\/p>\n<p>Pour pr\u00e9parer une visite, voici les principaux cr\u00e9neaux<br \/>\nd\u2019ouverture communiqu\u00e9s d\u00e9but 2026 :<\/p>\n<ul style=\"margin: 1em 0;padding-left: 1.5em\">\n<li style=\"margin-bottom: 0.5em\"><strong>Lundi<\/strong> : service<br \/>\ndu midi de 11h30 \u00e0 14h30.<\/li>\n<li style=\"margin-bottom: 0.5em\"><strong>Mardi<\/strong> : service<br \/>\ndu midi de 11h30 \u00e0 14h30.<\/li>\n<li style=\"margin-bottom: 0.5em\"><strong>Mercredi<\/strong> : midi<br \/>\n11h30-14h30 et soir 18h30-22h.<\/li>\n<li style=\"margin-bottom: 0.5em\"><strong>Jeudi<\/strong> : midi<br \/>\n11h30-14h30, pas de service le soir.<\/li>\n<li style=\"margin-bottom: 0.5em\"><strong>Vendredi<\/strong> : midi<br \/>\n11h30-14h30 et soir 18h30-22h.<\/li>\n<li style=\"margin-bottom: 0.5em\"><strong>Dimanche<\/strong> :<br \/>\nservice du midi de 11h30 \u00e0 14h30.<\/li>\n<\/ul>\n<p>Le restaurant de Sarlat dans Cauchemar en cuisine est-il<br \/>\ntoujours ouvert ?<\/p>\n<p>En 2026, beaucoup veulent surtout savoir si le restaurant de<br \/>\nNeetah et Rakesh est ouvert ou ferm\u00e9. La premi\u00e8re interrogation<br \/>\nreste simple : est-ce que <strong>La Caf\u00e9t\u00e9ria Du Pontet<\/strong> a<br \/>\nferm\u00e9 ? Non, l\u2019\u00e9tablissement fonctionne toujours, au point que<br \/>\nPhilippe Etchebest y retourne dans le prime <strong>\u00ab\u00a0Que sont-ils<br \/>\ndevenus ?\u00a0\u00bb<\/strong> diffus\u00e9 le 27 janvier 2026 en prime time sur<br \/>\n<strong>M6<\/strong>. Ce num\u00e9ro sp\u00e9cial de <strong>Cauchemar en<br \/>\ncuisine<\/strong>, consacr\u00e9 \u00e0 la <strong>Dordogne<\/strong>, montre<br \/>\nce que deviennent les adresses aid\u00e9es apr\u00e8s le tournage.<\/p>\n<p>Que sont devenus Neetah et Rakesh en 2026 ?<\/p>\n<p>Quelques mois apr\u00e8s le passage du chef \u00e9toil\u00e9, la g\u00e9rante<br \/>\n<strong>Neetah Peerthum<\/strong> racontait d\u00e9j\u00e0 le virage pris par<br \/>\nleur famille. Dans une interview accord\u00e9e au journal <strong>Sud<br \/>\nOuest<\/strong>, elle expliquait : \u00ab\u00a0On a fait appel \u00e0 l\u2019\u00e9mission<br \/>\nparce que l\u2019hiver a \u00e9t\u00e9 tr\u00e8s calme. On voulait faire un petit coup<br \/>\nde publicit\u00e9\u00a0\u00bb. Le couple est toujours aux commandes du<br \/>\nrestaurant self-service en 2026, avec Rakesh en cuisine et Neetah \u00e0<br \/>\nla gestion quotidienne de l\u2019\u00e9tablissement.<\/p>\n<p>En avril 2024, interrog\u00e9e par le m\u00e9dia <strong>Ici<\/strong>, la<br \/>\nrestauratrice d\u00e9taillait les effets du sauvetage op\u00e9r\u00e9 par le chef<br \/>\n\u00e9toil\u00e9 : \u00ab\u00a0Nous sommes pass\u00e9s de 10 couverts \u00e0 60 pour chaque<br \/>\nservice et nous sommes complets tous les jours\u00a0\u00bb. Elle ajoutait<br \/>\n: \u00ab\u00a0On n\u2019imaginait pas que \u00e7a fonctionnerait autant. J\u2019ai des<br \/>\nmessages de soutien de partout, nos r\u00e9seaux sociaux ont explos\u00e9,<br \/>\nc\u2019est notre moment-l\u00e0, donc on en profite\u00a0\u00bb. Deux ans plus<br \/>\ntard, ce bilan reste au c\u0153ur de l\u2019image du restaurant de Neetah et<br \/>\nRakesh \u00e0 Sarlat.<\/p>\n<p>De 10 \u00e0 60 couverts : le bilan chiffr\u00e9 apr\u00e8s le passage de<br \/>\nPhilippe Etchebest<\/p>\n<p>Le <strong>restaurant de Neetah et Rakesh \u00e0 Sarlat<\/strong><br \/>\nillustre parfaitement l\u2019impact possible de l\u2019\u00e9mission. Avant<br \/>\nl\u2019intervention, la fr\u00e9quentation tournait autour de 10 couverts par<br \/>\nservice, un niveau difficilement tenable pour un \u00e9tablissement de<br \/>\ncette taille. <a href=\"https:\/\/www.telestar.fr\/people\/philippe-etchebest-terrine-de-foie-gras-et-crepes-suzette-le-prix-surprenant-du-menu-dans-son-nouveau-restaurant-bordelais-1772329\" rel=\"nofollow noopener\" target=\"_blank\"><br \/>\nApr\u00e8s le passage de Philippe Etchebest<\/a>, les chiffres montent \u00e0<br \/>\nenviron 60 couverts, avec des services souvent complets. Le chef a<br \/>\ndemand\u00e9 de r\u00e9duire la voilure de la <strong>carte<\/strong>, de<br \/>\nclarifier le <strong>menu<\/strong> et de revoir la<br \/>\n<strong>d\u00e9coration<\/strong>, afin de redresser l\u2019organisation<br \/>\ng\u00e9n\u00e9rale. Ce recentrage, associ\u00e9 \u00e0 la visibilit\u00e9 t\u00e9l\u00e9, compose le<br \/>\nc\u0153ur du bilan \u00e9conomique du couple.<\/p>\n<p>Quels sont les avis sur La Caf\u00e9t\u00e9ria du Pontet depuis<br \/>\nl\u2019\u00e9mission ?<\/p>\n<p>En ligne, les <strong>avis<\/strong> sur <strong>La Caf\u00e9t\u00e9ria Du<br \/>\nPontet<\/strong> dessinent un tableau contrast\u00e9 du restaurant<br \/>\nself-service de Sarlat-la-Can\u00e9da. En janvier 2026, l\u2019\u00e9tablissement<br \/>\naffiche sur <strong>Google<\/strong> une note d\u2019environ <strong>4<br \/>\nsur 5<\/strong> pour 594 avis, et sa page <strong>Facebook<\/strong><br \/>\nreste tr\u00e8s active, notamment avec la mise en avant du plat du jour.<br \/>\nEntre \u00e9loges pour le rapport qualit\u00e9-prix et critiques s\u00e9v\u00e8res, les<br \/>\navis apr\u00e8s le passage de <strong>Philippe Etchebest<\/strong> \u00e0<br \/>\nSarlat montrent que l\u2019adresse continue de faire r\u00e9agir les<br \/>\nclients.<\/p>\n<p>Les retours positifs sur le restaurant self-service<\/p>\n<p>Une partie de la client\u00e8le d\u00e9crit le lieu comme une sorte de<br \/>\nrestaurant-cantine chaleureux, appr\u00e9ci\u00e9 pour ses <strong>plats<br \/>\nlocaux<\/strong> g\u00e9n\u00e9reux. Un avis r\u00e9cent r\u00e9sume cet enthousiasme :<br \/>\n\u00ab\u00a0J\u2019ai pass\u00e9 un excellent moment dans ce restaurant-cantine, une<br \/>\nadresse \u00e0 d\u00e9couvrir absolument pour ses plats locaux g\u00e9n\u00e9reux et<br \/>\nson excellent rapport qualit\u00e9-prix. L\u2019ambiance y est simple et<br \/>\nconviviale. Je recommande vivement cet endroit pour une pause<br \/>\nd\u00e9jeuner rapide, efficace et d\u00e9licieuse !\u00a0\u00bb.<\/p>\n<p>Dans ces retours favorables sur la Caf\u00e9t\u00e9ria Du Pontet, les<br \/>\nclients insistent souvent sur quelques points pr\u00e9cis :<\/p>\n<ul style=\"margin: 1em 0;padding-left: 1.5em\">\n<li style=\"margin-bottom: 0.5em\"><strong>Le rapport<br \/>\nqualit\u00e9-prix<\/strong> jug\u00e9 int\u00e9ressant pour un service de type<br \/>\ncantine.<\/li>\n<li style=\"margin-bottom: 0.5em\"><strong>Les portions<\/strong> et<br \/>\nplats locaux consid\u00e9r\u00e9s comme copieux pour un d\u00e9jeuner de<br \/>\ntravail.<\/li>\n<li style=\"margin-bottom: 0.5em\"><strong>Le service<\/strong><br \/>\nrapide, pratique pour une pause en milieu de journ\u00e9e sans longue<br \/>\nattente.<\/li>\n<\/ul>\n<p>Les critiques persistantes de certains clients<\/p>\n<p>D\u2019autres avis restent nettement plus durs, y compris apr\u00e8s la<br \/>\ndiffusion de l\u2019\u00e9pisode. Un client \u00e9crit par exemple : \u00ab\u00a0J\u2019esp\u00e8re<br \/>\nqu\u2019Etchebest ne remettra plus jamais les pieds chez vous ; il<br \/>\nferait une crise cardiaque. Les entr\u00e9es et les desserts \u00e9taient<br \/>\ntr\u00e8s moyens, les plats principaux r\u00e9chauff\u00e9s et sans saveur. Je me<br \/>\ndemande bien ce qu\u2019ils ont fait des conseils de M. Etchebest. Cet<br \/>\n\u00e9tablissement devrait fermer ; le personnel de cuisine est<br \/>\nincomp\u00e9tent. Je n\u2019ai jamais vu une caf\u00e9t\u00e9ria aussi mauvaise ; je ne<br \/>\ncomprends pas comment nous n\u2019avons pas \u00e9t\u00e9 malades\u00a0\u00bb.<\/p>\n<p>Face \u00e0 ce type de critiques, le <strong>propri\u00e9taire<\/strong><br \/>\nprend le temps de r\u00e9pondre, comme \u00e0 d\u2019autres clients m\u00e9contents.<br \/>\nLes \u00e9changes portent aussi bien sur la qualit\u00e9 per\u00e7ue des plats que<br \/>\nsur l\u2019<strong>organisation<\/strong> en cuisine lors de jours<br \/>\ndifficiles. Ces avis tr\u00e8s divergents montrent que l\u2019exp\u00e9rience peut<br \/>\nvarier d\u2019un service \u00e0 l\u2019autre, malgr\u00e9 le cadre pos\u00e9 par<br \/>\nl\u2019\u00e9mission.<\/p>\n<p>O\u00f9 se trouve le restaurant de Neetah et Rakesh ?<\/p>\n<p>Le restaurant de Sarlat vu dans Cauchemar en cuisine se situe<br \/>\ndans la <strong>zone du Pontet<\/strong>, un secteur d\u2019activit\u00e9s de<br \/>\n<strong>Sarlat-la-Can\u00e9da<\/strong>, en plein <strong>P\u00e9rigord<br \/>\nnoir<\/strong>. L\u2019\u00e9tablissement, un restaurant self-service pens\u00e9<br \/>\npour une client\u00e8le de passage et de travailleurs, reste facile<br \/>\nd\u2019acc\u00e8s pour les automobilistes de la r\u00e9gion comme pour les<br \/>\ntouristes de Dordogne.<\/p>\n<p>Adresse et horaires de La Caf\u00e9t\u00e9ria du Pontet<\/p>\n<p>Pour celles et ceux qui cherchent l\u2019adresse du restaurant de<br \/>\nSarlat vu dans Cauchemar en cuisine, les informations pratiques<br \/>\ncommuniqu\u00e9es d\u00e9but 2026 sont les suivantes : <strong>La Caf\u00e9t\u00e9ria<br \/>\nDu Pontet, 18 Avenue de la Dordogne, 24200<br \/>\nSarlat-la-Can\u00e9da<\/strong>, dans la zone du Pontet. Le restaurant<br \/>\nouvre en g\u00e9n\u00e9ral de 11h30 \u00e0 14h30 en semaine, avec un service du<br \/>\nsoir de 18h30 \u00e0 22 heures du mercredi au vendredi, sauf le jeudi o\u00f9<br \/>\nseul le midi est assur\u00e9. Le dimanche, un service de 11h30 \u00e0 14h30<br \/>\nest propos\u00e9.<\/p>\n<p>Le format caf\u00e9t\u00e9ria, avec un plat du jour r\u00e9guli\u00e8rement annonc\u00e9<br \/>\nsur les r\u00e9seaux sociaux, facilite un passage sans contrainte. Pour<br \/>\nun groupe ou un repas en p\u00e9riode tr\u00e8s fr\u00e9quent\u00e9e, mieux vaut<br \/>\ntoutefois se renseigner directement aupr\u00e8s de l\u2019\u00e9tablissement sur<br \/>\nles modalit\u00e9s de r\u00e9servation et les possibilit\u00e9s de menu<br \/>\nadapt\u00e9s.<\/p>\n<p>Pourquoi Philippe Etchebest est-il all\u00e9<br \/>\n\u00e0 Sarlat-la-Can\u00e9da ?<br \/>\nRetour sur l\u2019\u00e9pisode choc d\u2019avril 2024 sur M6<\/p>\n<p>Le premier \u00e9pisode tourn\u00e9 dans cet \u00e9tablissement de<br \/>\nSarlat-la-Can\u00e9da a \u00e9t\u00e9 diffus\u00e9 le 9 avril 2024 sur M6. D\u00e8s son<br \/>\narriv\u00e9e, Philippe Etchebest d\u00e9couvre une situation jug\u00e9e<br \/>\ncatastrophique, avec de nombreuses erreurs et un probl\u00e8me<br \/>\nd\u2019organisation, dans un contexte d\u00e9j\u00e0 difficile pour la famille. Le<br \/>\nchef \u00e9toil\u00e9 intervient alors pour redresser le restaurant<br \/>\nself-service, en travaillant autant sur la gestion que sur la<br \/>\ncuisine.<\/p>\n<p>Au cours de l\u2019\u00e9mission, il demande au couple de simplifier la<br \/>\ncarte, de clarifier le parcours du client et de rafra\u00eechir la<br \/>\nd\u00e9coration de la salle. Ce travail d\u2019ajustement, pens\u00e9 comme un<br \/>\nv\u00e9ritable sauvetage, sert de base au retour de l\u2019\u00e9quipe dans<br \/>\nCauchemar en cuisine \u00e0 Sarlat en 2026, lors du prime \u00ab\u00a0Que sont-ils<br \/>\ndevenus ?\u00a0\u00bb. Pour l\u2019instant, La Caf\u00e9t\u00e9ria Du Pontet \u00e0 Sarlat est<br \/>\ntoujours ouverte, et continue de vivre au rythme de ses services du<br \/>\nmidi et du soir.<\/p>\n","protected":false},"excerpt":{"rendered":"En 2026, La Caf\u00e9t\u00e9ria Du Pontet \u00e0 Sarlat-la-Can\u00e9da, r\u00e9v\u00e9l\u00e9e dans Cauchemar en cuisine avec Neetah et Rakesh, reste&hellip;\n","protected":false},"author":2,"featured_media":1112606,"comment_status":"","ping_status":"","sticky":false,"template":"","format":"standard","meta":{"footnotes":"","_share_on_mastodon":"0"},"categories":[8],"tags":[497,10976,58,59,1011,27,494,5387,502],"class_list":["post-1112605","post","type-post","status-publish","format-standard","has-post-thumbnail","category-divertissement","tag-actu-tv","tag-cauchemar-en-cuisine","tag-divertissement","tag-entertainment","tag-fr","tag-france","tag-m6","tag-philippe-etchebest","tag-programme-tv"],"share_on_mastodon":{"url":"https:\/\/pubeurope.com\/@fr\/117051520692644369","error":""},"_links":{"self":[{"href":"https:\/\/www.europesays.com\/fr\/wp-json\/wp\/v2\/posts\/1112605","targetHints":{"allow":["GET"]}}],"collection":[{"href":"https:\/\/www.europesays.com\/fr\/wp-json\/wp\/v2\/posts"}],"about":[{"href":"https:\/\/www.europesays.com\/fr\/wp-json\/wp\/v2\/types\/post"}],"author":[{"embeddable":true,"href":"https:\/\/www.europesays.com\/fr\/wp-json\/wp\/v2\/users\/2"}],"replies":[{"embeddable":true,"href":"https:\/\/www.europesays.com\/fr\/wp-json\/wp\/v2\/comments?post=1112605"}],"version-history":[{"count":0,"href":"https:\/\/www.europesays.com\/fr\/wp-json\/wp\/v2\/posts\/1112605\/revisions"}],"wp:featuredmedia":[{"embeddable":true,"href":"https:\/\/www.europesays.com\/fr\/wp-json\/wp\/v2\/media\/1112606"}],"wp:attachment":[{"href":"https:\/\/www.europesays.com\/fr\/wp-json\/wp\/v2\/media?parent=1112605"}],"wp:term":[{"taxonomy":"category","embeddable":true,"href":"https:\/\/www.europesays.com\/fr\/wp-json\/wp\/v2\/categories?post=1112605"},{"taxonomy":"post_tag","embeddable":true,"href":"https:\/\/www.europesays.com\/fr\/wp-json\/wp\/v2\/tags?post=1112605"}],"curies":[{"name":"wp","href":"https:\/\/api.w.org\/{rel}","templated":true}]}}