{"id":111261,"date":"2025-05-19T08:12:09","date_gmt":"2025-05-19T08:12:09","guid":{"rendered":"https:\/\/www.europesays.com\/fr\/111261\/"},"modified":"2025-05-19T08:12:09","modified_gmt":"2025-05-19T08:12:09","slug":"cyclisme-lincrevable-jeannie-longo-monte-sur-le-podium-feminin-des-boucles-du-verdon-a-66-ans","status":"publish","type":"post","link":"https:\/\/www.europesays.com\/fr\/111261\/","title":{"rendered":"Cyclisme. L&rsquo;increvable Jeannie Longo monte sur le podium f\u00e9minin des Boucles du Verdon&#8230; \u00e0 66 ans !"},"content":{"rendered":"<p>Avec ses cinq ou six participations, Jeannie Longo \u00e9tait attendue \u00e0 l\u2019arriv\u00e9e des Boucles du Verdon \u00e0 Villeneuve dans les Alpes de Haute-Provence.<\/p>\n<p>La grande dame du cyclisme fran\u00e7ais, \u00e2g\u00e9e de 66 ans, se pla\u00eet toujours \u00e0 venir sur la course pour la beaut\u00e9 de ses parcours et de ses paysages. \u00ab Je n\u2019aime pas partir avec les jambes froides, \u00e7a allait mieux en fin de matin\u00e9e. Les routes sont belles, elles me rappellent des souvenirs mais j\u2019ai eu l\u2019impression aujourd\u2019hui d\u2019\u00eatre \u00e0 bloc sur 70 km. On est sorti \u00e0 sept ou huit, la s\u00e9lection s\u2019est faite dans les bosses car j\u2019ai ressenti plus de difficult\u00e9 dans les transitions \u00bb, estimait-elle.<\/p>\n<p>  Bessone premi\u00e8re f\u00e9minine<\/p>\n<p>Elle termine \u00e0 la 83e place du 103 km <a href=\"https:\/\/www.ledauphine.com\/sport\/2025\/05\/18\/bedini-et-terranova-vainqueurs\" target=\"_blank\" rel=\"noopener\">\u00e0 19 minutes du vainqueur Bastien Terranova,<\/a> mais surtout sur le podium chez les dames et premi\u00e8re de sa cat\u00e9gorie d&rsquo;\u00e2ge.<\/p>\n<p>De son c\u00f4t\u00e9, la premi\u00e8re f\u00e9minine Marion Bessone reconnaissait avoir souffert. \u00ab C\u2019est parti \u00e0 fond, j\u2019ai suivi les mecs mais dans chaque bosse, je serrais les dents. J\u2019ai fait la course avec mon compagnon, je n\u2019ai jamais revu les filles \u00bb, d\u00e9clarait la Varoise plusieurs fois vainqueur \u00e0 Gr\u00e9oux-les-Bains.<\/p>\n","protected":false},"excerpt":{"rendered":"Avec ses cinq ou six participations, Jeannie Longo \u00e9tait attendue \u00e0 l\u2019arriv\u00e9e des Boucles du Verdon \u00e0 Villeneuve&hellip;\n","protected":false},"author":2,"featured_media":111262,"comment_status":"","ping_status":"","sticky":false,"template":"","format":"standard","meta":{"footnotes":""},"categories":[1411],"tags":[1154,207,4521,1701,1011,27,4522,881,517,60,10682],"class_list":{"0":"post-111261","1":"post","2":"type-post","3":"status-publish","4":"format-standard","5":"has-post-thumbnail","7":"category-cyclisme","8":"tag-cycling","9":"tag-cyclisme","10":"tag-edition-hautes-alpes-alpes-de-haute-provence","11":"tag-fil-info-sport","12":"tag-fr","13":"tag-france","14":"tag-haute-provence","15":"tag-hautes-alpes","16":"tag-sport","17":"tag-sports","18":"tag-villeneuve"},"share_on_mastodon":{"url":"https:\/\/pubeurope.com\/@fr\/114533495202664280","error":""},"_links":{"self":[{"href":"https:\/\/www.europesays.com\/fr\/wp-json\/wp\/v2\/posts\/111261","targetHints":{"allow":["GET"]}}],"collection":[{"href":"https:\/\/www.europesays.com\/fr\/wp-json\/wp\/v2\/posts"}],"about":[{"href":"https:\/\/www.europesays.com\/fr\/wp-json\/wp\/v2\/types\/post"}],"author":[{"embeddable":true,"href":"https:\/\/www.europesays.com\/fr\/wp-json\/wp\/v2\/users\/2"}],"replies":[{"embeddable":true,"href":"https:\/\/www.europesays.com\/fr\/wp-json\/wp\/v2\/comments?post=111261"}],"version-history":[{"count":0,"href":"https:\/\/www.europesays.com\/fr\/wp-json\/wp\/v2\/posts\/111261\/revisions"}],"wp:featuredmedia":[{"embeddable":true,"href":"https:\/\/www.europesays.com\/fr\/wp-json\/wp\/v2\/media\/111262"}],"wp:attachment":[{"href":"https:\/\/www.europesays.com\/fr\/wp-json\/wp\/v2\/media?parent=111261"}],"wp:term":[{"taxonomy":"category","embeddable":true,"href":"https:\/\/www.europesays.com\/fr\/wp-json\/wp\/v2\/categories?post=111261"},{"taxonomy":"post_tag","embeddable":true,"href":"https:\/\/www.europesays.com\/fr\/wp-json\/wp\/v2\/tags?post=111261"}],"curies":[{"name":"wp","href":"https:\/\/api.w.org\/{rel}","templated":true}]}}