{"id":111263,"date":"2025-05-19T08:13:09","date_gmt":"2025-05-19T08:13:09","guid":{"rendered":"https:\/\/www.europesays.com\/fr\/111263\/"},"modified":"2025-05-19T08:13:09","modified_gmt":"2025-05-19T08:13:09","slug":"ca-me-rappelle-a-quel-point-jaime-lom-la-reaction-de-steve-mandanda-apres-son-hommage-au-vel","status":"publish","type":"post","link":"https:\/\/www.europesays.com\/fr\/111263\/","title":{"rendered":"\u00ab\u00a0\u00c7a me rappelle \u00e0 quel point j&rsquo;aime l&rsquo;OM\u00a0\u00bb, la r\u00e9action de Steve Mandanda apr\u00e8s son hommage au Vel"},"content":{"rendered":"<p>Un petit moment d&rsquo;histoire. Certainement <a href=\"https:\/\/www.laprovence.com\/article\/om\/49627069850053\/om-rennes-4-2-un-triomphe-pour-mandanda-au-velodrome\" target=\"_blank\" rel=\"noopener\">la sc\u00e8ne la plus poignante de l&rsquo;ann\u00e9e<\/a>, si ce n&rsquo;est de la d\u00e9cennie olympienne. Qu&rsquo;ils fussent au stade \u00e0 l&rsquo;acclamer, ou devant leur t\u00e9l\u00e9, les supporters marseillais n&rsquo;oublieront jamais cet exceptionnel hommage, au parfum d&rsquo;adieu (pour le joueur, pas l&rsquo;homme), r\u00e9serv\u00e9 ce 17\u00a0mai au l\u00e9gendaire Steve Mandanda. Une grosse demi-heure apr\u00e8s le triomphe du Vel&rsquo;, <a href=\"https:\/\/www.laprovence.com\/article\/om\/11957970574719\/om-rennes-4-2-cetait-magique-se-rejouit-mandanda-apres-lhommage-des-supporters-olympiens\" target=\"_blank\" rel=\"noopener\">encore saisi par l&rsquo;\u00e9motion<\/a>, le gardien aux 613 apparitions en ciel et blanc (record absolu) s&rsquo;est livr\u00e9 sur ce \u00ab\u00a0moment tr\u00e8s, tr\u00e8s particulier\u00a0\u00bb.<\/p>\n","protected":false},"excerpt":{"rendered":"Un petit moment d&rsquo;histoire. Certainement la sc\u00e8ne la plus poignante de l&rsquo;ann\u00e9e, si ce n&rsquo;est de la d\u00e9cennie&hellip;\n","protected":false},"author":2,"featured_media":111264,"comment_status":"","ping_status":"","sticky":false,"template":"","format":"standard","meta":{"footnotes":""},"categories":[1410],"tags":[17,1433,63,1011,27,23042,4056,149,3948,11589,20257,3210,60],"class_list":{"0":"post-111263","1":"post","2":"type-post","3":"status-publish","4":"format-standard","5":"has-post-thumbnail","7":"category-football","8":"tag-17","9":"tag-ca","10":"tag-football","11":"tag-fr","12":"tag-france","13":"tag-jaime","14":"tag-lom","15":"tag-om","16":"tag-point","17":"tag-quel","18":"tag-rappelle","19":"tag-reaction","20":"tag-sports"},"share_on_mastodon":{"url":"https:\/\/pubeurope.com\/@fr\/114533499109373473","error":""},"_links":{"self":[{"href":"https:\/\/www.europesays.com\/fr\/wp-json\/wp\/v2\/posts\/111263","targetHints":{"allow":["GET"]}}],"collection":[{"href":"https:\/\/www.europesays.com\/fr\/wp-json\/wp\/v2\/posts"}],"about":[{"href":"https:\/\/www.europesays.com\/fr\/wp-json\/wp\/v2\/types\/post"}],"author":[{"embeddable":true,"href":"https:\/\/www.europesays.com\/fr\/wp-json\/wp\/v2\/users\/2"}],"replies":[{"embeddable":true,"href":"https:\/\/www.europesays.com\/fr\/wp-json\/wp\/v2\/comments?post=111263"}],"version-history":[{"count":0,"href":"https:\/\/www.europesays.com\/fr\/wp-json\/wp\/v2\/posts\/111263\/revisions"}],"wp:featuredmedia":[{"embeddable":true,"href":"https:\/\/www.europesays.com\/fr\/wp-json\/wp\/v2\/media\/111264"}],"wp:attachment":[{"href":"https:\/\/www.europesays.com\/fr\/wp-json\/wp\/v2\/media?parent=111263"}],"wp:term":[{"taxonomy":"category","embeddable":true,"href":"https:\/\/www.europesays.com\/fr\/wp-json\/wp\/v2\/categories?post=111263"},{"taxonomy":"post_tag","embeddable":true,"href":"https:\/\/www.europesays.com\/fr\/wp-json\/wp\/v2\/tags?post=111263"}],"curies":[{"name":"wp","href":"https:\/\/api.w.org\/{rel}","templated":true}]}}