{"id":111265,"date":"2025-05-19T08:14:08","date_gmt":"2025-05-19T08:14:08","guid":{"rendered":"https:\/\/www.europesays.com\/fr\/111265\/"},"modified":"2025-05-19T08:14:08","modified_gmt":"2025-05-19T08:14:08","slug":"harry-et-meghan-maries-depuis-7-ans-ou-ont-ils-passe-leur-nuit-de-noce","status":"publish","type":"post","link":"https:\/\/www.europesays.com\/fr\/111265\/","title":{"rendered":"Harry et Meghan mari\u00e9s depuis 7 ans : o\u00f9 ont-ils pass\u00e9 leur nuit de noce ?"},"content":{"rendered":"<p>Le 19 mai 2018, le Royaume-Uni vibrait au rythme des cloches de<br \/>\nla chapelle Saint-Georges, \u00e0 Windsor, racontait alors<br \/>\n<strong>Gala<\/strong>. Ce jour-l\u00e0, <strong>le prince Harry<br \/>\n\u00e9pousait<\/strong> <a href=\"https:\/\/www.closermag.fr\/royautes\/psychedelique-meghan-markle-droguee-pendant-ses-grossesses-confidence-deroutante-3542792\" target=\"_blank\" rel=\"noopener\"><br \/>\nMeghan Markle<\/a>, ex-actrice de la s\u00e9rie Suits, devant<br \/>\ndes millions de t\u00e9l\u00e9spectateurs. Une c\u00e9r\u00e9monie royale, mais pas<br \/>\ncomme les autres, m\u00ealant tradition britannique et souffle de<br \/>\nmodernit\u00e9 venu de Californie.<\/p>\n<p>Des tenues de r\u00eave, des regards complices, des invit\u00e9s<br \/>\nprestigieux\u2026 Tous les ingr\u00e9dients d\u2019un conte de f\u00e9es \u00e9taient<br \/>\nr\u00e9unis. Mais une question, moins protocolaire, a intrigu\u00e9 bien des<br \/>\ncurieux : une fois les cam\u00e9ras \u00e9teintes et les festivit\u00e9s<br \/>\ntermin\u00e9es, <strong>o\u00f9 les jeunes mari\u00e9s ont-ils choisi de passer<br \/>\nleur toute premi\u00e8re nuit \u00e0 deux ?<\/strong> La r\u00e9ponse a de quoi<br \/>\nsurprendre.<\/p>\n<p>Une nuit \u00e0 deux\u2026 ou presque<\/p>\n<p>Plut\u00f4t que de s\u2019envoler pour une destination exotique ou de<br \/>\ns\u2019isoler dans un palace, <strong>Harry et Meghan ont pr\u00e9f\u00e9r\u00e9 rester<br \/>\nl\u00e0 o\u00f9 tout a commenc\u00e9<\/strong>. Selon les informations publi\u00e9es \u00e0<br \/>\nl\u2019\u00e9poque par le m\u00e9dia britannique <strong>The<br \/>\nSun<\/strong>, c\u2019est dans l\u2019enceinte m\u00eame du <strong>ch\u00e2teau de<br \/>\nWindsor<\/strong> que le couple a pass\u00e9 sa nuit de noces. Un choix<br \/>\n\u00e9tonnant, quand on sait que <a href=\"https:\/\/www.closermag.fr\/royautes\/couchee-a-trois-heures-cette-nuit-agitee-delizabeth-ii-qui-a-beaucoup-amuse-kate-et-william-3543573\" target=\"_blank\" rel=\"noopener\"><br \/>\nla reine Elizabeth II<\/a> y r\u00e9sidait \u00e9galement.<\/p>\n<p>Apr\u00e8s la r\u00e9ception priv\u00e9e donn\u00e9e par le prince Charles \u00e0<br \/>\nFrogmore House, <strong>ils n\u2019ont eu qu\u2019\u00e0 franchir quelques m\u00e8tres<br \/>\npour regagner leurs quartiers<\/strong>. Une d\u00e9cision simple,<br \/>\npresque symbolique : rester \u00e0 l\u2019abri des regards, dans un lieu<br \/>\ncharg\u00e9 d\u2019histoire, plut\u00f4t que c\u00e9der \u00e0 l\u2019apparat. Loin des clich\u00e9s<br \/>\nhollywoodiens, cette nuit \u00e0 Windsor en dit long sur leurs priorit\u00e9s<br \/>\ndu moment.<\/p>\n<p>Une lune de miel report\u00e9e<\/p>\n<p>Pas de d\u00e9part pr\u00e9cipit\u00e9 pour une plage paradisiaque non plus.<br \/>\nComme l\u2019avait annonc\u00e9 le porte-parole du palais de Kensington \u00e0<br \/>\nl\u2019\u00e9poque, <a href=\"https:\/\/www.closermag.fr\/royautes\/meghan-et-harry-au-bord-du-divorce-leur-reponse-mielleuse-aux-rumeurs-font-fake-3543728\" target=\"_blank\" rel=\"noopener\"><br \/>\nHarry et Meghan<\/a> <strong>ont report\u00e9 leur voyage de noces afin<br \/>\nd\u2019honorer leur premi\u00e8re mission diplomatique<\/strong>. Quelques<br \/>\njours apr\u00e8s le mariage, ils \u00e9taient d\u00e9j\u00e0 sur le terrain, bras<br \/>\ndessus, bras dessous, repr\u00e9sentant la Couronne.<\/p>\n<p>Ce n\u2019est qu\u2019ensuite qu\u2019ils ont pris <strong>la direction de la<br \/>\nNamibie<\/strong>. Un choix de c\u0153ur pour le prince Harry, tr\u00e8s<br \/>\nattach\u00e9 au continent africain. L\u00e0-bas, loin de tout protocole, ils<br \/>\nont enfin pu souffler, \u00e0 deux. Le d\u00e9cor, sauvage et silencieux,<br \/>\ncontrastait avec l\u2019agitation des jours pr\u00e9c\u00e9dents. <strong>Une<br \/>\npause bien m\u00e9rit\u00e9e avant de plonger dans leur nouvelle<br \/>\nvie<\/strong>.<\/p>\n","protected":false},"excerpt":{"rendered":"Le 19 mai 2018, le Royaume-Uni vibrait au rythme des cloches de la chapelle Saint-Georges, \u00e0 Windsor, racontait&hellip;\n","protected":false},"author":2,"featured_media":111266,"comment_status":"","ping_status":"","sticky":false,"template":"","format":"standard","meta":{"footnotes":""},"categories":[1359],"tags":[548,58,59,1011,27,908,973,267],"class_list":{"0":"post-111265","1":"post","2":"type-post","3":"status-publish","4":"format-standard","5":"has-post-thumbnail","7":"category-people","8":"tag-article-simple","9":"tag-divertissement","10":"tag-entertainment","11":"tag-fr","12":"tag-france","13":"tag-meghan-markle","14":"tag-people","15":"tag-prince-harry"},"share_on_mastodon":{"url":"https:\/\/pubeurope.com\/@fr\/114533503013279784","error":""},"_links":{"self":[{"href":"https:\/\/www.europesays.com\/fr\/wp-json\/wp\/v2\/posts\/111265","targetHints":{"allow":["GET"]}}],"collection":[{"href":"https:\/\/www.europesays.com\/fr\/wp-json\/wp\/v2\/posts"}],"about":[{"href":"https:\/\/www.europesays.com\/fr\/wp-json\/wp\/v2\/types\/post"}],"author":[{"embeddable":true,"href":"https:\/\/www.europesays.com\/fr\/wp-json\/wp\/v2\/users\/2"}],"replies":[{"embeddable":true,"href":"https:\/\/www.europesays.com\/fr\/wp-json\/wp\/v2\/comments?post=111265"}],"version-history":[{"count":0,"href":"https:\/\/www.europesays.com\/fr\/wp-json\/wp\/v2\/posts\/111265\/revisions"}],"wp:featuredmedia":[{"embeddable":true,"href":"https:\/\/www.europesays.com\/fr\/wp-json\/wp\/v2\/media\/111266"}],"wp:attachment":[{"href":"https:\/\/www.europesays.com\/fr\/wp-json\/wp\/v2\/media?parent=111265"}],"wp:term":[{"taxonomy":"category","embeddable":true,"href":"https:\/\/www.europesays.com\/fr\/wp-json\/wp\/v2\/categories?post=111265"},{"taxonomy":"post_tag","embeddable":true,"href":"https:\/\/www.europesays.com\/fr\/wp-json\/wp\/v2\/tags?post=111265"}],"curies":[{"name":"wp","href":"https:\/\/api.w.org\/{rel}","templated":true}]}}