{"id":111267,"date":"2025-05-19T08:16:08","date_gmt":"2025-05-19T08:16:08","guid":{"rendered":"https:\/\/www.europesays.com\/fr\/111267\/"},"modified":"2025-05-19T08:16:08","modified_gmt":"2025-05-19T08:16:08","slug":"le-festival-du-livre-de-jeunesse-et-de-bande-dessinee-revient-a-cherbourg-voici-le-programme","status":"publish","type":"post","link":"https:\/\/www.europesays.com\/fr\/111267\/","title":{"rendered":"Le festival du livre de jeunesse et de bande dessin\u00e9e revient \u00e0 Cherbourg : voici le programme"},"content":{"rendered":"<p>            Par<br \/>\n        <strong><br \/>\n            <a href=\"https:\/\/actu.fr\/auteur\/redaction-pressemanche\" title=\"Consulter tous les articles de R\u00e9daction La Presse de la Manche\" target=\"_blank\" rel=\"noopener\">R\u00e9daction La Presse de la Manche<\/a><br \/>\n        <\/strong><\/p>\n<p>        Publi\u00e9 le<\/p>\n<p>            19 mai 2025 \u00e0 9h56        <\/p>\n<p>Le <b>festival du livre de jeunesse<\/b> et de <b>bande dessin\u00e9e<\/b> aura lieu du<b> 22 au 25\u00a0mai 2025<\/b>, \u00e0 l\u2019<b>espace Ren\u00e9-Le-Bas<\/b> de <a href=\"https:\/\/actu.fr\/normandie\/cherbourg-en-cotentin_50129\/\" target=\"_blank\" rel=\"noopener\">Cherbourg <\/a>(Manche). Depuis 38\u00a0ans, le festival accompagne les Cherbourgeois, et il a su \u00e9voluer au fil du temps et se transformer.<\/p>\n<p class=\" wall-content\">D\u00e9sormais install\u00e9 et resserr\u00e9, dans le jardin int\u00e9rieur de l\u2019<b>ancien h\u00f4pital maritime<\/b>, il dure toujours quatre jours, mais les deux premiers jours, les <b>auteurs invit\u00e9s <\/b>interviendront dans les <b>\u00e9tablissements scolaires<\/b>. Plus de <b>cent rencontres <\/b>sont pr\u00e9vues, dans <b>des classes <\/b>allant de la <b>maternelle <\/b>au <b>lyc\u00e9e<\/b>.<\/p>\n<blockquote class=\"ac-article-quote wall-content\">\n<p>L\u2019accueil sur site se fera le samedi et le dimanche, cela permet de donner plus d\u2019oxyg\u00e8ne aux b\u00e9n\u00e9voles et cela a permis d\u2019initier de nouvelles propositions.<\/p>\n<p>L\u2019\u00e9quipe organisatrice<\/p><\/blockquote>\n<p class=\" wall-content\">Parmi les <b>nouveaut\u00e9s<\/b>, une <b>sc\u00e8ne ouverte<\/b>, r\u00e9serv\u00e9e aux scolaires, aura lieu le jeudi\u00a022 et le vendredi 23\u00a0mai au <b>th\u00e9\u00e2tre des Miroirs<\/b>, o\u00f9 une vingtaine de classes, du CP au lyc\u00e9e, monteront sur sc\u00e8ne pour <b>lire en public<\/b> des livres de la s\u00e9lection du festival, avec l\u2019aide de Pauline Clermidy, <b>com\u00e9dienne <\/b>et<b> formatrice en prise de parole<\/b>.<\/p>\n<p class=\" wall-content\">La soir\u00e9e sera orchestr\u00e9e par le metteur en sc\u00e8ne et dramaturge Christophe Tostain. Autre innovation, une r\u00e9sidence d\u2019artiste \u00ab\u2009De l\u2019autre c\u00f4t\u00e9 du livre\u2009\u00bb, en partenariat avec la <b>biblioth\u00e8que Jacques-Pr\u00e9vert<\/b>.<\/p>\n<p>Une sortie en famille<\/p>\n<p class=\" wall-content\">Cette ann\u00e9e, l\u2019illustratrice et autrice Aude Laroche inaugure ce dispositif. Depuis <b>mars<\/b>, elle rencontre six classes de GS de maternelle du <b>quartier des Provinces<\/b>, \u00e0 la biblioth\u00e8que et dans les classes, initiant les <b>enfants <\/b>\u00e0 la <b>fabrication <\/b>d\u2019un livre, avec <b>des ateliers <\/b>de pratique artistique.<\/p>\n<p>Vid\u00e9os : en ce moment sur Actu<\/p>\n<p class=\" wall-content\">Le samedi et le dimanche, venez f\u00eater le livre en <b>famille<\/b>, et rencontrer les auteurs et illustrateurs, ils seront plus de 25 en d\u00e9dicace, et d\u00e9couvrir les livres s\u00e9lectionn\u00e9s, autour du th\u00e8me du <b>passage du temps<\/b>.<\/p>\n<p class=\" wall-content\">Plusieurs <b>maisons d\u2019\u00e9dition <\/b>seront invit\u00e9es avec un focus sur les \u00e9diteurs jeunesse de <b>livres adapt\u00e9s et accessibles<\/b>, pour <b>faciliter l\u2019acc\u00e8s<\/b> \u00e0 la <b>lecture<\/b>.<\/p>\n<p>    <a href=\"https:\/\/www.facebook.com\/plugins\/video.php?height=476&amp;href=https%3A%2F%2Fwww.facebook.com%2Ffestival.du.livre.jeunesse.Cherbourg%2Fvideos%2F9689437751146530%2F&amp;show_text=true&amp;width=350&amp;t=0\" title=\"Ouvrie le lien\" target=\"_blank\" rel=\"noopener\">Cliquez ici pour visualiser le contenu<\/a><\/p>\n<p class=\" wall-content\">38\u00a0ans\u2009! Un bel exemple de <b>long\u00e9vit\u00e9<\/b>, une histoire de <b>transmission<\/b>, entre<b> les g\u00e9n\u00e9rations <\/b>et entre auteurs et lecteurs. Dans les nombreuses animations pr\u00e9vues, il sera question d\u2019histoires en tout genre, avec un grand H et au long cours avec plusieurs temps fort autour de <b>l\u2019arch\u00e9ologie<\/b>, avec entre autres Dominique Cliquet, des visites \u00ab\u2009presque historiques\u2009\u00bb du site loufoques avec la <a href=\"https:\/\/www.facebook.com\/lichettedecherbourg\/?locale=fr_FR\" target=\"_blank\" rel=\"noopener\">troupe de la Lichette<\/a>.<\/p>\n<blockquote class=\"ac-article-quote wall-content\">\n<p>Avec quand m\u00eame de vraies r\u00e9f\u00e9rences historiques, ils travaillent sur ce sujet depuis un moment.<\/p>\n<p>L\u2019\u00e9quipe organisatrice<\/p><\/blockquote>\n<p class=\" wall-content\">Des histoires \u00e0 la demande aussi avec des lectures, le camion th\u00e9\u00e2tre de la <a href=\"https:\/\/ciejamais203.com\/\" target=\"_blank\" rel=\"noopener\">compagnie Jamais 203<\/a>, les contes au fil du temps de <a href=\"https:\/\/www.facebook.com\/BobinetteDecidela\/\" target=\"_blank\" rel=\"noopener\">la Bobinette <\/a>et plein d\u2019autres surprises.<\/p>\n<p class=\" wall-content\">Il y aura aussi des <b>expositions<\/b>, <a href=\"https:\/\/actu.fr\/normandie\/cherbourg-en-cotentin_50129\/romuald-reutimann-le-dessinateur-de-new-cherbourg-stories-rend-hommage-a-la-presse-de-la-manche_61443240.html\" target=\"_blank\" rel=\"noopener\">New Cherbourg Stories,<\/a> et Tempus Fugit, par Micka\u00ebl Provost, une travers\u00e9e des si\u00e8cles au gr\u00e9 d\u2019une douzaine de cartes \u00e0 gratter.<\/p>\n<p class=\" wall-content\">L\u2019artiste a cr\u00e9\u00e9 la <b>mouette embl\u00e9matique<\/b> du festival et plusieurs de ses <b>affiches<\/b>. Il animera un atelier pour <b>s\u2019initier \u00e0 cette technique<\/b>. Comme \u00e0 l\u2019accoutum\u00e9e, les travaux artistiques des scolaires sont expos\u00e9s durant ces deux jours.<\/p>\n<p class=\" wall-content\"><b>De notre correspondante Karen PENVERN<\/b><\/p>\n<p>Le programme complet est sur le site internet du festival\u2009:<a href=\"https:\/\/festivaldulivre.com\/\" target=\"_blank\" rel=\"noopener\"> festivaldulivre.com<\/a>. Food-truck sur place le samedi et le dimanche.<\/p>\n<p class=\" wall-content\">Suivez toute l\u2019actualit\u00e9 de vos villes et m\u00e9dias favoris en vous inscrivant \u00e0 <a href=\"https:\/\/moncompte.actu.fr\" title=\"D\u00e9couvez Mon Actu\" rel=\"nofollow noopener\" data-trk=\"{&quot;cta&quot;:{&quot;action&quot;:&quot;https:\\\/\\\/moncompte.actu.fr&quot;,&quot;category&quot;:&quot;mon compte&quot;,&quot;from&quot;:&quot;article footer&quot;,&quot;name&quot;:&quot;Mon actu&quot;,&quot;type&quot;:&quot;cta&quot;}}\" target=\"_blank\">Mon Actu<\/a>.<\/p>\n","protected":false},"excerpt":{"rendered":"Par R\u00e9daction La Presse de la Manche Publi\u00e9 le 19 mai 2025 \u00e0 9h56 Le festival du livre&hellip;\n","protected":false},"author":2,"featured_media":111268,"comment_status":"","ping_status":"","sticky":false,"template":"","format":"standard","meta":{"footnotes":""},"categories":[1357],"tags":[13153,1379,3168,58,59,1011,27,1380,1652],"class_list":{"0":"post-111267","1":"post","2":"type-post","3":"status-publish","4":"format-standard","5":"has-post-thumbnail","7":"category-livres","8":"tag-bande-dessinee","9":"tag-books","10":"tag-cotentin","11":"tag-divertissement","12":"tag-entertainment","13":"tag-fr","14":"tag-france","15":"tag-livres","16":"tag-loisirs-culture"},"share_on_mastodon":{"url":"https:\/\/pubeurope.com\/@fr\/114533510894597254","error":""},"_links":{"self":[{"href":"https:\/\/www.europesays.com\/fr\/wp-json\/wp\/v2\/posts\/111267","targetHints":{"allow":["GET"]}}],"collection":[{"href":"https:\/\/www.europesays.com\/fr\/wp-json\/wp\/v2\/posts"}],"about":[{"href":"https:\/\/www.europesays.com\/fr\/wp-json\/wp\/v2\/types\/post"}],"author":[{"embeddable":true,"href":"https:\/\/www.europesays.com\/fr\/wp-json\/wp\/v2\/users\/2"}],"replies":[{"embeddable":true,"href":"https:\/\/www.europesays.com\/fr\/wp-json\/wp\/v2\/comments?post=111267"}],"version-history":[{"count":0,"href":"https:\/\/www.europesays.com\/fr\/wp-json\/wp\/v2\/posts\/111267\/revisions"}],"wp:featuredmedia":[{"embeddable":true,"href":"https:\/\/www.europesays.com\/fr\/wp-json\/wp\/v2\/media\/111268"}],"wp:attachment":[{"href":"https:\/\/www.europesays.com\/fr\/wp-json\/wp\/v2\/media?parent=111267"}],"wp:term":[{"taxonomy":"category","embeddable":true,"href":"https:\/\/www.europesays.com\/fr\/wp-json\/wp\/v2\/categories?post=111267"},{"taxonomy":"post_tag","embeddable":true,"href":"https:\/\/www.europesays.com\/fr\/wp-json\/wp\/v2\/tags?post=111267"}],"curies":[{"name":"wp","href":"https:\/\/api.w.org\/{rel}","templated":true}]}}