{"id":111269,"date":"2025-05-19T08:17:13","date_gmt":"2025-05-19T08:17:13","guid":{"rendered":"https:\/\/www.europesays.com\/fr\/111269\/"},"modified":"2025-05-19T08:17:13","modified_gmt":"2025-05-19T08:17:13","slug":"florent-pagny-incertain-a-lidee-de-faire-un-duo-avec-il-cello-the-voice-il-sexplique","status":"publish","type":"post","link":"https:\/\/www.europesays.com\/fr\/111269\/","title":{"rendered":"Florent Pagny incertain \u00e0 l&rsquo;id\u00e9e de faire un duo avec Il Cello (The Voice), il s\u2019explique !"},"content":{"rendered":"<p>Apr\u00e8s la victoire du trio Il Cello lors de la finale de The Voice 2025, leur coach Florent Pagny explique pourquoi il ne se voit pas forc\u00e9ment faire un duo avec le groupe\u2026<\/p>\n<p>Florent Pagny reste sur la r\u00e9serve\u2026 Il y quelques semaines maintenant, le trio<a href=\"https:\/\/www.programme-tv.net\/news\/tv\/377961-il-cello-le-trio-de-florent-pagny-en-finale-de-the-voice-2025-etre-trois-est-a-la-fois-un-avantage-et-un-inconvenient\/\" data-api-deeplink=\"teleloisirs:\/\/news\/377961\" target=\"_blank\" rel=\"noopener\"> Il Cello<\/a> a \u00e9t\u00e9 sacr\u00e9 vainqueur de <a href=\"https:\/\/www.programme-tv.net\/tag\/the-voice\/\" target=\"_blank\" rel=\"noopener\">The Voice 2025<\/a>. <b>Levon, Salvatore et S\u00e9bastien<\/b>, qui avaient candidat\u00e9 ind\u00e9pendamment au t\u00e9l\u00e9-crochet de TF1 se sont r\u00e9unis sur conseil de leur coach. Une id\u00e9e qui a port\u00e9 ses fruits puisque <a href=\"https:\/\/www.programme-tv.net\/news\/musique\/378695-mauvaise-nouvelle-pour-il-cello-the-voice-2025-les-proteges-de-florent-pagny-ne-rencontrent-pas-le-succes-espere\/\" data-api-deeplink=\"teleloisirs:\/\/news\/378695\" target=\"_blank\" rel=\"noopener\">le groupe a d\u00e9croch\u00e9 la victoire<\/a>, d\u00e9bute une nouvelle aventure musicale avec la sortie de son titre Une femme et les trois chanteurs songent d\u00e9sormais \u00e0 un album commun. Interrog\u00e9 par nos confr\u00e8res de T\u00e9l\u00e9 Star, Florent Pagny s&rsquo;est montr\u00e9, contre toute attente, un peu r\u00e9ticent \u00e0 l&rsquo;id\u00e9e de faire un duo ses poulains\u2026<\/p>\n<p>The Voice 2025\u00a0: Florent Pagny pas convaincu par l&rsquo;id\u00e9e d&rsquo;un duo avec le trio Il Cello<\/p>\n<p>Dans les colonnes du magazine t\u00e9l\u00e9, le chanteur de 63 ans a expliqu\u00e9 pourquoi une collaboration avec Il Cello n&rsquo;\u00e9tait pas forc\u00e9ment d&rsquo;actualit\u00e9\u00a0: \u00ab\u00a0<b>\u00c7a serait \u00e9vident un duo avec eux, \u00e7a serait vendeur, mais d&rsquo;autres gens peuvent le faire avant moi, et j&rsquo;arriverai plus tard. Il ne faut pas toujours \u00eatre dans l&rsquo;\u00e9vidence. Et ce n&rsquo;est pas mon genre<\/b>\u00ab\u00a0, a confi\u00e9 <a href=\"https:\/\/www.programme-tv.net\/biographie\/515-pagny-florent\/\" data-api-deeplink=\"teleloisirs:\/\/person\/515\" target=\"_blank\" rel=\"noopener\"><b>Florent Pagny<\/b><\/a>, qui ne tarit pourtant pas d&rsquo;\u00e9loge sur le trio\u00a0: \u00ab\u00a0Quand je vois ce qu&rsquo;ils provoquent, c&rsquo;est fou. Ils me font penser \u00e0 Pavarotti, Carreras et Domingo, qui avaient la m\u00eame compl\u00e9mentarit\u00e9, harmonie et puissance\u00a0\u00bb<\/p>\n<p>                        La belle proposition de Florent Pagny au trio Il Cello (The Voice)<\/p>\n<p>Si l&rsquo;id\u00e9e d&rsquo;un titre commun reste encore en suspend, Florent Pagny avait tout de m\u00eame convi\u00e9 le trio \u00e0 le rejoindre sur sa tourn\u00e9e \u00e0 venir\u00a0: \u00ab\u00a0<b>On va croiser les doigts pour que \u00e7a se fasse<\/b>. Encore une fois, moi, tant que \u00e7a n&rsquo;arrive pas, je ne vais pas m&#8217;emballer. Il faut garder les pieds sur terre et il faut savourer \u00e9tape par \u00e9tape. L\u00e0, on a gagn\u00e9 l&rsquo;aventure, maintenant, on va se focaliser sur notre single et peut-\u00eatre sur notre album. La tourn\u00e9e, c&rsquo;est en 2026, donc on a encore le temps d&rsquo;y r\u00e9fl\u00e9chir et voir si \u00e7a se fait ou pas. Mais, c&rsquo;est un honneur pour nous\u00a0\u00bb, a r\u00e9agi Levon <a href=\"https:\/\/www.programme-tv.net\/news\/tv\/378112-il-cello-trio-gagnant-de-the-voice-2025-nous-parle-de-son-lien-special-avec-florent-pagny-et-revient-sur-son-incroyable-annonce-pendant-la-finale\/\" data-api-deeplink=\"teleloisirs:\/\/news\/378112\" target=\"_blank\" rel=\"noopener\">dans une interview accord\u00e9e \u00e0 T\u00e9l\u00e9-Loisirs<\/a> au lendemain de la finale de The Voice.<\/p>\n","protected":false},"excerpt":{"rendered":"Apr\u00e8s la victoire du trio Il Cello lors de la finale de The Voice 2025, leur coach Florent&hellip;\n","protected":false},"author":2,"featured_media":111270,"comment_status":"","ping_status":"","sticky":false,"template":"","format":"standard","meta":{"footnotes":""},"categories":[1356],"tags":[244,58,59,3109,1011,27,8525,23045,23043,252,3074,23044,2175,1364],"class_list":{"0":"post-111269","1":"post","2":"type-post","3":"status-publish","4":"format-standard","5":"has-post-thumbnail","7":"category-television","8":"tag-commentaire","9":"tag-divertissement","10":"tag-entertainment","11":"tag-florent-pagny","12":"tag-fr","13":"tag-france","14":"tag-la-plus-belle-voix","15":"tag-la-plus-belle-voix-212025-0910-pm-tf1","16":"tag-la-plus-belle-voix-su00e9rie-8031967","17":"tag-television","18":"tag-the-voice","19":"tag-the-voice-212025-1140-pm-tf1","20":"tag-tl-story","21":"tag-tv"},"share_on_mastodon":{"url":"https:\/\/pubeurope.com\/@fr\/114533514833614827","error":""},"_links":{"self":[{"href":"https:\/\/www.europesays.com\/fr\/wp-json\/wp\/v2\/posts\/111269","targetHints":{"allow":["GET"]}}],"collection":[{"href":"https:\/\/www.europesays.com\/fr\/wp-json\/wp\/v2\/posts"}],"about":[{"href":"https:\/\/www.europesays.com\/fr\/wp-json\/wp\/v2\/types\/post"}],"author":[{"embeddable":true,"href":"https:\/\/www.europesays.com\/fr\/wp-json\/wp\/v2\/users\/2"}],"replies":[{"embeddable":true,"href":"https:\/\/www.europesays.com\/fr\/wp-json\/wp\/v2\/comments?post=111269"}],"version-history":[{"count":0,"href":"https:\/\/www.europesays.com\/fr\/wp-json\/wp\/v2\/posts\/111269\/revisions"}],"wp:featuredmedia":[{"embeddable":true,"href":"https:\/\/www.europesays.com\/fr\/wp-json\/wp\/v2\/media\/111270"}],"wp:attachment":[{"href":"https:\/\/www.europesays.com\/fr\/wp-json\/wp\/v2\/media?parent=111269"}],"wp:term":[{"taxonomy":"category","embeddable":true,"href":"https:\/\/www.europesays.com\/fr\/wp-json\/wp\/v2\/categories?post=111269"},{"taxonomy":"post_tag","embeddable":true,"href":"https:\/\/www.europesays.com\/fr\/wp-json\/wp\/v2\/tags?post=111269"}],"curies":[{"name":"wp","href":"https:\/\/api.w.org\/{rel}","templated":true}]}}