{"id":11127,"date":"2025-04-08T20:58:20","date_gmt":"2025-04-08T20:58:20","guid":{"rendered":"https:\/\/www.europesays.com\/fr\/11127\/"},"modified":"2025-04-08T20:58:20","modified_gmt":"2025-04-08T20:58:20","slug":"lukraine-veut-la-paix-des-que-possible-assure-zelensky","status":"publish","type":"post","link":"https:\/\/www.europesays.com\/fr\/11127\/","title":{"rendered":"L\u2019Ukraine veut \u00abla paix d\u00e8s que possible\u00bb, assure Zelensky"},"content":{"rendered":"<p>                        Vendredi 7 mars<\/p>\n<p>\n        23:55\n            <\/p>\n<p class=\"fig-live-post__title\" role=\"heading\" aria-level=\"3\">C\u2019est la fin de ce direct<\/p>\n<p class=\"fig-paragraph\">Merci de nous avoir suivis, retrouvez le reste de l\u2019actualit\u00e9 sur lefigaro.fr\u00a0!<\/p>\n<p>\n        22:36\n            <\/p>\n<p class=\"fig-live-post__title\" role=\"heading\" aria-level=\"3\">Jean-No\u00ebl Barrot et Marco Rubio ont discut\u00e9 de la fin du conflit ukrainien<\/p>\n<p class=\"fig-paragraph\"><a href=\"http:\/\/www.lefigaro.fr\/politique\/jean-noel-barrot-un-ministre-propulse-dans-le-fracas-du-monde-20250306\" target=\"_blank\" data-fig-type=\"Article\" rel=\"noopener nofollow\" data-gtm-custom-categorie=\"navigation\" data-gtm-custom-action=\"crossclick\" data-gtm-custom-label=\"Contextuel\" data-gtm-event=\"customEventSPE\" data-fig-domain=\"LEFIGARO\">Jean-No\u00ebl Barrot<\/a>, ministre fran\u00e7ais des Affaires \u00e9trang\u00e8res, a \u00e9chang\u00e9 ce vendredi avec le secr\u00e9taire d\u2019\u00c9tat am\u00e9ricain Marco Rubio au cours d\u2019une conversation t\u00e9l\u00e9phonique sur la fin de la guerre entre la Russie et l&rsquo;Ukraine, sans que le contenu de la discussion ne filtre.<\/p>\n<p>\n        22:00\n            <\/p>\n<p class=\"fig-live-post__title\" role=\"heading\" aria-level=\"3\">Washington suspend l\u2019acc\u00e8s de l\u2019Ukraine \u00e0 son imagerie spatiale<\/p>\n<p class=\"fig-paragraph\">Washington a \u00abtemporairement suspendu\u00bb l\u2019acc\u00e8s de l\u2019Ukraine \u00e0 son imagerie spatiale, a annonc\u00e9 vendredi un porte-parole de la National Geospatial-Intelligence Agency (NGI). Maxar, l\u2019une des entreprises sous contrat avec le gouvernement am\u00e9ricain qui fournissait des images \u00e0 Kiev, a confirm\u00e9 la suspension, tout en pr\u00e9cisant qu\u2019il n\u2019y avait \u00abaucun changement dans la mani\u00e8re dont nous soutenons nos autres clients, ni dans leurs programmes, ni dans leurs contrats\u00bb.<\/p>\n<p class=\"fig-paragraph\">La suspension de l\u2019acc\u00e8s de l\u2019Ukraine \u00e0 l\u2019imagerie satellitaire &#8211; que ses forces ont utilis\u00e9e pour suivre les mouvements des troupes russes et \u00e9valuer les dommages apr\u00e8s les frappes &#8211; survient alors que Donald Trump a ordonn\u00e9 lundi une pause\u00a0<a href=\"http:\/\/www.lefigaro.fr\/international\/l-aide-americaine-est-devenue-moins-indispensable-a-l-ukraine-qu-au-debut-de-la-guerre-20250304\" target=\"_blank\" data-fig-type=\"Article\" rel=\"noopener nofollow\" data-gtm-custom-categorie=\"navigation\" data-gtm-custom-action=\"crossclick\" data-gtm-custom-label=\"Contextuel\" data-gtm-event=\"customEventSPE\" data-fig-domain=\"LEFIGARO\">dans l\u2019aide militaire des \u00c9tats-Unis \u00e0 l\u2019Ukraine<\/a>, apr\u00e8s sa spectaculaire altercation la semaine derni\u00e8re avec Volodymyr Zelensky. Le directeur de la CIA, John Ratcliffe, a ensuite confirm\u00e9 mercredi que la transmission de renseignements \u00e0 l\u2019Ukraine avait \u00e9galement \u00e9t\u00e9 gel\u00e9e.<\/p>\n<p>\n        19:58\n            <\/p>\n<p class=\"fig-live-post__title\" role=\"heading\" aria-level=\"3\">Situation difficile pour les forces ukrainiennes dans la r\u00e9gion russe de Koursk<\/p>\n<p class=\"fig-paragraph\">La situation pour les forces ukrainiennes combattant\u00a0<a href=\"http:\/\/www.lefigaro.fr\/international\/en-ukraine-les-russes-attaquent-la-region-de-soumy-pour-chasser-les-ukrainiens-du-saillant-de-koursk-20250228\" target=\"_blank\" data-fig-type=\"NewsFlash\" rel=\"noopener nofollow\" data-gtm-custom-categorie=\"navigation\" data-gtm-custom-action=\"crossclick\" data-gtm-custom-label=\"Contextuel\" data-gtm-event=\"customEventSPE\" data-fig-domain=\"LEFIGARO\">dans la r\u00e9gion russe de Koursk<\/a>\u00a0s\u2019est d\u00e9t\u00e9rior\u00e9e depuis une perc\u00e9e de l\u2019arm\u00e9e russe qui menace leurs lignes logistiques, ont rapport\u00e9 vendredi des m\u00e9dias et observateurs. Les troupes ukrainiennes occupent toujours quelques centaines de kilom\u00e8tres carr\u00e9s dans cette r\u00e9gion russe frontali\u00e8re depuis une offensive surprise en ao\u00fbt 2024. Les forces russes tentent depuis de les d\u00e9loger et ont repris plus des deux tiers des territoires initialement conquis par Kiev.<\/p>\n<p class=\"fig-paragraph\">Selon le blog militaire DeepState, proche de l\u2019arm\u00e9e ukrainienne, une \u00abbr\u00e8che\u00bb s\u2019est produite dans les d\u00e9fenses ukrainiennes au sud de la petite ville de Soujda, sous occupation des forces de Kiev. \u00abL\u2019une de nos brigades s\u2019est retir\u00e9e de ses positions. Apr\u00e8s cela, l\u2019ennemi a renforc\u00e9 ses forces et a syst\u00e9matiquement lanc\u00e9 des op\u00e9rations d\u2019assaut. Hier et avant-hier (6 et 5 mars), ils ont fait une perc\u00e9e &#8211; voil\u00e0 le r\u00e9sultat\u00bb, a indiqu\u00e9 DeepState, suivi par pr\u00e8s de 800.000 abonn\u00e9s sur Telegram.<\/p>\n<p class=\"fig-paragraph\">Selon une source dans l\u2019arm\u00e9e interrog\u00e9e par le journal ukrainien Ukrainska Pravda, les militaires tentent de \u00abstabiliser la situation\u00bb mais les troupes russes peuvent \u00eatre en mesure de \u00abcouper compl\u00e8tement les voies d\u2019approvisionnement\u00bb.<\/p>\n<p>\n        19:29\n            <\/p>\n<p class=\"fig-live-post__title\" role=\"heading\" aria-level=\"3\">Vladimir Poutine serait pr\u00eat \u00e0 accepter une tr\u00eave sous certaines conditions, selon Bloomberg<\/p>\n<p class=\"fig-paragraph\">La Russie serait pr\u00eate \u00e0 discuter\u00a0<a href=\"http:\/\/www.lefigaro.fr\/international\/guerre-en-ukraine-macron-pense-qu-une-treve-est-possible-dans-les-semaines-a-venir-alerte-aerienne-a-kiev-20250225\" target=\"_blank\" data-fig-type=\"NewsFlash\" rel=\"noopener nofollow\" data-gtm-custom-categorie=\"navigation\" data-gtm-custom-action=\"crossclick\" data-gtm-custom-label=\"Contextuel\" data-gtm-event=\"customEventSPE\" data-fig-domain=\"LEFIGARO\">d\u2019une tr\u00eave temporaire en Ukraine<\/a>, avance le m\u00e9dia am\u00e9ricain Bloomberg, si des progr\u00e8s vers un accord de paix d\u00e9finitif sont effectu\u00e9s durant ce laps de temps. Selon nos confr\u00e8res, les Russes souhaiteraient que les principes de base de l\u2019accord de paix final soient clairement d\u00e9finis avant de signer cette tr\u00eave.<\/p>\n<p>\n        18:51\n            <\/p>\n<p class=\"fig-live-post__title\" role=\"heading\" aria-level=\"3\">L\u2019Ukraine veut \u00abla paix d\u00e8s que possible\u00bb, assure Zelensky<\/p>\n<p class=\"fig-paragraph\"><a href=\"http:\/\/www.lefigaro.fr\/international\/nous-ne-sommes-pas-seuls-volodymyr-zelensky-remercie-les-europeens-de-leur-soutien-a-l-ukraine-20250306\" target=\"_blank\" data-fig-type=\"NewsFlash\" rel=\"noopener nofollow\" data-gtm-custom-categorie=\"navigation\" data-gtm-custom-action=\"crossclick\" data-gtm-custom-label=\"Contextuel\" data-gtm-event=\"customEventSPE\" data-fig-domain=\"LEFIGARO\">Volodymyr Zelensky<\/a>\u00a0a assur\u00e9 vendredi vouloir \u00abla paix d\u00e8s que possible\u00bb, avant une rencontre am\u00e9ricano-ukrainienne la semaine prochaine et apr\u00e8s des critiques de Washington selon lesquelles le pr\u00e9sident ukrainien refuserait de n\u00e9gocier avec Moscou.<\/p>\n<p class=\"fig-paragraph\">\u00abUn travail tr\u00e8s intensif avec l\u2019\u00e9quipe du pr\u00e9sident (Donald) Trump s\u2019est d\u00e9roul\u00e9 toute la journ\u00e9e \u00e0 diff\u00e9rents niveaux, avec de nombreux appels. Le th\u00e8me est clair\u00a0: la paix d\u00e8s que possible\u00bb, a affirm\u00e9 Volodymyr Zelensky dans son adresse quotidienne diffus\u00e9e sur les r\u00e9seaux sociaux.<\/p>\n<p class=\"fig-body-link\">\n            \u00c0 lire aussi<br \/>\n        <a class=\"fig-body-link__link\" href=\"http:\/\/www.lefigaro.fr\/conjoncture\/guerre-en-ukraine-donald-trump-envisage-fortement-des-sanctions-bancaires-et-des-droits-de-douane-contre-la-russie-20250307\" data-fig-type=\"NewsFlash\" data-gtm-custom-categorie=\"navigation\" data-gtm-custom-action=\"crossclick\" data-gtm-custom-label=\"Contextuel\" data-gtm-event=\"customEventSPE\" data-fig-domain=\"LEFIGARO\" rel=\"nofollow noopener\" target=\"_blank\">Guerre en Ukraine\u00a0: Donald Trump \u00abenvisage fortement\u00bb des sanctions bancaires et des droits de douane contre la Russie<br \/>\n    <\/a>\n<\/p>\n<p>\n        18:32\n            <\/p>\n<p class=\"fig-live-post__title\" role=\"heading\" aria-level=\"3\">\u00abSans moi, c\u2019est impossible\u00bb de mettre fin \u00e0 la guerre en Ukraine, avance Donald Trump<\/p>\n<p class=\"fig-paragraph\">Le pr\u00e9sident am\u00e9ricain, interrog\u00e9 sur une \u00e9ventuelle nomination pour un \u00e9ventuel prix Nobel, a bott\u00e9 en touche, mais a martel\u00e9 que le conflit ne prendrait pas fin sans son implication. \u00abNous devons trouver une r\u00e9solution \u00e0 la guerre, a d\u00e9clar\u00e9\u00a0<a href=\"http:\/\/www.lefigaro.fr\/international\/en-asie-donald-trump-attise-l-anxiete-des-allies-de-l-amerique-20250307\" target=\"_blank\" data-fig-type=\"Article\" rel=\"noopener nofollow\" data-gtm-custom-categorie=\"navigation\" data-gtm-custom-action=\"crossclick\" data-gtm-custom-label=\"Contextuel\" data-gtm-event=\"customEventSPE\" data-fig-domain=\"LEFIGARO\">Donald Trump<\/a>\u00a0face \u00e0 la presse \u00e0 Washington. Sans moi, c\u2019est impossible. Tout le monde le dit, m\u00eame Emmanuel Macron et d\u2019autres premiers ministres dans le monde.\u00bb<\/p>\n<p>\n        18:29\n            <\/p>\n<p class=\"fig-live-post__title\" role=\"heading\" aria-level=\"3\">Le ministre ukrainien des affaires \u00e9trang\u00e8res d\u00e9clare avoir eu un \u00abappel constructif\u00bb avec son homologue am\u00e9ricain Rubio<\/p>\n<p class=\"fig-paragraph\">Le ministre ukrainien des affaires \u00e9trang\u00e8res, Andrii Sybiha, a d\u00e9clar\u00e9 avoir eu un \u00abappel constructif\u00bb\u00a0<a href=\"http:\/\/www.lefigaro.fr\/international\/a-jerusalem-marco-rubio-assure-israel-du-soutien-americain-20250216\" target=\"_blank\" data-fig-type=\"Article\" rel=\"noopener nofollow\" data-gtm-custom-categorie=\"navigation\" data-gtm-custom-action=\"crossclick\" data-gtm-custom-label=\"Contextuel\" data-gtm-event=\"customEventSPE\" data-fig-domain=\"LEFIGARO\">avec son homologue am\u00e9ricain, Marco Rubio<\/a>, vendredi, pour discuter d\u2019une prochaine r\u00e9union bilat\u00e9rale en Arabie saoudite.<\/p>\n<p>\u00abL\u2019Ukraine souhaite que la guerre prenne fin et le leadership des \u00c9tats-Unis est essentiel pour parvenir \u00e0 une paix durable. Nous avons \u00e9galement discut\u00e9 des moyens de faire progresser notre coop\u00e9ration bilat\u00e9rale\u00bb, a d\u00e9clar\u00e9 Andrii Sybiha sur X.<\/p>\n<p>\n        18:25\n            <\/p>\n<p class=\"fig-live-post__title\" role=\"heading\" aria-level=\"3\">\u00abOn pourrait avoir la Troisi\u00e8me Guerre mondiale si on ne fait pas attention\u00bb, pr\u00e9vient Donald Trump<\/p>\n<p class=\"fig-paragraph\">Donald\u00a0<a href=\"http:\/\/www.lefigaro.fr\/conjoncture\/guerre-en-ukraine-donald-trump-envisage-fortement-des-sanctions-bancaires-et-des-droits-de-douane-contre-la-russie-20250307\" target=\"_blank\" data-fig-type=\"NewsFlash\" rel=\"noopener nofollow\" data-gtm-custom-categorie=\"navigation\" data-gtm-custom-action=\"crossclick\" data-gtm-custom-label=\"Contextuel\" data-gtm-event=\"customEventSPE\" data-fig-domain=\"LEFIGARO\">Trump<\/a>\u00a0a justifi\u00e9 ses r\u00e9centes actions offensives sur le plan diplomatique par la crainte de voir une \u00abTroisi\u00e8me Guerre mondiale\u00bb \u00e9clater si le conflit ukrainien venait \u00e0 se poursuivre.<\/p>\n<p>\n        18:21\n            <\/p>\n<p class=\"fig-live-post__title\" role=\"heading\" aria-level=\"3\">Donald Trump juge \u00abplus facile\u00bb de traiter avec la Russie que l\u2019Ukraine en vue d\u2019un accord de paix<\/p>\n<p class=\"fig-paragraph\">Le\u00a0<a href=\"http:\/\/www.lefigaro.fr\/sciences\/l-administration-trump-multiplie-les-assauts-contre-les-sciences-du-climat-20250307\" target=\"_blank\" data-fig-type=\"Article\" rel=\"noopener nofollow\" data-gtm-custom-categorie=\"navigation\" data-gtm-custom-action=\"crossclick\" data-gtm-custom-label=\"Contextuel\" data-gtm-event=\"customEventSPE\" data-fig-domain=\"LEFIGARO\">pr\u00e9sident am\u00e9ricain Donald Trump<\/a>\u00a0a jug\u00e9 vendredi qu\u2019il \u00e9tait \u00abplus facile\u00bb de traiter avec la Russie que l\u2019Ukraine qu\u2019avec l\u2019Ukraine dans le cadre des efforts visant \u00e0 mettre fin \u00e0 la guerre et a dit qu\u2019il faisait confiance \u00e0 Vladimir Poutine.<\/p>\n<p class=\"fig-paragraph\">\u00abJe le crois\u00bb, a-t-il d\u00e9clar\u00e9 \u00e0 propos du pr\u00e9sident russe. \u00abJe trouve franchement qu\u2019il est plus difficile de traiter avec l\u2019Ukraine, qui n\u2019a pas les cartes en main\u00bb, a-t-il ajout\u00e9. \u00abIl est peut-\u00eatre plus facile de traiter avec la Russie. L\u2019Ukraine doit se mettre au travail et faire le boulot\u00a0!\u00bb<\/p>\n<p>\n        18:01\n            <\/p>\n<p class=\"fig-live-post__title\" role=\"heading\" aria-level=\"3\">R\u00e9union minist\u00e9rielle \u00abd\u00e9fense\u00bb mercredi \u00e0 Paris de cinq poids lourds europ\u00e9ens<\/p>\n<p class=\"fig-paragraph\">Le ministre fran\u00e7ais des Arm\u00e9es recevra mercredi ses homologues des quatre autres poids lourds militaires europ\u00e9ens &#8211; Allemagne, Italie, Pologne, Royaume-Uni &#8211; pour \u00abcoordonner leur action en soutien \u00e0 Kiev\u00bb, a indiqu\u00e9 ce vendredi son entourage. Les cinq ministres se retrouveront au Val-de-Gr\u00e2ce, \u00e0 Paris, au lendemain d\u2019une r\u00e9union, organis\u00e9e par Emmanuel Macron, des chefs d\u2019\u00e9tat-major des pays europ\u00e9ens pr\u00eats \u00e0 garantir une future paix en Ukraine.<\/p>\n<p class=\"fig-paragraph\">\u00abAlors que les chefs d\u2019\u00c9tat europ\u00e9ens ont dit \u00e0 plusieurs reprises que la paix en Ukraine devrait s\u2019imposer par la force, et au regard de la r\u00e9cente d\u00e9cision\u00bb des \u00c9tats-Unis \u00abde suspendre leur aide militaire \u00e0 l\u2019Ukraine, les ministres \u00e9changeront pour coordonner l\u2019action de nos pays en soutien \u00e0 Kiev\u00bb, a expliqu\u00e9 \u00e0 l\u2019AFP l\u2019entourage de S\u00e9bastien Lecornu. \u00abIls \u00e9changeront aussi sur le r\u00e9armement n\u00e9cessaire de l\u2019Europe et de nos pays respectifs, qui s\u2019impose pour garantir notre s\u00e9curit\u00e9 collective sur le long terme\u00bb. Le ministre de la D\u00e9fense ukrainien participera en visioconf\u00e9rence \u00e0 ces entretiens, ainsi que des responsables de l\u2019Otan et de l\u2019Union europ\u00e9enne.<\/p>\n<p>        17:45<br \/>\n                                    <img   class=\"fig-img fig-live-post__picto\" alt=\"picto\"\/><\/p>\n<p class=\"fig-live-post__title\" role=\"heading\" aria-level=\"3\">SONDAGE &#8211; \u00c0 la man\u0153uvre sur le dossier ukrainien, Emmanuel Macron peut compter sur le soutien de l\u2019opinion<\/p>\n<p class=\"fig-paragraph\"><a href=\"http:\/\/www.lefigaro.fr\/politique\/guerre-en-ukraine-que-se-cache-t-il-derriere-l-expression-dividendes-de-la-paix-employee-par-emmanuel-macron-20250306\" target=\"_blank\" data-fig-type=\"Article\" rel=\"noopener nofollow\" data-gtm-custom-categorie=\"navigation\" data-gtm-custom-action=\"crossclick\" data-gtm-custom-label=\"Contextuel\" data-gtm-event=\"customEventSPE\" data-fig-domain=\"LEFIGARO\">Emmanuel Macron<\/a>\u00a0a remis ses habits sombres de chef de guerre. Le revoil\u00e0 sur le devant de la sc\u00e8ne internationale, d\u00e9stabilis\u00e9e par la suspension de l\u2019aide am\u00e9ricaine \u00e0 l\u2019Ukraine et le rapprochement inattendu entre Donald Trump et Vladimir Poutine. Depuis Bruxelles, o\u00f9 se tenait jeudi un Conseil europ\u00e9en exceptionnel, le chef de l\u2019\u00c9tat a de nouveau brandi la\u00a0\u00abmenace existentielle\u00bb\u00a0que la Russie pourrait faire peser sur les Vingt-Sept. La veille d\u00e9j\u00e0, lors de son allocution t\u00e9l\u00e9vis\u00e9e, il avait sensibilis\u00e9 les esprits \u00e0 cette\u00a0\u00abnouvelle \u00e8re\u00bb\u00a0domin\u00e9e par\u00a0\u00abla brutalit\u00e9\u00bb, o\u00f9\u00a0\u00abla prosp\u00e9rit\u00e9 et la s\u00e9curit\u00e9\u00bb\u00a0ne sont plus acquises.<\/p>\n<p class=\"fig-paragraph\">Ce vendredi, c\u2019\u00e9tait au tour de\u00a0<a href=\"http:\/\/www.lefigaro.fr\/politique\/sarah-el-hairy-une-centriste-proche-de-francois-bayrou-choisie-pour-le-haut-commissariat-a-l-enfance-20250304\" target=\"_blank\" data-fig-type=\"Article\" rel=\"noopener nofollow\" data-gtm-custom-categorie=\"navigation\" data-gtm-custom-action=\"crossclick\" data-gtm-custom-label=\"Contextuel\" data-gtm-event=\"customEventSPE\" data-fig-domain=\"LEFIGARO\">Fran\u00e7ois Bayrou<\/a>\u00a0de sonner le tocsin sur CNews\/Europe 1, quelques jours apr\u00e8s un vif d\u00e9bat sur le conflit russo-ukrainien \u00e0 l\u2019Assembl\u00e9e nationale.\u00a0\u00abLe monde de la force de la loi est pass\u00e9 dans un autre monde qui est la loi du plus fort\u00bb, a alert\u00e9 le premier ministre. Comme pour mieux pr\u00e9parer l\u2019opinion publique aux efforts qu\u2019impose cette grande bascule. Pour y parvenir, l\u2019ex\u00e9cutif rejoue la corde rassembleuse de \u00abl\u2019effet drapeau\u00bb. Un r\u00e9flexe de soutien dont Emmanuel Macron avait d\u00e9j\u00e0 b\u00e9n\u00e9fici\u00e9 pendant la campagne pr\u00e9sidentielle de 2022, alors que la guerre \u00e9clatait aux portes de l\u2019Europe.<\/p>\n<p class=\"fig-body-cta-link\" data-module=\"fig-cta-link\" data-context=\"was @visible\">\n    <a class=\"fig-body-cta-link__link\" href=\"https:\/\/www.lefigaro.fr\/international\/a-la-manoeuvre-sur-le-dossier-ukrainien-emmanuel-macron-peut-compter-sur-le-soutien-de-l-opinion-20250307\" data-js-gtm=\"{&quot;event&quot;:&quot;customEventGA4&quot;,&quot;eventName&quot;:&quot;click_navigation&quot;,&quot;button_action&quot;:&quot;crossclick&quot;,&quot;feature&quot;:&quot;Contextuel_bouton&quot;,&quot;feature_details&quot;:&quot;MACRON PEUT COMPTER SUR L&#039;OPINION&quot;,&quot;link_url&quot;:&quot;https:\\\/\\\/www.lefigaro.fr\\\/international\\\/a-la-manoeuvre-sur-le-dossier-ukrainien-emmanuel-macron-peut-compter-sur-le-soutien-de-l-opinion-20250307&quot;}\" rel=\"nofollow noopener\" target=\"_blank\"><br \/>\n                MACRON PEUT COMPTER SUR L&rsquo;OPINION<br \/>\n    <\/a>\n<\/p>\n<p>    L\u2019activisme d\u2019Emmanuel Macron sur la sc\u00e8ne internationale lui permet de sortir de la spirale d\u2019impopularit\u00e9 dans laquelle il s\u2019enfon\u00e7ait.<br \/>\n                Evelyn Hockstein \/ REUTERS<\/p>\n<p>\n        17:20\n            <\/p>\n<p class=\"fig-live-post__title\" role=\"heading\" aria-level=\"3\">La chef du renseignement am\u00e9ricain \u00e0 Paris la semaine prochaine<\/p>\n<p class=\"fig-paragraph\">La directrice du Renseignement national am\u00e9ricain (DNI), Tulsi Gabbard, est attendue \u00e0 Paris la semaine prochaine et rencontrera le Coordonnateur national du renseignement fran\u00e7ais, a appris l\u2019AFP ce vendredi de source proche des discussions. Cette source, qui n\u2019a fourni aucun d\u00e9tail sur le contenu des entretiens, confirmait ainsi l\u2019information du site sp\u00e9cialis\u00e9 Intelligence Online annon\u00e7ant la venue de la responsable am\u00e9ricaine.<\/p>\n<p class=\"fig-paragraph\">Tulsi Gabbard doit rencontrer au palais de l\u2019Elys\u00e9e Pascal Mailhos, patron de la Coordination nationale du renseignement et de la lutte antiterroriste (CNRLT), \u00abdans le cadre d\u2019une tourn\u00e9e europ\u00e9enne qui la verra s\u2019arr\u00eater \u00e0 Londres et Berlin, au minimum\u00bb, affirme IOL.<\/p>\n<p class=\"fig-paragraph\">La nomination \u00e0 son poste d\u00e8s novembre de Tulsi Gabbard, farouche opposante \u00e0 l\u2019interventionnisme militaire de Washington, a suscit\u00e9 de vives inqui\u00e9tudes, notamment sur la politisation du travail des espions am\u00e9ricains et leur soumission \u00e0 la Maison-Blanche. L\u2019ancienne soldate de 43 ans, transfuge du Parti d\u00e9mocrate, a \u00e9t\u00e9 coutumi\u00e8re de positions favorables aux pr\u00e9sidents russe Vladimir Poutine et syrien Bachar al-Assad.<\/p>\n<p class=\"fig-paragraph\">Le poste de DNI avait \u00e9t\u00e9 cr\u00e9\u00e9 en 2005 pour chapeauter l\u2019ensemble des agences de renseignement am\u00e9ricaines, lorsqu\u2019avait \u00e9t\u00e9 d\u00e9couvert combien l\u2019insuffisante coordination entre les services avait emp\u00each\u00e9 Washington de d\u00e9jouer les attentats du 11-Septembre 2001. Cette visite intervient alors que l\u2019Europe d\u00e9couvre chaque jour avec stupeur les d\u00e9cisions de la Maison-Blanche et la nouvelle politique \u00e9trang\u00e8re de Donald Trump, qui se rapproche notamment de la Russie.<\/p>\n<p class=\"fig-paragraph\">Washington a suspendu les livraisons d\u2019armes et la fourniture de renseignement \u00e0 Kiev, faisant craindre la fin de toute assistance \u00e0 son alli\u00e9 d\u2019hier. Le ministre fran\u00e7ais des Arm\u00e9es a en revanche confirm\u00e9 jeudi que Paris fournissait du renseignement militaire \u00e0 l\u2019Ukraine. \u00abNotre renseignement est souverain (&#8230;) avec des capacit\u00e9s qui nous sont propres\u00bb, a affirm\u00e9 S\u00e9bastien Lecornu sur la radio France Inter, expliquant que cela avait \u00e9t\u00e9 \u00ablong de remonter en puissance ces derni\u00e8res ann\u00e9es\u00bb. \u00abNous en faisons b\u00e9n\u00e9ficier les Ukrainiens\u00bb, a-t-il poursuivi. \u00abVous n\u2019avez pas un agent de la DGSE (renseignement ext\u00e9rieur fran\u00e7ais, NDLR), pas un officier d\u2019\u00e9tat-major actuellement en France, qui consid\u00e8re que la Russie n\u2019est pas une menace\u00bb.<\/p>\n<p>\n        17:11\n            <\/p>\n<p class=\"fig-live-post__title\" role=\"heading\" aria-level=\"3\">Salvini, num\u00e9ro 2 du gouvernement italien, qualifie Macron de \u00abfou\u00bb<\/p>\n<p class=\"fig-paragraph\">Le dirigeant italien d\u2019extr\u00eame-droite\u00a0<a href=\"http:\/\/www.lefigaro.fr\/international\/le-vice-premier-ministre-italien-matteo-salvini-relaxe-dans-l-affaire-des-migrants-retenus-en-mer-20241220\" data-fig-type=\"NewsFlash\" data-gtm-custom-categorie=\"navigation\" data-gtm-custom-action=\"crossclick\" data-gtm-custom-label=\"Contextuel\" data-gtm-event=\"customEventSPE\" data-fig-domain=\"LEFIGARO\" rel=\"nofollow noopener\" target=\"_blank\">Matteo Salvini<\/a>, num\u00e9ro 2 du gouvernement ultraconservateur, a une nouvelle fois qualifi\u00e9 de \u00abfou\u00bb vendredi le pr\u00e9sident fran\u00e7ais\u00a0<a href=\"http:\/\/www.lefigaro.fr\/politique\/guerre-en-ukraine-que-se-cache-t-il-derriere-l-expression-dividendes-de-la-paix-employee-par-emmanuel-macron-20250306\" data-fig-type=\"Article\" data-gtm-custom-categorie=\"navigation\" data-gtm-custom-action=\"crossclick\" data-gtm-custom-label=\"Contextuel\" data-gtm-event=\"customEventSPE\" data-fig-domain=\"LEFIGARO\" rel=\"nofollow noopener\" target=\"_blank\">Emmanuel Macron<\/a>, qu\u2019il accuse de pousser l\u2019Europe \u00e0 la guerre avec la Russie. Depuis\u00a0<a href=\"https:\/\/www.lefigaro.fr\/international\/ces-infiltres-que-la-russie-avait-places-en-ukraine-avant-l-invasion-20230404\" data-fig-type=\"Article\" data-gtm-custom-categorie=\"navigation\" data-gtm-custom-action=\"crossclick\" data-gtm-custom-label=\"Contextuel\" data-gtm-event=\"customEventSPE\" data-fig-domain=\"LEFIGARO\" rel=\"nofollow noopener\" target=\"_blank\">l\u2019invasion de l\u2019Ukraine par la Russie<\/a>\u00a0en 2022, Matteo Salvini s\u2019emploie \u00e0 freiner l\u2019aide militaire de l\u2019Italie \u00e0 Kiev tout en tentant de faire oublier la proximit\u00e9 pass\u00e9e entre sa formation politique, La Ligue, et le parti de Vladimir Poutine, Russie unie.<\/p>\n<p class=\"fig-paragraph\">Le pr\u00e9sident fran\u00e7ais, souvent \u00e0 l\u2019initiative avec Bruxelles dans le soutien \u00e0 l\u2019Ukraine, est, avec la pr\u00e9sidente de la Commission europ\u00e9enne Ursula von der Leyen, la principale cible des attaques verbales de Matteo Salvini. \u00abZelensky demande la paix, Trump \u0153uvre pour la paix, Poutine veut la paix\u00bb tandis qu\u2019\u00ab\u00e0 Bruxelles et Paris, il y a un fou\u00bb, a-t-il dit en d\u00e9placement \u00e0 Milan, selon ses propos rapport\u00e9s par l\u2019agence de presse Ansa. Si l\u2019Italie \u00abveut investir dans sa s\u00e9curit\u00e9 nationale\u00bb, elle n\u2019acceptera \u00abjamais une arm\u00e9e europ\u00e9enne command\u00e9e par ce fou de Macron qui parle de guerre nucl\u00e9aire\u00bb, a-t-il ajout\u00e9.<\/p>\n<p class=\"fig-paragraph\">Emmanuel Macron a \u00e9voqu\u00e9 ces derniers jours la possibilit\u00e9 de faire b\u00e9n\u00e9ficier l\u2019Europe du parapluie nucl\u00e9aire fran\u00e7ais. Il a pr\u00e9cis\u00e9 jeudi se donner jusqu\u2019\u00e0 \u00abla fin du semestre\u00bb pour voir \u00abs\u2019il y a des coop\u00e9rations nouvelles qui peuvent voir le jour\u00bb, au sein de l\u2019Union europ\u00e9enne sur ce sujet. Pour Matteo Salvini, Emmanuel Macron \u00aba un besoin d\u00e9sesp\u00e9r\u00e9 de donner un sens\u00bb aux derniers temps de son second et dernier mandat pr\u00e9sidentiel. \u00abMais qu\u2019il ne le fasse pas \u00e0 nos d\u00e9pens ni \u00e0 ceux de nos enfants\u00bb.<\/p>\n<p class=\"fig-paragraph\">Il avait d\u00e9j\u00e0 trait\u00e9 le chef de l\u2019\u00c9tat fran\u00e7ais de fou l\u2019an dernier quand ce dernier avait \u00e9voqu\u00e9 l\u2019envoi de troupes europ\u00e9ennes en Ukraine, lui conseillant de \u00abse faire soigner\u00bb. Syst\u00e9matiquement \u00e0 contre-courant de la politique pro-Kiev de la cheffe de gouvernement\u00a0<a href=\"http:\/\/www.lefigaro.fr\/international\/guerre-en-ukraine-giorgia-meloni-appelle-l-europe-au-sang-froid-20250304\" data-fig-type=\"Article\" data-gtm-custom-categorie=\"navigation\" data-gtm-custom-action=\"crossclick\" data-gtm-custom-label=\"Contextuel\" data-gtm-event=\"customEventSPE\" data-fig-domain=\"LEFIGARO\" rel=\"nofollow noopener\" target=\"_blank\">Giorgia Meloni<\/a>, de culture atlantiste, Matteo Salvini est un admirateur de longue date de Vladimir Poutine et son parti avait sign\u00e9 en 2017 un accord avec Russie unie, le parti du pr\u00e9sident russe.<\/p>\n<p class=\"fig-paragraph\">S\u2019il a condamn\u00e9 l\u2019invasion russe de l\u2019Ukraine, il a aussi tenu des propos controvers\u00e9s sur la r\u00e9\u00e9lection de Vladimir Poutine (\u00abQuand un peuple vote, il a toujours raison\u00bb) ou la\u00a0<a href=\"http:\/\/www.lefigaro.fr\/international\/dossier\/mort-d-alexei-navalny-quelles-consequences-pour-vladimir-poutine-et-la-guerre-en-ukraine\" data-fig-type=\"Topic\" data-gtm-custom-categorie=\"navigation\" data-gtm-custom-action=\"crossclick\" data-gtm-custom-label=\"Contextuel\" data-gtm-event=\"customEventSPE\" data-fig-domain=\"LEFIGARO\" rel=\"nofollow noopener\" target=\"_blank\">mort en prison d\u2019Alexe\u00ef Navalny<\/a>, principal opposant au chef du Kremlin, estimant qu\u2019il revenait \u00abaux m\u00e9decins et aux juges\u00bb russes de faire la lumi\u00e8re sur les circonstances de son d\u00e9c\u00e8s. La Ligue fait partie, aux c\u00f4t\u00e9s du Rassemblement national (RN) fran\u00e7ais, du groupe Identit\u00e9 et d\u00e9mocratie au Parlement europ\u00e9en.<\/p>\n<p>\n        16:55\n            <\/p>\n<p class=\"fig-live-post__title\" role=\"heading\" aria-level=\"3\">Apr\u00e8s le sommet de l\u2019UE, Keir Starmer salue un \u00abpas en avant historique\u00bb<\/p>\n<p class=\"fig-paragraph\">Le premier ministre britannique Keir Starmer a salu\u00e9 ce vendredi les \u00abprogr\u00e8s\u00bb r\u00e9alis\u00e9s par l\u2019Union europ\u00e9enne lors de son sommet extraordinaire jeudi sur la d\u00e9fense et l\u2019Ukraine, estimant qu\u2019ils constituaient un \u00abpas en avant historique\u00bb, selon un porte-parole de Downing Street.<\/p>\n<p class=\"fig-paragraph\">Keir Starmer s\u2019est entretenu par visioconf\u00e9rence avec les pr\u00e9sidents du Conseil europ\u00e9en et de la Commission, ainsi que les dirigeants du Canada, de la Turquie, de la Norv\u00e8ge et de l\u2019Islande, au lendemain de ce sommet lors duquel les pays de l\u2019UE ont donn\u00e9 leur feu vert \u00e0 un plan visant \u00e0 mobiliser jusqu\u2019\u00e0 800 milliards d\u2019euros sur quatre ans, afin de renforcer la d\u00e9fense du continent et aider l\u2019Ukraine.<\/p>\n<p>\n        16:53\n            <\/p>\n<p class=\"fig-live-post__title\" role=\"heading\" aria-level=\"3\">Donald Trump va s\u2019exprimer \u00e0 la t\u00e9l\u00e9vision dans quelques instants<\/p>\n<p class=\"fig-paragraph\">Le pr\u00e9sident am\u00e9ricain va s\u2019exprimer \u00e0 11 heures (heure locale, 17 heures en France) \u00e0 la t\u00e9l\u00e9vision, depuis le Bureau ovale. Les sujets qu\u2019il va aborder n\u2019ont pas \u00e9t\u00e9 communiqu\u00e9s. Ce vendredi, il a menac\u00e9 la Russie de nouvelles sanctions bancaires et de droits de douane en d\u00e9non\u00e7ant les bombardements continus contre l\u2019Ukraine.<\/p>\n<p>\n        16:20\n            <\/p>\n<p class=\"fig-live-post__title\" role=\"heading\" aria-level=\"3\">En Asie, Donald Trump attise l\u2019anxi\u00e9t\u00e9 des alli\u00e9s de l\u2019Am\u00e9rique<\/p>\n<p class=\"fig-paragraph\">Face \u00e0 l\u2019impr\u00e9visible\u00a0<a href=\"http:\/\/www.lefigaro.fr\/international\/la-chine-est-nerveuse-de-voir-trump-et-poutine-se-parler-pekin-aux-aguets-face-au-cavalier-seul-russo-americain-20250220\" target=\"_blank\" data-fig-type=\"Article\" rel=\"noopener nofollow\" data-gtm-custom-categorie=\"navigation\" data-gtm-custom-action=\"crossclick\" data-gtm-custom-label=\"Contextuel\" data-gtm-event=\"customEventSPE\" data-fig-domain=\"LEFIGARO\">Donald Trump, S\u00e9oul ressort la bombe atomique des cartons<\/a>. Alors que le pr\u00e9sident am\u00e9ricain renverse la table en Ukraine, et menace ses alli\u00e9s de guerre commerciale, la Cor\u00e9e du Sud agite l\u2019option nucl\u00e9aire, mezzo voce. L\u2019acquisition de l\u2019arme supr\u00eame ne doit pas \u00eatre \u00e9cart\u00e9e en cas de d\u00e9gradation brutale de la situation g\u00e9opolitique, a jug\u00e9 Cho Tae-yul, le ministre des Affaires \u00e9trang\u00e8res de cet alli\u00e9 cl\u00e9 de l\u2019Am\u00e9rique en Asie du Nord est, en premi\u00e8re ligne face \u00e0 la Cor\u00e9e du Nord et la Chine.<\/p>\n<p class=\"fig-body-cta-link\" data-module=\"fig-cta-link\" data-context=\"was @visible\">\n    <a class=\"fig-body-cta-link__link\" href=\"https:\/\/www.lefigaro.fr\/international\/en-asie-donald-trump-attise-l-anxiete-des-allies-de-l-amerique-20250307\" data-js-gtm=\"{&quot;event&quot;:&quot;customEventGA4&quot;,&quot;eventName&quot;:&quot;click_navigation&quot;,&quot;button_action&quot;:&quot;crossclick&quot;,&quot;feature&quot;:&quot;Contextuel_bouton&quot;,&quot;feature_details&quot;:&quot;EN ASIE, DONALD TRUMP ATTISE L\\u2019ANXI\\u00c9T\\u00c9&quot;,&quot;link_url&quot;:&quot;https:\\\/\\\/www.lefigaro.fr\\\/international\\\/en-asie-donald-trump-attise-l-anxiete-des-allies-de-l-amerique-20250307&quot;}\" rel=\"nofollow noopener\" target=\"_blank\"><br \/>\n                EN ASIE, DONALD TRUMP ATTISE L\u2019ANXI\u00c9T\u00c9<br \/>\n    <\/a>\n<\/p>\n<p>\n        15:50\n            <\/p>\n<p class=\"fig-live-post__title\" role=\"heading\" aria-level=\"3\">Trump menace la Russie de nouvelles sanctions bancaires et de droits de douane<\/p>\n<p class=\"fig-paragraph\">Le pr\u00e9sident am\u00e9ricain Donald Trump a menac\u00e9 vendredi la Russie de nouvelles sanctions bancaires et de droits de douane en d\u00e9non\u00e7ant les bombardements continus contre l\u2019Ukraine.<\/p>\n<p class=\"fig-paragraph\">\u00abCompte tenu du fait que la Russie \u201cpilonne\u201d actuellement l\u2019Ukraine sur le champ de bataille, j\u2019envisage fortement des sanctions bancaires, des sanctions et des droits de douane \u00e0 grande \u00e9chelle contre la Russie jusqu\u2019\u00e0 ce qu\u2019un cessez-le-feu et un accord d\u00e9finitif sur la paix soient conclus\u00bb, a-t-il \u00e9crit sur son r\u00e9seau Truth Social. \u00ab\u00c0 la Russie et \u00e0 l\u2019Ukraine, rendez-vous \u00e0 la table des n\u00e9gociations d\u00e8s maintenant, avant qu\u2019il ne soit trop tard. Je vous remercie\u00a0!\u00bb, a-t-il ajout\u00e9.<\/p>\n<p class=\"fig-paragraph\">La Russie a lanc\u00e9 une attaque massive de drones et de missiles sur les infrastructures \u00e9nerg\u00e9tiques de l\u2019Ukraine dont le pr\u00e9sident Volodymyr Zelensky a, une nouvelle fois, appel\u00e9 \u00e0 une tr\u00eave dans les airs et en mer. Lors de cette \u00abattaque combin\u00e9e\u00bb, l\u2019Ukraine a \u00e9t\u00e9 vis\u00e9 par au moins 58 missiles et 194 drones russes, selon l\u2019arm\u00e9e ukrainienne.<\/p>\n<p>    Donald Trump a menac\u00e9 la Russie sur Truth Social.<br \/>\n                Capture d\u2019\u00e9cran Truth Social<\/p>\n<p>\n        15:32\n            <\/p>\n<p class=\"fig-live-post__title\" role=\"heading\" aria-level=\"3\">Tusk favorable au retrait de la Pologne du trait\u00e9 sur les mines antipersonnel<\/p>\n<p class=\"fig-paragraph\">Le premier ministre polonais Donald Tusk s\u2019est d\u00e9clar\u00e9 ce vendredi favorable au retrait de Varsovie du trait\u00e9 sur l\u2019interdiction des mines antipersonnel pour augmenter les capacit\u00e9s de d\u00e9fense de la Pologne dans le contexte de l\u2019invasion russe en Ukraine. \u00abJe recommanderai un avis favorable au retrait de la Pologne de la Convention d\u2019Ottawa et \u00e9ventuellement de la Convention de Dublin. Je parle ici des mines antipersonnel et des armes \u00e0 sous-munitions\u00bb, a d\u00e9clar\u00e9 Donald Tusk au Parlement.<\/p>\n<p class=\"fig-paragraph\">Selon le premier ministre, c\u2019est une d\u00e9cision qui n\u2019a \u00abrien d\u2019amusant, rien d\u2019agr\u00e9able\u00bb mais la Pologne ne va prendre en consid\u00e9ration que ses propres besoins en mati\u00e8re de s\u00e9curit\u00e9. \u00abTout ce qui peut renforcer la d\u00e9fense de la Pologne sera mis en \u0153uvre par nous et nous utiliserons toutes les possibilit\u00e9s\u00bb disponibles, a encore d\u00e9clar\u00e9 Donald Tusk.<\/p>\n<p class=\"fig-paragraph\">Jeudi, la Lituanie, pays voisin de la Pologne, a quitt\u00e9 la convention interdisant les bombes \u00e0 sous-munitions en invoquant ses pr\u00e9occupations s\u00e9curitaires li\u00e9es \u00e0 la Russie voisine, une d\u00e9cision in\u00e9dite critiqu\u00e9e par des organisations de d\u00e9fense des droits humains. Elle fait de la Lituanie le premier pays \u00e0 quitter cette convention adopt\u00e9e en 2008, et le premier de l\u2019Union europ\u00e9enne \u00e0 sortir d\u2019un accord multilat\u00e9ral de r\u00e9glementation des armements.<\/p>\n<p>    Donald Tusk lors d\u2019un sommet sp\u00e9cial des dirigeants de l\u2019Union europ\u00e9enne pour discuter de l\u2019Ukraine<br \/>\n                Christian Hartmann \/ REUTERS<\/p>\n<p>\n        15:07\n            <\/p>\n<p class=\"fig-live-post__title\" role=\"heading\" aria-level=\"3\">EXCLUSIF &#8211; \u00abMacron nous demande de pr\u00e9parer la guerre, je comprends que cela puisse perturber les Fran\u00e7ais\u00bb, d\u00e9clare Marine Le Pen au Figaro<\/p>\n<p class=\"fig-paragraph\"><strong>LE FIGARO. &#8211; Consid\u00e9rez-vous, comme Emmanuel Macron, que \u00abla Russie a fait du conflit ukrainien un conflit mondial\u00bb\u00a0? \u00cates-vous d\u2019accord avec lui lorsqu\u2019il va jusqu\u2019\u00e0 dire que\u00a0la \u00abmenace existentielle\u00bb russe\u00a0\u00abnous touche (et) (&#8230;) ne semble pas conna\u00eetre de fronti\u00e8res\u00bb\u00a0?<\/strong><\/p>\n<p class=\"fig-paragraph\"><strong>Marine LE PEN. &#8211;<\/strong>\u00a0Alors que s\u2019ouvre peut-\u00eatre, pour la premi\u00e8re fois depuis trois ans, la perspective d\u2019une paix possible en Ukraine,\u00a0<a href=\"http:\/\/www.lefigaro.fr\/politique\/emmanuel-macron-alerte-les-francais-sur-la-nouvelle-ere-de-la-guerre-20250305\" target=\"_blank\" data-fig-type=\"Article\" rel=\"noopener nofollow\" data-gtm-custom-categorie=\"navigation\" data-gtm-custom-action=\"crossclick\" data-gtm-custom-label=\"Contextuel\" data-gtm-event=\"customEventSPE\" data-fig-domain=\"LEFIGARO\">Emmanuel Macron nous demande de pr\u00e9parer la guerre<\/a>. Je comprends que cela puisse perturber les Fran\u00e7ais\u00a0! Son message est \u00e9trange dans l\u2019urgence qu\u2019il exprime. Depuis 2017, Emmanuel Macron a \u00e9t\u00e9 le pr\u00e9sident du d\u00e9sarmement de notre souverainet\u00e9, et voil\u00e0 qu\u2019il d\u00e9couvre aujourd\u2019hui le sujet. Sauf qu\u2019il confond souverainet\u00e9 et assujettissement, en proposant de passer d\u2019une soumission aux \u00c9tats-Unis \u00e0 une soumission \u00e0 l\u2019Union europ\u00e9enne.<\/p>\n<p class=\"fig-paragraph\"><strong>Donc \u00abla menace russe\u00bb ne \u00abnous touche\u00bb pas\u00a0?<\/strong><\/p>\n<p class=\"fig-paragraph\">Une nation doit toujours se pr\u00e9server de tous les dangers, et toutes les grandes puissances repr\u00e9sentent de fait une menace.\u00a0<a href=\"http:\/\/www.lefigaro.fr\/international\/l-amerique-est-de-retour-donald-trump-vante-ses-realisations-dans-un-discours-plein-de-defi-devant-le-congres-20250305\" target=\"_blank\" data-fig-type=\"Article\" rel=\"noopener nofollow\" data-gtm-custom-categorie=\"navigation\" data-gtm-custom-action=\"crossclick\" data-gtm-custom-label=\"Contextuel\" data-gtm-event=\"customEventSPE\" data-fig-domain=\"LEFIGARO\">Ce que nous rappelle l\u2019\u00e9lection de Donald Trump, c\u2019est qu\u2019un pays peut changer d\u2019option<\/a>\u00a0: c\u2019est d\u2019ailleurs le principe m\u00eame des nations souveraines\u00a0! Pour ce qui concerne la France, l\u2019impulsion du g\u00e9n\u00e9ral de Gaulle nous a permis d\u2019\u00eatre une puissance dot\u00e9e, avec un format d\u2019arm\u00e9e complet. Cela nous rend autonomes et ind\u00e9pendants.<\/p>\n<p class=\"fig-body-cta-link\" data-module=\"fig-cta-link\" data-context=\"was @visible\">\n    <a class=\"fig-body-cta-link__link\" href=\"https:\/\/www.lefigaro.fr\/politique\/ukraine-trump-macron-2027-le-grand-entretien-de-marine-le-pen-au-figaro-20250307\" data-js-gtm=\"{&quot;event&quot;:&quot;customEventGA4&quot;,&quot;eventName&quot;:&quot;click_navigation&quot;,&quot;button_action&quot;:&quot;crossclick&quot;,&quot;feature&quot;:&quot;Contextuel_bouton&quot;,&quot;feature_details&quot;:&quot;LE GRAND ENTRETIEN DE MARINE LE PEN&quot;,&quot;link_url&quot;:&quot;https:\\\/\\\/www.lefigaro.fr\\\/politique\\\/ukraine-trump-macron-2027-le-grand-entretien-de-marine-le-pen-au-figaro-20250307&quot;}\" rel=\"nofollow noopener\" target=\"_blank\"><br \/>\n                LE GRAND ENTRETIEN DE MARINE LE PEN<br \/>\n    <\/a>\n<\/p>\n<p>    Marine Le Pen s\u2019est exprim\u00e9e sur la situation en Ukraine.<br \/>\n                Fran\u00e7ois BOUCHON<\/p>\n<p>\n        14:28\n            <\/p>\n<p class=\"fig-live-post__title\" role=\"heading\" aria-level=\"3\">TRIBUNE &#8211; Jean-Marie Rouart : \u00abComment comprendre cet engouement pour la guerre qui semble saisir Emmanuel Macron ?\u00bb<\/p>\n<p class=\"fig-paragraph\">On parle beaucoup de la guerre en ce moment. Et si par hasard on l\u2019ignorait, l\u2019apparition martiale du pr\u00e9sident Macron \u00e0 la t\u00e9l\u00e9vision, plus churchillien que le spectre de Churchill lui-m\u00eame, nous convaincrait que l\u2019heure au plan militaire n\u2019est pas grave, mais gravissime. Face \u00e0 un Trump qui \u0153uvre plut\u00f4t efficacement pour la paix,\u00a0<a href=\"http:\/\/www.lefigaro.fr\/politique\/guerre-en-ukraine-menace-russe-etats-unis-defense-europeenne-ce-qu-il-faut-retenir-de-l-allocution-d-emmanuel-macron-20250305\" target=\"_blank\" data-fig-type=\"NewsFlash\" rel=\"noopener nofollow\" data-gtm-custom-categorie=\"navigation\" data-gtm-custom-action=\"crossclick\" data-gtm-custom-label=\"Contextuel\" data-gtm-event=\"customEventSPE\" data-fig-domain=\"LEFIGARO\">Emmanuel Macron<\/a>\u00a0a choisi non de tenter d\u2019apaiser le climat international, non d\u2019ouvrir des perspectives de paix, mais de dramatiser la situation \u00e0 l\u2019extr\u00eame. Moins soucieux de rassurer les Fran\u00e7ais que d\u2019exacerber leurs peurs, leurs angoisses, leurs incertitudes. Ainsi esp\u00e8re-t-il sans doute se singulariser dans le r\u00f4le de l\u2019homme providentiel seul capable de conjurer l\u2019apocalypse. Certains mauvais esprits diront que c\u2019\u00e9tait peut-\u00eatre l\u00e0 le seul cr\u00e9neau qui lui restait apr\u00e8s avoir br\u00fbl\u00e9 tous ses vaisseaux. Apr\u00e8s cette douche froide, la guerre que nous pensions lointaine fait donc partie de notre paysage.<\/p>\n<p class=\"fig-body-cta-link\" data-module=\"fig-cta-link\" data-context=\"was @visible\">\n    <a class=\"fig-body-cta-link__link\" href=\"https:\/\/www.lefigaro.fr\/vox\/monde\/jean-marie-rouart-comment-comprendre-cet-engouement-pour-la-guerre-qui-semble-saisir-emmanuel-macron-20250306\" data-js-gtm=\"{&quot;event&quot;:&quot;customEventGA4&quot;,&quot;eventName&quot;:&quot;click_navigation&quot;,&quot;button_action&quot;:&quot;crossclick&quot;,&quot;feature&quot;:&quot;Contextuel_bouton&quot;,&quot;feature_details&quot;:&quot;LA TRIBUNE DE JEAN-MARIE ROUART&quot;,&quot;link_url&quot;:&quot;https:\\\/\\\/www.lefigaro.fr\\\/vox\\\/monde\\\/jean-marie-rouart-comment-comprendre-cet-engouement-pour-la-guerre-qui-semble-saisir-emmanuel-macron-20250306&quot;}\" rel=\"nofollow noopener\" target=\"_blank\"><br \/>\n                LA TRIBUNE DE JEAN-MARIE ROUART<br \/>\n    <\/a>\n<\/p>\n<p>\n        13:49\n            <\/p>\n<p class=\"fig-live-post__title\" role=\"heading\" aria-level=\"3\">L\u2019UE a inform\u00e9 plusieurs pays de l\u2019Otan des r\u00e9sultats de son sommet sur la d\u00e9fense<\/p>\n<p class=\"fig-paragraph\">L\u2019Union europ\u00e9enne a annonc\u00e9 ce vendredi avoir inform\u00e9 plusieurs pays de l\u2019Otan \u00abpartageant (ses) id\u00e9es\u00bb, dont le Royaume-Uni, la Norv\u00e8ge, le Canada, l\u2019Islande et la Turquie, des r\u00e9sultats de son\u00a0<a href=\"http:\/\/www.lefigaro.fr\/international\/une-acceleration-de-l-histoire-pressee-par-donald-trump-l-europe-se-met-en-ordre-de-bataille-20250305\" data-fig-type=\"Article\" data-gtm-custom-categorie=\"navigation\" data-gtm-custom-action=\"crossclick\" data-gtm-custom-label=\"Contextuel\" data-gtm-event=\"customEventSPE\" data-fig-domain=\"LEFIGARO\" rel=\"nofollow noopener\" target=\"_blank\">sommet extraordinaire sur la d\u00e9fense et l\u2019Ukraine<\/a>, qui a eu lieu la veille \u00e0 Bruxelles.<\/p>\n<p class=\"fig-paragraph\">\u00abNotre coop\u00e9ration avec des partenaires de l\u2019Otan partageant nos id\u00e9es est vitale pour la s\u00e9curit\u00e9 internationale, pour l\u2019Ukraine et pour renforcer nos efforts communs en mati\u00e8re de d\u00e9fense\u00bb, a soulign\u00e9 sur X Antonio Costa, le pr\u00e9sident du Conseil europ\u00e9en, l\u2019instance qui rassemble les chefs d\u2019\u00c9tat et de gouvernement de l\u2019Union europ\u00e9enne.<\/p>\n<p>\n        13:03\n            <\/p>\n<p class=\"fig-live-post__title\" role=\"heading\" aria-level=\"3\">ENTRETIEN &#8211; G\u00e9n\u00e9ral Bellanger, chef d\u2019\u00e9tat-major de l\u2019arm\u00e9e de l\u2019air et de l\u2019espace : \u00abLes Russes testent les d\u00e9fenses de l\u2019Otan\u00bb<\/p>\n<p class=\"fig-paragraph\">Le\u00a0<a href=\"http:\/\/www.lefigaro.fr\/international\/defense-nominations-en-serie-au-sein-des-armees-20240627\" target=\"_blank\" data-fig-type=\"Article\" rel=\"noopener nofollow\" data-gtm-custom-categorie=\"navigation\" data-gtm-custom-action=\"crossclick\" data-gtm-custom-label=\"Contextuel\" data-gtm-event=\"customEventSPE\" data-fig-domain=\"LEFIGARO\">g\u00e9n\u00e9ral J\u00e9r\u00f4me Bellanger\u00a0<\/a>a \u00e9t\u00e9 nomm\u00e9 chef d\u2019\u00e9tat-major de l\u2019arm\u00e9e de l\u2019air et de l\u2019espace en septembre 2024. Auparavant, il avait command\u00e9 les forces a\u00e9riennes strat\u00e9giques, la composante a\u00e9rienne de la dissuasion nucl\u00e9aire.<\/p>\n<p class=\"fig-paragraph\"><strong>LE FIGARO. &#8211;<\/strong>\u00a0<strong>Vous rendez publique votre \u00ab\u00a0vision strat\u00e9gique\u00a0\u00bb, c\u2019est-\u00e0-dire votre feuille de route pour l\u2019arm\u00e9e de l\u2019air et de l\u2019espace pour les prochaines ann\u00e9es.\u00a0<\/strong><strong>\u00ab\u00a0L\u2019ascendant dont nous avons longtemps b\u00e9n\u00e9fici\u00e9 dans l\u2019air et l\u2019espace est d\u00e9sormais contest\u00e9\u00a0\u00bb,<\/strong>\u00a0<strong>\u00e9crivez-vous. Comment pr\u00e9parez-vous les aviateurs \u00e0 l\u2019hypoth\u00e8se d\u2019un engagement majeur\u00a0?<\/strong><\/p>\n<p class=\"fig-paragraph\"><strong>G\u00e9n\u00e9ral J\u00e9r\u00f4me BELLANGER. &#8211;\u00a0<\/strong>Nous nous sommes toujours pr\u00e9par\u00e9s pour la haute intensit\u00e9. Il s\u2019agit de l\u2019ADN de l\u2019arm\u00e9e de l\u2019air et de l\u2019espace, port\u00e9e notamment par la mission permanente\u00a0<a href=\"https:\/\/www.lefigaro.fr\/international\/operation-minotaure-quand-la-dissuasion-montre-ses-forces-20210211\" target=\"_blank\" data-fig-type=\"Article\" rel=\"noopener nofollow\" data-gtm-custom-categorie=\"navigation\" data-gtm-custom-action=\"crossclick\" data-gtm-custom-label=\"Contextuel\" data-gtm-event=\"customEventSPE\" data-fig-domain=\"LEFIGARO\">de dissuasion nucl\u00e9aire<\/a>. Quatre fois par an, nous simulons un raid nucl\u00e9aire dans le cadre des op\u00e9rations Poker. Une cinquantaine d\u2019avions sont engag\u00e9s. Une d\u00e9fense sol-air et air-air adverse est simul\u00e9e.<\/p>\n<p class=\"fig-body-cta-link\" data-module=\"fig-cta-link\" data-context=\"was @visible\">\n    <a class=\"fig-body-cta-link__link\" href=\"https:\/\/www.lefigaro.fr\/international\/general-bellanger-chef-d-etat-major-de-l-armee-de-l-air-et-de-l-espace-au-figaro-les-russes-testent-les-defenses-de-l-otan-20250226\" data-js-gtm=\"{&quot;event&quot;:&quot;customEventGA4&quot;,&quot;eventName&quot;:&quot;click_navigation&quot;,&quot;button_action&quot;:&quot;crossclick&quot;,&quot;feature&quot;:&quot;Contextuel_bouton&quot;,&quot;feature_details&quot;:&quot;L&#039;ENTRETIEN DU G\\u00c9N\\u00c9RAL BELLANGER&quot;,&quot;link_url&quot;:&quot;https:\\\/\\\/www.lefigaro.fr\\\/international\\\/general-bellanger-chef-d-etat-major-de-l-armee-de-l-air-et-de-l-espace-au-figaro-les-russes-testent-les-defenses-de-l-otan-20250226&quot;}\" rel=\"nofollow noopener\" target=\"_blank\"><br \/>\n                L&rsquo;ENTRETIEN DU G\u00c9N\u00c9RAL BELLANGER<br \/>\n    <\/a>\n<\/p>\n<p>\n        12:11\n            <\/p>\n<p class=\"fig-live-post__title\" role=\"heading\" aria-level=\"3\">\u00abLa s\u00e9curit\u00e9 europ\u00e9enne n\u2019est pas seulement l\u2019affaire des pays de l\u2019Union\u00bb, estime Recep Tayyip Erdogan<\/p>\n<p class=\"fig-paragraph\">\u00abLa s\u00e9curit\u00e9 europ\u00e9enne n\u2019est pas seulement l\u2019affaire des pays de l\u2019Union\u00bb, a d\u00e9clar\u00e9\u00a0<a href=\"http:\/\/www.lefigaro.fr\/international\/en-turquie-erdogan-reprime-l-opposition-pour-mieux-diviser-20250210\" data-fig-type=\"Article\" data-gtm-custom-categorie=\"navigation\" data-gtm-custom-action=\"crossclick\" data-gtm-custom-label=\"Contextuel\" data-gtm-event=\"customEventSPE\" data-fig-domain=\"LEFIGARO\" rel=\"nofollow noopener\" target=\"_blank\">Recep Tayyip Erdogan<\/a>\u00a0en r\u00e9clamant l\u2019inclusion de son pays dans les discussions sur la fin de la guerre en Ukraine et de m\u00e9nager les relations avec Washington.<\/p>\n<p class=\"fig-paragraph\">\u00abIl est dans notre int\u00e9r\u00eat mutuel de planifier toutes les \u00e9tapes de la s\u00e9curit\u00e9 europ\u00e9enne avec la Turquie. Il est \u00e9galement important de maintenir le lien transatlantique et d\u2019obtenir le soutien de notre alli\u00e9 am\u00e9ricain\u00bb, a-t-il d\u00e9taill\u00e9, rappelant la n\u00e9cessit\u00e9 de l\u2019\u00e9tablissement \u00abd\u2019une paix juste, durable et honorable en Ukraine\u00bb.<\/p>\n<p class=\"fig-body-link\">\n            \u00c0 lire aussi<br \/>\n        <a class=\"fig-body-link__link fig-premium-mark\" href=\"http:\/\/www.lefigaro.fr\/international\/turquie-abdullah-oecalan-le-vieux-chef-de-guerre-qui-se-reve-en-faiseur-de-paix-20250227\" data-fig-type=\"Article\" data-gtm-custom-categorie=\"navigation\" data-gtm-custom-action=\"crossclick\" data-gtm-custom-label=\"Contextuel\" data-gtm-event=\"customEventSPE\" data-fig-domain=\"LEFIGARO\" rel=\"nofollow noopener\" target=\"_blank\">Turquie: Abdullah \u00d6calan, le vieux chef de guerre qui se r\u00eave en faiseur de paix<br \/>\n    <\/a>\n<\/p>\n<p>        12:03<br \/>\n                                    <img   class=\"fig-img fig-live-post__picto\" alt=\"picto\"\/><\/p>\n<p class=\"fig-live-post__title\" role=\"heading\" aria-level=\"3\">D\u00c9CRYPTAGE &#8211; Comment la finance priv\u00e9e pourrait \u00eatre mise \u00e0 contribution pour la d\u00e9fense<\/p>\n<p class=\"fig-paragraph\">\u00abLa patrie a besoin de vous\u00bb, a d\u00e9clar\u00e9\u00a0<a href=\"http:\/\/www.lefigaro.fr\/politique\/guerre-en-ukraine-que-se-cache-t-il-derriere-l-expression-dividendes-de-la-paix-employee-par-emmanuel-macron-20250306\" target=\"_blank\" data-fig-type=\"Article\" rel=\"noopener nofollow\" data-gtm-custom-categorie=\"navigation\" data-gtm-custom-action=\"crossclick\" data-gtm-custom-label=\"Contextuel\" data-gtm-event=\"customEventSPE\" data-fig-domain=\"LEFIGARO\">Emmanuel Macron<\/a>\u00a0dans son allocution t\u00e9l\u00e9vis\u00e9e mercredi soir. Cela signifie-t-il qu\u2019elle a besoin de l\u2019<a href=\"http:\/\/www.lefigaro.fr\/politique\/on-gaspille-l-argent-des-francais-la-colere-de-sarah-knafo-contre-l-agence-francaise-de-developpement-20250218\" target=\"_blank\" data-fig-type=\"NewsFlash\" rel=\"noopener nofollow\" data-gtm-custom-categorie=\"navigation\" data-gtm-custom-action=\"crossclick\" data-gtm-custom-label=\"Contextuel\" data-gtm-event=\"customEventSPE\" data-fig-domain=\"LEFIGARO\">argent des Fran\u00e7ais<\/a>\u00a0pour financer l\u2019effort massif en faveur de la d\u00e9fense\u00a0?<\/p>\n<p class=\"fig-paragraph\">C\u2019est d\u2019abord l\u2019argent des contribuables qui est sollicit\u00e9\u00a0: l\u2019entretien des Arm\u00e9es, les achats de mat\u00e9riels sont du ressort de la d\u00e9pense publique. Le ministre\u00a0<a href=\"http:\/\/www.lefigaro.fr\/international\/sebastien-lecornu-au-figaro-notre-diplomatie-est-celle-du-non-alignement-du-refus-des-blocs-20250202\" target=\"_blank\" data-fig-type=\"Article\" rel=\"noopener nofollow\" data-gtm-custom-categorie=\"navigation\" data-gtm-custom-action=\"crossclick\" data-gtm-custom-label=\"Contextuel\" data-gtm-event=\"customEventSPE\" data-fig-domain=\"LEFIGARO\">S\u00e9bastien Lecornu<\/a>\u00a0\u00e9valuait mercredi sur France Inter le\u00a0\u00abpoids de forme\u00bb\u00a0des arm\u00e9es dans le contexte actuel \u00e0 un budget annuel d\u2019environ 90\u00a0milliards d\u2019euros contre 50,5\u00a0milliards cette ann\u00e9e. Un \u00e9cart \u00e9norme \u00e0 combler pour un pays incapable de redresser ses comptes. Et cela est cens\u00e9 \u00eatre fait\u00a0\u00absans augmenter les imp\u00f4ts\u00bb\u00a0(Emmanuel Macron) ni\u00a0\u00abrien abandonner de notre mod\u00e8le social\u00bb\u00a0(Fran\u00e7ois Bayrou)\u2026 Cette \u00e9quation apparemment insoluble fait \u00e9merger l\u2019hypoth\u00e8se d\u2019un appel \u00e0 l\u2019<a href=\"https:\/\/www.lefigaro.fr\/conjoncture\/tres-populaire-l-epargne-privee-seduit-les-retraites-neerlandais-20230323\" target=\"_blank\" data-fig-type=\"Article\" rel=\"noopener nofollow\" data-gtm-custom-categorie=\"navigation\" data-gtm-custom-action=\"crossclick\" data-gtm-custom-label=\"Contextuel\" data-gtm-event=\"customEventSPE\" data-fig-domain=\"LEFIGARO\">\u00e9pargne priv\u00e9e<\/a>.<\/p>\n<p class=\"fig-body-cta-link\" data-module=\"fig-cta-link\" data-context=\"was @visible\">\n    <a class=\"fig-body-cta-link__link\" href=\"https:\/\/www.lefigaro.fr\/conjoncture\/epargne-des-particuliers-fonds-d-investissement-comment-la-finance-privee-pourrait-etre-mise-a-contribution-pour-la-defense-20250306\" data-js-gtm=\"{&quot;event&quot;:&quot;customEventGA4&quot;,&quot;eventName&quot;:&quot;click_navigation&quot;,&quot;button_action&quot;:&quot;crossclick&quot;,&quot;feature&quot;:&quot;Contextuel_bouton&quot;,&quot;feature_details&quot;:&quot;L&#039;\\u00c9PARGNE PRIV\\u00c9E MISE \\u00c0 CONTRIBUTION&quot;,&quot;link_url&quot;:&quot;https:\\\/\\\/www.lefigaro.fr\\\/conjoncture\\\/epargne-des-particuliers-fonds-d-investissement-comment-la-finance-privee-pourrait-etre-mise-a-contribution-pour-la-defense-20250306&quot;}\" rel=\"nofollow noopener\" target=\"_blank\"><br \/>\n                L&rsquo;\u00c9PARGNE PRIV\u00c9E MISE \u00c0 CONTRIBUTION<br \/>\n    <\/a>\n<\/p>\n<p>\n        11:32\n            <\/p>\n<p class=\"fig-live-post__title\" role=\"heading\" aria-level=\"3\">Erdogan soutient l\u2019id\u00e9e d\u2019une tr\u00eave \u00abdans les airs et en mer\u00bb<\/p>\n<p class=\"fig-paragraph\">Le pr\u00e9sident turc\u00a0<a href=\"http:\/\/www.lefigaro.fr\/international\/en-turquie-erdogan-reprime-l-opposition-pour-mieux-diviser-20250210\" data-fig-type=\"Article\" data-gtm-custom-categorie=\"navigation\" data-gtm-custom-action=\"crossclick\" data-gtm-custom-label=\"Contextuel\" data-gtm-event=\"customEventSPE\" data-fig-domain=\"LEFIGARO\" rel=\"nofollow noopener\" target=\"_blank\">Recep Tayyip Erdogan<\/a>\u00a0a annonc\u00e9 ce vendredi soutenir l\u2019id\u00e9e d\u2019une tr\u00eave \u00abdans les airs et en mer\u00bb propos\u00e9e cette semaine par son homologue ukrainien Volodymyr Zelensky.<\/p>\n<p class=\"fig-paragraph\">\u00abNous soutenons l\u2019id\u00e9e d\u2019\u00e9tablir un cessez-le-feu le plus rapidement possible et de cesser les attaques dans les airs et en mer comme mesure de confiance entre les parties\u00bb, a d\u00e9clar\u00e9 le chef de l\u2019\u00c9tat turc, proposant de nouveau d\u2019accueillir des pourparlers entre la Russie et l\u2019Ukraine.<\/p>\n<p>    Recep Tayyip Erdogan, pr\u00e9sident de la Turquie.<br \/>\n                Cagla Gurdogan \/ REUTERS<\/p>\n<p>\n        11:26\n            <\/p>\n<p class=\"fig-live-post__title\" role=\"heading\" aria-level=\"3\">Zelensky appelle \u00e0 nouveau \u00e0 une tr\u00eave dans les airs et en mer apr\u00e8s la vague de frappes russes<\/p>\n<p class=\"fig-paragraph\">Le pr\u00e9sident ukrainien\u00a0<a href=\"http:\/\/www.lefigaro.fr\/international\/le-gel-de-l-aide-americaine-a-l-ukraine-ramene-volodymyr-zelensky-a-la-table-des-negociations-20250304\" data-fig-type=\"Article\" data-gtm-custom-categorie=\"navigation\" data-gtm-custom-action=\"crossclick\" data-gtm-custom-label=\"Contextuel\" data-gtm-event=\"customEventSPE\" data-fig-domain=\"LEFIGARO\" rel=\"nofollow noopener\" target=\"_blank\">Volodymyr Zelensky<\/a>\u00a0a r\u00e9it\u00e9r\u00e9 ce vendredi son appel \u00e0 une tr\u00eave dans les airs et en mer en Ukraine, apr\u00e8s une nouvelle nuit de bombardements russes massifs sur les infrastructures \u00e9nerg\u00e9tiques du pays.<\/p>\n<p class=\"fig-paragraph\">\u00abLes premi\u00e8res \u00e9tapes pour \u00e9tablir une paix r\u00e9elle devraient \u00eatre de forcer la seule source de cette guerre, c\u2019est-\u00e0-dire la Russie, \u00e0 mettre fin \u00e0 de telles attaques\u00bb, a \u00e9crit Volodymyr Zelensky dans un message sur X, en demandant une \u00abinterdiction\u00bb de l\u2019usage \u00abde missiles, de drones \u00e0 longue port\u00e9e et de bombes\u00bb a\u00e9riennes.<\/p>\n<p class=\"fig-body-link\">\n            \u00c0 lire aussi<br \/>\n        <a class=\"fig-body-link__link fig-premium-mark\" href=\"http:\/\/www.lefigaro.fr\/international\/on-les-utilise-comme-on-utilise-une-cartouche-comment-les-drones-kamikazes-ont-transforme-le-champ-de-bataille-ukrainien-20250305\" data-fig-type=\"Article\" data-gtm-custom-categorie=\"navigation\" data-gtm-custom-action=\"crossclick\" data-gtm-custom-label=\"Contextuel\" data-gtm-event=\"customEventSPE\" data-fig-domain=\"LEFIGARO\" rel=\"nofollow noopener\" target=\"_blank\">\u00abOn les utilise comme on utilise une cartouche\u00bb\u00a0: comment les drones kamikazes ont transform\u00e9 le champ de bataille ukrainien<br \/>\n    <\/a>\n<\/p>\n<p>\n        11:10\n            <\/p>\n<p class=\"fig-live-post__title\" role=\"heading\" aria-level=\"3\">Le Kremlin d\u00e9nonce la \u00abrh\u00e9torique de confrontation\u00bb de l\u2019UE<\/p>\n<p class=\"fig-paragraph\">Le Kremlin a d\u00e9nonc\u00e9 ce vendredi la \u00abrh\u00e9torique de confrontation\u00bb de l\u2019Union europ\u00e9enne au lendemain d\u2019un\u00a0<a href=\"http:\/\/www.lefigaro.fr\/international\/les-dirigeants-des-27-donnent-leur-feu-vert-au-plan-de-bruxelles-pour-muscler-la-defense-europeenne-20250306\" data-fig-type=\"NewsFlash\" data-gtm-custom-categorie=\"navigation\" data-gtm-custom-action=\"crossclick\" data-gtm-custom-label=\"Contextuel\" data-gtm-event=\"customEventSPE\" data-fig-domain=\"LEFIGARO\" rel=\"nofollow noopener\" target=\"_blank\">sommet exceptionnel \u00e0 Bruxelles<\/a>\u00a0o\u00f9 les Vingt-Sept ont donn\u00e9 leur feu vert \u00e0 un plan pour renforcer massivement leurs capacit\u00e9s de d\u00e9fense.<\/p>\n<p class=\"fig-paragraph\">\u00abNous voyons que l\u2019UE discute activement de militarisation, nous suivons ce processus de pr\u00e8s car l\u2019UE positionne la Russie comme ennemi principal\u00bb, a d\u00e9clar\u00e9 le porte-parole de la pr\u00e9sidence russe, Dmitri Peskov, d\u00e9non\u00e7ant une \u00abrh\u00e9torique de confrontation\u00bb qui s\u2019oppose \u00e0 \u00abla recherche d\u2019un r\u00e8glement\u00bb du\u00a0<a href=\"http:\/\/www.lefigaro.fr\/international\/dossier\/guerre-en-ukraine-les-reportages-du-figaro\" data-fig-type=\"Topic\" data-gtm-custom-categorie=\"navigation\" data-gtm-custom-action=\"crossclick\" data-gtm-custom-label=\"Contextuel\" data-gtm-event=\"customEventSPE\" data-fig-domain=\"LEFIGARO\" rel=\"nofollow noopener\" target=\"_blank\">conflit en Ukraine<\/a>.<\/p>\n<p>        10:56<br \/>\n                                    <img   class=\"fig-img fig-live-post__picto\" alt=\"picto\"\/><\/p>\n<p class=\"fig-live-post__title\" role=\"heading\" aria-level=\"3\">R\u00e9armement europ\u00e9en : le gouverneur de la Banque de France d\u00e9fend une \u00abint\u00e9gration industrielle\u00bb<\/p>\n<p class=\"fig-paragraph\">Le gouverneur de la Banque de France,\u00a0<a href=\"http:\/\/www.lefigaro.fr\/conjoncture\/francois-villeroy-de-galhau-si-notre-pays-reste-dans-le-deni-budgetaire-il-risque-l-enfoncement-economique-progressif-20241216\" data-fig-type=\"Article\" data-gtm-custom-categorie=\"navigation\" data-gtm-custom-action=\"crossclick\" data-gtm-custom-label=\"Contextuel\" data-gtm-event=\"customEventSPE\" data-fig-domain=\"LEFIGARO\" rel=\"nofollow noopener\" target=\"_blank\">Fran\u00e7ois Villeroy de Galhau<\/a>, a d\u00e9fendu ce vendredi une \u00abint\u00e9gration industrielle et strat\u00e9gique\u00bb accrue au sein de l\u2019Union europ\u00e9enne, au-del\u00e0 de son r\u00e9armement, pour r\u00e9pondre au rapprochement entre Washington et Moscou. \u00abL\u2019Europe doit se r\u00e9armer face \u00e0 la menace russe et au retournement am\u00e9ricain\u00bb mais \u00abplus de d\u00e9fense en Europe, cela doit aussi signifier aussi plus d\u2019Europe de la d\u00e9fense\u00bb, a d\u00e9clar\u00e9 Fran\u00e7ois Villeroy de Galhau sur Radio Classique.<\/p>\n<p>\u00a0\u00bb<br \/>\n        data-script=\u00a0\u00bbhttps:\/\/static.lefigaro.fr\/widget-video\/short-ttl\/video\/index.js\u00a0\u00bb<br \/>\n    &gt;<\/p>\n<p class=\"fig-paragraph\">\u00abIl faut qu\u2019on int\u00e8gre, qu\u2019on coop\u00e8re mieux en Europe. On a trop d\u2019industriels s\u00e9par\u00e9s, nationaux. Parce que si cet argent sert \u00e0 maintenir notre d\u00e9pendance par rapport aux fournitures am\u00e9ricaines, nous n\u2019avons pas gagn\u00e9 l\u2019autonomie strat\u00e9gique\u00bb, a-t-il pr\u00e9cis\u00e9. Il faut \u00abplus d\u2019argent, mais plus d\u2019int\u00e9gration industrielle et strat\u00e9gique\u00bb.<\/p>\n<p class=\"fig-paragraph\">Alors que la France souhaite augmenter ses d\u00e9penses militaires, \u00e0 l\u2019instar d\u2019autres pays europ\u00e9ens comme l\u2019Allemagne, le gouverneur a not\u00e9 que le pays avait \u00abmoins de marges de man\u0153uvre budg\u00e9taires\u00bb que son voisin, premi\u00e8re \u00e9conomie de la zone euro, presque deux fois moins endett\u00e9e par rapport \u00e0 son produit int\u00e9rieur brut (PIB). \u00abRaison de plus pour \u00eatre tr\u00e8s s\u00e9rieux sur les autres d\u00e9penses publiques. Il faut viser au moins leur stabilit\u00e9 en volume, c\u2019est-\u00e0-dire en tenant compte de l\u2019inflation\u00bb, a-t-il pr\u00e9venu.<\/p>\n<p class=\"fig-paragraph\">\u00abIl faut que nous ayons une volont\u00e9 de retrouver la ma\u00eetrise de notre dette, comme la ma\u00eetrise de fa\u00e7on g\u00e9n\u00e9rale de notre \u00e9conomie et de notre d\u00e9fense. Mais la volont\u00e9, cela ne veut pas dire forc\u00e9ment la brutalit\u00e9, cela peut se passer dans un effort juste et partag\u00e9\u00bb, a-t-il d\u00e9velopp\u00e9, rappelant que les d\u00e9penses publiques en France \u00e9taient les plus \u00e9lev\u00e9es d\u2019Europe. \u00abNous ne pouvons pas continuer \u00e0 tout faire ou \u00e0 faire exactement comme avant.\u00bb<\/p>\n<p>\n        10:14\n            <\/p>\n<p class=\"fig-live-post__title\" role=\"heading\" aria-level=\"3\">L\u2019Ukraine a utilis\u00e9 pour la premi\u00e8re fois des Mirage 2000 fran\u00e7ais pour repousser une attaque russe d\u2019au moins 58 missiles et 194 drones<\/p>\n<p class=\"fig-paragraph\">L\u2019Ukraine a \u00e9t\u00e9 vis\u00e9e pendant la nuit de jeudi \u00e0 vendredi par au moins 58 missiles et 194 drones russes, a indiqu\u00e9 l\u2019arm\u00e9e ukrainienne, pr\u00e9cisant avoir utilis\u00e9 pour la premi\u00e8re fois\u00a0<a href=\"http:\/\/www.lefigaro.fr\/international\/guerre-en-ukraine-les-premiers-mirage-2000-francais-livres-a-kiev-ce-jeudi-annonce-le-ministre-lecornu-20250206\" data-fig-type=\"NewsFlash\" data-gtm-custom-categorie=\"navigation\" data-gtm-custom-action=\"crossclick\" data-gtm-custom-label=\"Contextuel\" data-gtm-event=\"customEventSPE\" data-fig-domain=\"LEFIGARO\" rel=\"nofollow noopener\" target=\"_blank\">des chasseurs fran\u00e7ais Mirage 2000, livr\u00e9s par la France le mois dernier<\/a>, pour contrer cette attaque. \u00abDes avions de chasse, en particulier des F-16 et des Mirage 2000, ont \u00e9t\u00e9 impliqu\u00e9s. Il est \u00e0 noter que les chasseurs fran\u00e7ais, arriv\u00e9s en Ukraine il y a seulement un mois, ont particip\u00e9 pour la premi\u00e8re fois \u00e0 repousser une attaque a\u00e9rienne ennemie\u00bb, a pr\u00e9cis\u00e9 l\u2019arm\u00e9e ukrainienne.<\/p>\n<p class=\"fig-paragraph\">Dans un communiqu\u00e9, l\u2019arm\u00e9e de l\u2019air ukrainienne a pr\u00e9cis\u00e9 avoir abattu au moins 134 de ces cibles, dont 34 missiles et 100 drones, au moment o\u00f9 la\u00a0<a href=\"http:\/\/www.lefigaro.fr\/international\/l-aide-americaine-est-devenue-moins-indispensable-a-l-ukraine-qu-au-debut-de-la-guerre-20250304\" data-fig-type=\"Article\" data-gtm-custom-categorie=\"navigation\" data-gtm-custom-action=\"crossclick\" data-gtm-custom-label=\"Contextuel\" data-gtm-event=\"customEventSPE\" data-fig-domain=\"LEFIGARO\" rel=\"nofollow noopener\" target=\"_blank\">suspension de l\u2019aide militaire am\u00e9ricaine<\/a>\u00a0fait craindre un affaiblissement des capacit\u00e9s de d\u00e9fense antia\u00e9rienne ukrainiennes.<\/p>\n<p>    Un Mirage 2000.<br \/>\n                YASUYOSHI CHIBA \/ AFP<\/p>\n<p>\n        10:00\n            <\/p>\n<p class=\"fig-live-post__title\" role=\"heading\" aria-level=\"3\">Volodymyr Zelensky attendu en Afrique du Sud le 10 avril<\/p>\n<p class=\"fig-paragraph\">Le pr\u00e9sident ukrainien\u00a0<a href=\"http:\/\/www.lefigaro.fr\/international\/nous-ne-sommes-pas-seuls-volodymyr-zelensky-remercie-les-europeens-de-leur-soutien-a-l-ukraine-20250306\" data-fig-type=\"NewsFlash\" data-gtm-custom-categorie=\"navigation\" data-gtm-custom-action=\"crossclick\" data-gtm-custom-label=\"Contextuel\" data-gtm-event=\"customEventSPE\" data-fig-domain=\"LEFIGARO\" rel=\"nofollow noopener\" target=\"_blank\">Volodymyr Zelensky<\/a>\u00a0se rendra en\u00a0<a href=\"http:\/\/www.lefigaro.fr\/international\/la-colere-de-donald-trump-s-abat-sur-l-afrique-du-sud-20250204\" data-fig-type=\"Article\" data-gtm-custom-categorie=\"navigation\" data-gtm-custom-action=\"crossclick\" data-gtm-custom-label=\"Contextuel\" data-gtm-event=\"customEventSPE\" data-fig-domain=\"LEFIGARO\" rel=\"nofollow noopener\" target=\"_blank\">Afrique du Sud<\/a>\u00a0le 10 avril. Vincent Magwenya, le porte-parole de la pr\u00e9sidence sud-africaine, a pr\u00e9cis\u00e9 \u00e0 l\u2019AFP que cette visite s\u2019inscrivait dans la \u00abcontinuit\u00e9 des engagements en cours\u00bb sur \u00abun processus de paix inclusif\u00bb entre la Russie et l\u2019Ukraine.<\/p>\n<p>    Volodymyr Zelensky.<br \/>\n                JUSTIN TALLIS \/ REUTERS<\/p>\n<p>        09:22<br \/>\n                                    <img   class=\"fig-img fig-live-post__picto\" alt=\"picto\"\/><\/p>\n<p class=\"fig-live-post__title\" role=\"heading\" aria-level=\"3\">ENTRETIEN &#8211; Am\u00e9lie de Montchalin : \u00abIl n\u2019y aura pas d\u2019imp\u00f4t Ukraine\u00bb<\/p>\n<p class=\"fig-paragraph\">Dans un entretien au Figaro, la ministre en charge des Comptes publics exclut que l\u2019endettement finance les d\u00e9penses militaires suppl\u00e9mentaires.<\/p>\n<p class=\"fig-paragraph\"><strong>LE FIGARO. &#8211;\u00a0<\/strong><a href=\"http:\/\/www.lefigaro.fr\/conjoncture\/depenses-militaires-macron-promet-des-investissements-supplementaires-sans-augmenter-les-impots-20250305\" target=\"_blank\" data-fig-type=\"NewsFlash\" rel=\"noopener nofollow\" data-gtm-custom-categorie=\"navigation\" data-gtm-custom-action=\"crossclick\" data-gtm-custom-label=\"Contextuel\" data-gtm-event=\"customEventSPE\" data-fig-domain=\"LEFIGARO\"><strong>Le pr\u00e9sident de la R\u00e9publique a annonc\u00e9 des investissements suppl\u00e9mentaires<\/strong><\/a>\u00a0<strong>\u00a0pour notre d\u00e9fense mais sans hausse d\u2019imp\u00f4ts ; le premier ministre dit que la priorit\u00e9 budg\u00e9taire va \u00e0 nos arm\u00e9es, mais sans abandonner notre mod\u00e8le social. D\u2019o\u00f9 va venir l\u2019argent\u00a0?<\/strong><\/p>\n<p class=\"fig-paragraph\"><strong>Am\u00e9lie de MONTCHALIN. &#8211;\u00a0<\/strong>Nous sommes face \u00e0 un double d\u00e9fi de souverainet\u00e9\u00a0: l\u2019un strat\u00e9gique et g\u00e9opolitique, l\u2019autre financier. Et l\u2019un ne va pas sans l\u2019autre. Un pays endett\u00e9 qui se rend d\u00e9pendant des march\u00e9s financiers, c\u2019est un pays qui perd sa souverainet\u00e9.\u00a0<a href=\"http:\/\/www.lefigaro.fr\/international\/les-europeens-doivent-devenir-des-grands-garcons-face-au-rearmement-du-monde-le-vieux-continent-peine-a-suivre-le-rythme-20250213\" target=\"_blank\" data-fig-type=\"Article\" rel=\"noopener nofollow\" data-gtm-custom-categorie=\"navigation\" data-gtm-custom-action=\"crossclick\" data-gtm-custom-label=\"Contextuel\" data-gtm-event=\"customEventSPE\" data-fig-domain=\"LEFIGARO\">Et si on doit se r\u00e9armer<\/a>, on ne peut pas le faire en \u00e9tant fragile budg\u00e9tairement. Faire face \u00e0 ces d\u00e9fis, cela implique de faire des choix. Ces choix doivent pr\u00e9server ce qui fait la solidit\u00e9 de notre nation\u00a0: la solidarit\u00e9, notre d\u00e9fense, notre \u00e9ducation\u2026 C\u2019est cet ensemble qui nous fait r\u00e9sister \u00e0 des crises. Dans le moment que nous connaissons, il faut retrouver notre puissance et notre capacit\u00e9 \u00e0 nous d\u00e9fendre. Pour une raison simple\u00a0: le lit de l\u2019impuissance fait le carburant des extr\u00eames.<\/p>\n<p class=\"fig-paragraph\"><strong>Sans hausse d\u2019imp\u00f4ts pour la financer, donc\u00a0?<\/strong><\/p>\n<p class=\"fig-paragraph\">Le pr\u00e9sident de la R\u00e9publique a \u00e9t\u00e9 clair\u00a0: il n\u2019y aura pas d\u2019imp\u00f4t Ukraine. Nous avons, nous ne l\u2019oublions pas, le taux de pr\u00e9l\u00e8vement obligatoire le plus \u00e9lev\u00e9 de l\u2019OCDE. Mais c\u2019est vrai qu\u2019il va falloir revoir nos priorit\u00e9s, nos missions, r\u00e9\u00e9valuer les besoins des Fran\u00e7ais. Nous devons nous mettre d\u2019accord sur l\u2019essentiel et la d\u00e9mocratie sociale va avoir une place essentielle dans la m\u00e9thode. Le poison des d\u00e9bats budg\u00e9taires, c\u2019est quand les Fran\u00e7ais ont le sentiment que les choix se font dans leur dos.<\/p>\n<p class=\"fig-body-cta-link\" data-module=\"fig-cta-link\" data-context=\"was @visible\">\n    <a class=\"fig-body-cta-link__link\" href=\"https:\/\/www.lefigaro.fr\/politique\/amelie-de-montchalin-il-n-y-aura-pas-d-impot-ukraine-20250306\" data-js-gtm=\"{&quot;event&quot;:&quot;customEventGA4&quot;,&quot;eventName&quot;:&quot;click_navigation&quot;,&quot;button_action&quot;:&quot;crossclick&quot;,&quot;feature&quot;:&quot;Contextuel_bouton&quot;,&quot;feature_details&quot;:&quot;ENTRETIEN AVEC AM\\u00c9LIE DE MONTCHALIN&quot;,&quot;link_url&quot;:&quot;https:\\\/\\\/www.lefigaro.fr\\\/politique\\\/amelie-de-montchalin-il-n-y-aura-pas-d-impot-ukraine-20250306&quot;}\" rel=\"nofollow noopener\" target=\"_blank\"><br \/>\n                ENTRETIEN AVEC AM\u00c9LIE DE MONTCHALIN<br \/>\n    <\/a>\n<\/p>\n<p>        08:48<br \/>\n                                    <img   class=\"fig-img fig-live-post__picto\" alt=\"picto\"\/><\/p>\n<p class=\"fig-live-post__title\" role=\"heading\" aria-level=\"3\">Dans le domaine de la dissuasion nucl\u00e9aire, \u00able patron, \u00e7a reste le pr\u00e9sident de la R\u00e9publique\u00bb, assure Fran\u00e7ois Bayrou<\/p>\n<p>\u00a0\u00bb<br \/>\n        data-script=\u00a0\u00bbhttps:\/\/static.lefigaro.fr\/widget-video\/short-ttl\/video\/index.js\u00a0\u00bb<br \/>\n    &gt;<\/p>\n<p class=\"fig-paragraph\"><a href=\"http:\/\/www.lefigaro.fr\/politique\/emmanuel-macron-alerte-les-francais-sur-la-nouvelle-ere-de-la-guerre-20250305\" data-fig-type=\"Article\" data-gtm-custom-categorie=\"navigation\" data-gtm-custom-action=\"crossclick\" data-gtm-custom-label=\"Contextuel\" data-gtm-event=\"customEventSPE\" data-fig-domain=\"LEFIGARO\" rel=\"nofollow noopener\" target=\"_blank\">Emmanuel Macron<\/a>\u00a0a d\u00e9clar\u00e9 jeudi se donner jusqu\u2019\u00e0 \u00abla fin du semestre\u00bb pour voir \u00abs\u2019il y a des coop\u00e9rations nouvelles qui peuvent voir le jour\u00bb, au sein de l\u2019Union europ\u00e9enne, autour de la possibilit\u00e9 de faire b\u00e9n\u00e9ficier d\u2019autres pays alli\u00e9s de la\u00a0<a href=\"http:\/\/www.lefigaro.fr\/politique\/du-general-de-gaulle-a-macron-la-dissuasion-nucleaire-francaise-a-toujours-integre-une-dimension-europeenne-20250303\" data-fig-type=\"Article\" data-gtm-custom-categorie=\"navigation\" data-gtm-custom-action=\"crossclick\" data-gtm-custom-label=\"Contextuel\" data-gtm-event=\"customEventSPE\" data-fig-domain=\"LEFIGARO\" rel=\"nofollow noopener\" target=\"_blank\">dissuasion nucl\u00e9aire fran\u00e7aise<\/a>. Le premier ministre Fran\u00e7ois Bayrou est revenu sur ce sujet br\u00fblant au micro de CNews et Europe 1. \u00abPas d\u2019automaticit\u00e9, pas de mutualisation\u00a0?\u00bb interroge la journaliste Sonia Mabrouk. \u00abMutualiser, c\u2019est consid\u00e9rer qu\u2019on a des int\u00e9r\u00eats vitaux en commun\u00bb, a r\u00e9pondu le chef du gouvernement. \u00abMais vous voyez bien que le patron, \u00e7a reste le pr\u00e9sident de la R\u00e9publique fran\u00e7aise\u00bb.<\/p>\n<p class=\"fig-body-link\">\n            \u00c0 lire aussi<br \/>\n        <a class=\"fig-body-link__link fig-premium-mark\" href=\"http:\/\/www.lefigaro.fr\/international\/exercices-communs-deploiement-d-armes-patrouilles-a-quoi-pourrait-ressembler-un-parapluie-nucleaire-francais-en-europe-20250304\" target=\"_blank\" data-fig-type=\"Article\" rel=\"noopener nofollow\" data-gtm-custom-categorie=\"navigation\" data-gtm-custom-action=\"crossclick\" data-gtm-custom-label=\"Contextuel\" data-gtm-event=\"customEventSPE\" data-fig-domain=\"LEFIGARO\">Exercices communs, d\u00e9ploiement d\u2019armes strat\u00e9giques\u00a0: \u00e0 quoi ressemblerait un \u00abparapluie nucl\u00e9aire\u00bb fran\u00e7ais en Europe\u00a0?<br \/>\n    <\/a>\n<\/p>\n<p>        08:42<br \/>\n                                    <img   class=\"fig-img fig-live-post__picto\" alt=\"picto\"\/><\/p>\n<p class=\"fig-live-post__title\" role=\"heading\" aria-level=\"3\">La Russie \u00abfait ce que d\u2019autres pays, \u00e0 la fin des ann\u00e9es 30 et dans les ann\u00e9es 40, ont fait sur leurs voisins\u00bb, d\u00e9plore Fran\u00e7ois Bayrou<\/p>\n<p>\u00a0\u00bb<br \/>\n        data-script=\u00a0\u00bbhttps:\/\/static.lefigaro.fr\/widget-video\/short-ttl\/video\/index.js\u00a0\u00bb<br \/>\n    &gt;<\/p>\n<p class=\"fig-paragraph\">Invit\u00e9 de CNews et Europe 1, le premier ministre\u00a0<a href=\"http:\/\/www.lefigaro.fr\/politique\/le-grand-entretien-de-francois-bayrou-au-figaro-notre-devoir-est-d-affronter-les-defis-irresolus-depuis-trente-ans-20250227\" data-fig-type=\"Article\" data-gtm-custom-categorie=\"navigation\" data-gtm-custom-action=\"crossclick\" data-gtm-custom-label=\"Contextuel\" data-gtm-event=\"customEventSPE\" data-fig-domain=\"LEFIGARO\" rel=\"nofollow noopener\" target=\"_blank\">Fran\u00e7ois Bayrou<\/a>\u00a0a dress\u00e9 un constat apr\u00e8s trois ans de guerre en Ukraine\u00a0: \u00abNous avons vu un pays parmi les plus puissants de la plan\u00e8te, le plus vaste, le plus dot\u00e9 de toutes les richesses du sous-sol, avec une arm\u00e9e qui est une des deux ou trois plus puissantes du monde, se jeter sur son pays voisin pour l\u2019annexer, pour en prendre le contr\u00f4le, pour en chasser les dirigeants, bref pour le happer et le prendre\u00bb.<\/p>\n<p>\u00a0\u00bb<br \/>\n        data-script=\u00a0\u00bbhttps:\/\/static.lefigaro.fr\/widget-video\/short-ttl\/video\/index.js\u00a0\u00bb<br \/>\n    &gt;<\/p>\n<p class=\"fig-paragraph\">Pour le premier ministre, la Russie \u00abfait ce que d\u2019autres pays, \u00e0 la fin des ann\u00e9es 1930 et dans les ann\u00e9es 1940, ont fait sur leurs voisins\u00bb, en r\u00e9f\u00e9rence \u00e9vidente au r\u00e9gime nazi.<\/p>\n<p>        08:41<br \/>\n                                    <img   class=\"fig-img fig-live-post__picto\" alt=\"picto\"\/><\/p>\n<p class=\"fig-live-post__title\" role=\"heading\" aria-level=\"3\">Pour l\u2019eurod\u00e9put\u00e9 de gauche Rapha\u00ebl Glucksmann, \u00ables Europ\u00e9ens sont seuls\u00bb<\/p>\n<p>\u00a0\u00bb<br \/>\n        data-script=\u00a0\u00bbhttps:\/\/static.lefigaro.fr\/widget-video\/short-ttl\/video\/index.js\u00a0\u00bb<br \/>\n    &gt;<\/p>\n<p class=\"fig-paragraph\">\u00abJ\u2019ai dit pendant toute la campagne des europ\u00e9ennes\u00a0: le 5 novembre 2024, l\u2019Europe peut se retrouver seule pour la premi\u00e8re fois de son histoire. C\u2019est arriv\u00e9, nous sommes seuls\u00bb, affirme\u00a0<a href=\"http:\/\/www.lefigaro.fr\/politique\/guerre-en-ukraine-dans-2-3-ans-nous-ne-vivrons-peut-etre-plus-dans-un-continent-en-paix-alerte-raphael-glucksmann-20250214\" data-fig-type=\"NewsFlash\" data-gtm-custom-categorie=\"navigation\" data-gtm-custom-action=\"crossclick\" data-gtm-custom-label=\"Contextuel\" data-gtm-event=\"customEventSPE\" data-fig-domain=\"LEFIGARO\" rel=\"nofollow noopener\" target=\"_blank\">Rapha\u00ebl Glucksmann<\/a>, d\u00e9put\u00e9 europ\u00e9en, membre de la commission des affaires \u00e9trang\u00e8res, invit\u00e9 de France Inter ce vendredi matin.<\/p>\n<p class=\"fig-paragraph\">L\u2019\u00e9lu se dit persuad\u00e9 que \u00abl\u2019on ne peut pas faire confiance \u00e0 Trump si la Pologne ou la Lettonie sont attaqu\u00e9es par Poutine\u00bb. Il rappelle que l\u2019Administration am\u00e9ricaine \u00aba \u00e9pous\u00e9 les vues am\u00e9ricaines sur le d\u00e9pe\u00e7age de l\u2019Ukraine et sur le changement de r\u00e9gime \u00e0 Kiev en faisant\u00a0<a href=\"http:\/\/www.lefigaro.fr\/international\/le-gel-de-l-aide-americaine-a-l-ukraine-ramene-volodymyr-zelensky-a-la-table-des-negociations-20250304\" data-fig-type=\"Article\" data-gtm-custom-categorie=\"navigation\" data-gtm-custom-action=\"crossclick\" data-gtm-custom-label=\"Contextuel\" data-gtm-event=\"customEventSPE\" data-fig-domain=\"LEFIGARO\" rel=\"nofollow noopener\" target=\"_blank\">pression sur Volodymyr Zelensky<\/a>\u00bb.<\/p>\n<p class=\"fig-paragraph\">Concernant les critiques venant de la gauche sur \u00abune course \u00e0 l\u2019armement\u00bb entam\u00e9e par Emmanuel Macron, Glucksmann r\u00e9pond\u00a0: \u00abQui est va-t-en-guerre, aujourd\u2019hui? Ce ne sont pas les dirigeants europ\u00e9ens. C\u2019est Vladimir Poutine. Si on ne se montre pas fort maintenant, on invitera Poutine \u00e0 poursuivre sa course folle vers la guerre \u00e0 l\u2019Europe.\u00bb Il se dit en accord avec Emmanuel Macron qui taxe Moscou d\u2019\u00abimp\u00e9rialisme et de r\u00e9visionnisme\u00bb. Pour l\u2019\u00e9lu europ\u00e9en, \u00abnous avons l\u2019opportunit\u00e9 rare de devenir les leaders de l\u2019Europe\u00bb, avec une industrie de d\u00e9fense autonome vis-\u00e0-vis des \u00c9tats-Unis.<\/p>\n<p>\n        08:21\n            <\/p>\n<p class=\"fig-live-post__title\" role=\"heading\" aria-level=\"3\">D\u00c9CRYPTAGE &#8211; Les industriels de l\u2019armement peuvent-ils vraiment \u00abproduire davantage\u00bb, comme le souhaite Emmanuel Macron ?<\/p>\n<p class=\"fig-paragraph\">Emmanuel Macron n\u2019a pas m\u00e2ch\u00e9 ses mots,\u00a0<a href=\"http:\/\/www.lefigaro.fr\/politique\/emmanuel-macron-alerte-les-francais-sur-la-nouvelle-ere-de-la-guerre-20250305\" target=\"_blank\" data-fig-type=\"Article\" rel=\"noopener nofollow\" data-gtm-custom-categorie=\"navigation\" data-gtm-custom-action=\"crossclick\" data-gtm-custom-label=\"Contextuel\" data-gtm-event=\"customEventSPE\" data-fig-domain=\"LEFIGARO\">mercredi soir<\/a>. Face \u00e0 la menace venue de l\u2019est (Russie) et celle venue de l\u2019ouest (l\u00e2chage de l\u2019Europe par les \u00c9tats-Unis), il a appel\u00e9 \u00e0 la mobilisation g\u00e9n\u00e9rale pour r\u00e9armer le Vieux Continent. En particulier, \u00abproduire davantage\u00bb sur le sol fran\u00e7ais et \u00abhausser\u00bb l\u2019effort de d\u00e9fense. Et, cela aussi vite que possible.<\/p>\n<p class=\"fig-paragraph\">L\u2019appel a \u00e9t\u00e9 entendu haut et clair par la dizaine de grands industriels de l\u2019armement fran\u00e7ais et les 4000 petites et moyennes entreprises formant la Base industrielle et technologique de d\u00e9fense (BITD), dont les repr\u00e9sentants seront re\u00e7us \u00abdans les prochains jours\u00bb, par le pr\u00e9sident de la R\u00e9publique et les ministres concern\u00e9s. Pour la fili\u00e8re, \u00abil s\u2019agit d\u2019un changement complet de paradigme\u00a0: passer d\u2019une \u00e9conomie de flux \u00e0 une \u00e9conomie de stocks\u00bb, analyse Vincent Desportes, manager en charge des industries de d\u00e9fense, au sein du cabinet Avencore. En clair, tourner la page des petites s\u00e9ries et des livraisons s\u2019\u00e9talant sur des d\u00e9cennies, de surcro\u00eet souvent d\u00e9cal\u00e9es, car la d\u00e9fense a longtemps \u00e9t\u00e9 la variable d\u2019ajustement du budget de l\u2019\u00c9tat.<\/p>\n<p class=\"fig-body-cta-link\" data-module=\"fig-cta-link\" data-context=\"was @visible\">\n    <a class=\"fig-body-cta-link__link\" href=\"https:\/\/www.lefigaro.fr\/societes\/les-industriels-de-l-armement-peuvent-ils-vraiment-produire-davantage-comme-le-souhaite-emmanuel-macron-20250306\" data-js-gtm=\"{&quot;event&quot;:&quot;customEventGA4&quot;,&quot;eventName&quot;:&quot;click_navigation&quot;,&quot;button_action&quot;:&quot;crossclick&quot;,&quot;feature&quot;:&quot;Contextuel_bouton&quot;,&quot;feature_details&quot;:&quot;EST-IL POSSIBLE DE PRODUIRE PLUS\\u00a0?&quot;,&quot;link_url&quot;:&quot;https:\\\/\\\/www.lefigaro.fr\\\/societes\\\/les-industriels-de-l-armement-peuvent-ils-vraiment-produire-davantage-comme-le-souhaite-emmanuel-macron-20250306&quot;}\" rel=\"nofollow noopener\" target=\"_blank\"><br \/>\n                EST-IL POSSIBLE DE PRODUIRE PLUS\u00a0?<br \/>\n    <\/a>\n<\/p>\n<p>\n        07:51\n            <\/p>\n<p class=\"fig-live-post__title\" role=\"heading\" aria-level=\"3\">\u00abOn ne va pas se faire trop de soucis pour les \u00e9tats d\u2019\u00e2me de Vladimir Poutine\u00bb, raille Marine Tondelier<\/p>\n<p class=\"fig-paragraph\">Invit\u00e9e sur LCI, la secr\u00e9taire nationale des \u00c9cologistes a salu\u00e9 les efforts diplomatiques d\u2019Emmanuel Macron. \u00abIl y avait besoin de monter le ton, estime\u00a0<a href=\"http:\/\/www.lefigaro.fr\/politique\/a-l-approche-du-congres-des-ecologistes-marine-tondelier-en-zone-de-turbulences-20250226\" data-fig-type=\"Article\" data-gtm-custom-categorie=\"navigation\" data-gtm-custom-action=\"crossclick\" data-gtm-custom-label=\"Contextuel\" data-gtm-event=\"customEventSPE\" data-fig-domain=\"LEFIGARO\" rel=\"nofollow noopener\" target=\"_blank\">Marine Tondelier<\/a>. L\u2019Europe s\u2019organise et que \u00e7a d\u00e9plaise \u00e0 monsieur Poutine est plut\u00f4t normal et rassurant.\u00bb L\u2019\u00e9lue des Hauts-de-France est revenue sur les propos du pr\u00e9sident russe qui a compar\u00e9 Emmanuel Macron \u00e0 Napol\u00e9on. \u00abOn ne va pas se faire trop de soucis pour les \u00e9tats d\u2019\u00e2me de Vladimir Poutine\u00bb, raille-t-elle.<\/p>\n<p>\u00a0\u00bb<br \/>\n        data-script=\u00a0\u00bbhttps:\/\/static.lefigaro.fr\/widget-video\/short-ttl\/video\/index.js\u00a0\u00bb<br \/>\n    &gt;<\/p>\n<p class=\"fig-paragraph\">La patronne des \u00c9cologistes a de nouveau d\u00e9fendu la\u00a0<a href=\"http:\/\/www.lefigaro.fr\/politique\/guerre-en-ukraine-malgre-la-pression-politique-l-executif-refuse-la-saisie-des-avoirs-russes-pour-aider-kiev-20250304\" data-fig-type=\"Article\" data-gtm-custom-categorie=\"navigation\" data-gtm-custom-action=\"crossclick\" data-gtm-custom-label=\"Contextuel\" data-gtm-event=\"customEventSPE\" data-fig-domain=\"LEFIGARO\" rel=\"nofollow noopener\" target=\"_blank\">saisie des avoirs russes<\/a>, une mesure \u00e0 laquelle les Insoumis sont oppos\u00e9s en raison du droit international. \u00abIl y a des d\u00e9bats juridiques mais je fais partie des personnes qui pensent que c\u2019est possible, souhaitable et m\u00eame urgent\u00bb, explique Marine Tondelier. Elle plaide \u00e9galement pour exclure les d\u00e9penses militaires des r\u00e8gles du pacte de stabilit\u00e9 et souhaite que les efforts budg\u00e9taires \u00e0 venir p\u00e8sent sur les plus ais\u00e9s.<\/p>\n<p class=\"fig-paragraph\">\u00abNotre arsenal ne doit pas \u00eatre uniquement compos\u00e9 d\u2019obus et d\u2019armes\u00bb, a toutefois soulign\u00e9 l\u2019\u00e9lue, qui porte avec son parti un \u00abprogramme global\u00bb. Elle propose notamment d\u2019\u00abisoler Vladimir Poutine en isolant nos maisons, pour faire en sorte qu\u2019on d\u00e9pende moins du gaz russe\u00bb.<\/p>\n<p>\n        07:46\n            <\/p>\n<p class=\"fig-live-post__title\" role=\"heading\" aria-level=\"3\">D\u00c9CRYPTAGE &#8211; Moscou ne veut pas de troupes de maintien de la paix issues de l\u2019Otan<\/p>\n<p class=\"fig-paragraph\">R\u00e9agissant jeudi tr\u00e8s n\u00e9gativement \u00e0\u00a0<a href=\"http:\/\/www.lefigaro.fr\/politique\/guerre-en-ukraine-menace-russe-etats-unis-defense-europeenne-ce-qu-il-faut-retenir-de-l-allocution-d-emmanuel-macron-20250305\" target=\"_blank\" data-fig-type=\"NewsFlash\" rel=\"noopener nofollow\" data-gtm-custom-categorie=\"navigation\" data-gtm-custom-action=\"crossclick\" data-gtm-custom-label=\"Contextuel\" data-gtm-event=\"customEventSPE\" data-fig-domain=\"LEFIGARO\">l\u2019intervention t\u00e9l\u00e9vis\u00e9e d\u2019Emmanuel Macron la veille<\/a>, la Russie en a profit\u00e9 pour rejeter \u00e0 nouveau fermement l\u2019\u00e9ventuel d\u00e9ploiement d\u2019un contingent europ\u00e9en de maintien de la paix en Ukraine.\u00a0\u00abUne discussion men\u00e9e avec un objectif ouvertement hostile [sur laquelle] nous ne voyons aucun compromis possible\u00bb, a d\u00e9clar\u00e9 Sergue\u00ef Lavrov. Selon le chef de la diplomatie russe, Moscou\u00a0\u00abconsid\u00e9rera la pr\u00e9sence de ces troupes sur le territoire ukrainien de la m\u00eame mani\u00e8re qu\u2019elle consid\u00e9rait la pr\u00e9sence potentielle de l\u2019Otan en Ukraine\u00bb.\u00a0Comprendre, de fa\u00e7on r\u00e9solument hostile, dans la mesure o\u00f9, comme l\u2019a dit M. Lavrov, quel que soit le drapeau de ces contingents,\u00a0\u00abil s\u2019agira toujours de troupes de l\u2019Otan\u00bb.<\/p>\n<p class=\"fig-paragraph\">L\u2019\u00e9ventualit\u00e9 d\u2019un envoi de troupes en Ukraine pour surveiller un cessez-le-feu a \u00e9t\u00e9 \u00e9voqu\u00e9e par le\u00a0<a href=\"http:\/\/www.lefigaro.fr\/international\/guerre-en-ukraine-le-premier-ministre-britannique-keir-starmer-se-rend-a-washington-en-quete-de-garanties-20250227\" target=\"_blank\" data-fig-type=\"NewsFlash\" rel=\"noopener nofollow\" data-gtm-custom-categorie=\"navigation\" data-gtm-custom-action=\"crossclick\" data-gtm-custom-label=\"Contextuel\" data-gtm-event=\"customEventSPE\" data-fig-domain=\"LEFIGARO\">premier ministre britannique, Keir Starmer<\/a>, et par Emmanuel Macron, d\u2019autres pays envisageant un soutien logistique. La fin de non-recevoir russe est tomb\u00e9e alors que les Vingt-Sept \u00e9taient r\u00e9unis en sommet extraordinaire \u00e0 Bruxelles. Londres a par ailleurs indiqu\u00e9 avoir \u00e9t\u00e9 en discussion mercredi avec une vingtaine de pays\u00a0\u00abint\u00e9ress\u00e9s\u00bb\u00a0\u00e0 s\u2019engager dans le maintien de la paix en Ukraine.<\/p>\n<p class=\"fig-body-cta-link\" data-module=\"fig-cta-link\" data-context=\"was @visible\">\n    <a class=\"fig-body-cta-link__link\" href=\"https:\/\/www.lefigaro.fr\/international\/guerre-en-ukraine-moscou-ne-veut-pas-de-troupes-de-maintien-de-la-paix-issues-de-l-otan-20250306\" data-js-gtm=\"{&quot;event&quot;:&quot;customEventGA4&quot;,&quot;eventName&quot;:&quot;click_navigation&quot;,&quot;button_action&quot;:&quot;crossclick&quot;,&quot;feature&quot;:&quot;Contextuel_bouton&quot;,&quot;feature_details&quot;:&quot;MOSCOU ET LES TROUPES EUROP\\u00c9ENNES&quot;,&quot;link_url&quot;:&quot;https:\\\/\\\/www.lefigaro.fr\\\/international\\\/guerre-en-ukraine-moscou-ne-veut-pas-de-troupes-de-maintien-de-la-paix-issues-de-l-otan-20250306&quot;}\" rel=\"nofollow noopener\" target=\"_blank\"><br \/>\n                MOSCOU ET LES TROUPES EUROP\u00c9ENNES<br \/>\n    <\/a>\n<\/p>\n<p>        07:07<br \/>\n                                    <img   class=\"fig-img fig-live-post__picto\" alt=\"picto\"\/><\/p>\n<p class=\"fig-live-post__title\" role=\"heading\" aria-level=\"3\">\u00abVous pensez qu\u2019ils viendraient ?\u00bb : Trump doute de l\u2019aide de la France en cas de \u00abprobl\u00e8mes\u00bb aux \u00c9tats-Unis, Macron lui r\u00e9pond<\/p>\n<p class=\"fig-paragraph\">Le\u00a0<a href=\"http:\/\/www.lefigaro.fr\/conjoncture\/trump-et-musk-veulent-changer-le-mode-de-calcul-du-pib-et-de-la-croissance-economique-20250307\" data-fig-type=\"Article\" data-gtm-custom-categorie=\"navigation\" data-gtm-custom-action=\"crossclick\" data-gtm-custom-label=\"Contextuel\" data-gtm-event=\"customEventSPE\" data-fig-domain=\"LEFIGARO\" rel=\"nofollow noopener\" target=\"_blank\">pr\u00e9sident am\u00e9ricain Donald Trump<\/a>\u00a0a remis en cause jeudi l\u2019engagement am\u00e9ricain au sein de l\u2019Otan, estimant que les \u00c9tats-Unis ne devaient pas venir au secours des pays qui, \u00e0 ses yeux, ne d\u00e9pensent pas assez pour leur propre d\u00e9fense. \u00abS\u2019ils ne paient pas, je ne vais pas les d\u00e9fendre\u00bb, a indiqu\u00e9 le pr\u00e9sident am\u00e9ricain \u00e0 des journalistes depuis la Maison-Blanche. Les pays membres de l\u2019Organisation du trait\u00e9 de l\u2019Atlantique Nord\u00a0\u00abdevraient payer plus\u00bb, a-t-il martel\u00e9.<\/p>\n<p>\u00a0\u00bb<br \/>\n        data-script=\u00a0\u00bbhttps:\/\/static.lefigaro.fr\/widget-video\/short-ttl\/video\/index.js\u00a0\u00bb<br \/>\n    &gt;<\/p>\n<p class=\"fig-paragraph\">\u00abMon plus gros probl\u00e8me avec l\u2019Otan, [&#8230;] c\u2019est que si les \u00c9tats-Unis avaient un probl\u00e8me et qu\u2019on appelait la France ou d\u2019autres pays que je ne nommerais pas en disant \u201con a un probl\u00e8me\u201d, vous pensez qu\u2019ils viendraient nous aider, comme ils sont cens\u00e9s le faire\u00a0? Je n\u2019en suis pas s\u00fbr&#8230;\u00bb,\u00a0a \u00e9galement estim\u00e9 le pr\u00e9sident r\u00e9publicain.<\/p>\n<p class=\"fig-paragraph\">Interrog\u00e9\u00a0<a href=\"http:\/\/www.lefigaro.fr\/international\/guerre-en-ukraine-moscou-ne-veut-pas-de-troupes-de-maintien-de-la-paix-issues-de-l-otan-20250306\" target=\"_blank\" data-fig-type=\"Article\" rel=\"noopener nofollow\" data-gtm-custom-categorie=\"navigation\" data-gtm-custom-action=\"crossclick\" data-gtm-custom-label=\"Contextuel\" data-gtm-event=\"customEventSPE\" data-fig-domain=\"LEFIGARO\">en marge du sommet \u00e0 Bruxelles jeudi soir<\/a>, Emmanuel Macron a rappel\u00e9 que la France \u00e9tait un alli\u00e9\u00a0\u00abfid\u00e8le\u00bb\u00a0et\u00a0\u00abloyal\u00bb\u00a0des Am\u00e9ricains.\u00a0\u00abNous avons toujours \u00e9t\u00e9 l\u00e0 l\u2019un pour l\u2019autre,\u00a0a assur\u00e9 le pr\u00e9sident fran\u00e7ais.\u00a0Les Europ\u00e9ens \u00e9taient l\u00e0 pour l\u2019Afghanistan. Nous sommes des alli\u00e9s loyaux et fid\u00e8les, que quiconque ose en douter regarde l\u2019histoire contemporaine\u00a0!\u00bb. Selon le chef d\u2019\u00c9tat fran\u00e7ais, la France est en\u00a0\u00abdroit de r\u00e9clamer\u00bb\u00a0du respect et de l\u2019amiti\u00e9.<\/p>\n<p class=\"fig-body-cta-link\" data-module=\"fig-cta-link\" data-context=\"was @visible\">\n    <a class=\"fig-body-cta-link__link\" href=\"https:\/\/www.lefigaro.fr\/international\/vous-pensez-qu-ils-viendraient-nous-aider-trump-doute-de-l-aide-de-la-france-et-de-l-otan-en-cas-de-problemes-20250306\" data-js-gtm=\"{&quot;event&quot;:&quot;customEventGA4&quot;,&quot;eventName&quot;:&quot;click_navigation&quot;,&quot;button_action&quot;:&quot;crossclick&quot;,&quot;feature&quot;:&quot;Contextuel_bouton&quot;,&quot;feature_details&quot;:&quot;PASSE D&#039;ARMES ENTRE MACRON ET TRUMP&quot;,&quot;link_url&quot;:&quot;https:\\\/\\\/www.lefigaro.fr\\\/international\\\/vous-pensez-qu-ils-viendraient-nous-aider-trump-doute-de-l-aide-de-la-france-et-de-l-otan-en-cas-de-problemes-20250306&quot;}\" rel=\"nofollow noopener\" target=\"_blank\"><br \/>\n                PASSE D&rsquo;ARMES ENTRE MACRON ET TRUMP<br \/>\n    <\/a>\n<\/p>\n<p>        06:59<br \/>\n                                    <img   class=\"fig-img fig-live-post__picto\" alt=\"picto\"\/><\/p>\n<p class=\"fig-live-post__title\" role=\"heading\" aria-level=\"3\">Macron veut voir d\u2019ici mi-2025 \u00abs\u2019il y a des coop\u00e9rations nouvelles\u00bb possibles dans l\u2019UE en mati\u00e8re de dissuasion nucl\u00e9aire<\/p>\n<p class=\"fig-paragraph\"><a href=\"http:\/\/www.lefigaro.fr\/politique\/emmanuel-macron-alerte-les-francais-sur-la-nouvelle-ere-de-la-guerre-20250305\" data-fig-type=\"Article\" data-gtm-custom-categorie=\"navigation\" data-gtm-custom-action=\"crossclick\" data-gtm-custom-label=\"Contextuel\" data-gtm-event=\"customEventSPE\" data-fig-domain=\"LEFIGARO\" rel=\"nofollow noopener\" target=\"_blank\">Emmanuel Macron<\/a>\u00a0a d\u00e9clar\u00e9 jeudi se donner jusqu\u2019\u00e0 \u00abla fin du semestre\u00bb pour voir \u00abs\u2019il y a des coop\u00e9rations nouvelles qui peuvent voir le jour\u00bb, au sein de l\u2019Union europ\u00e9enne, autour de la possibilit\u00e9 de faire b\u00e9n\u00e9ficier d\u2019autres pays alli\u00e9s de la\u00a0<a href=\"http:\/\/www.lefigaro.fr\/politique\/du-general-de-gaulle-a-macron-la-dissuasion-nucleaire-francaise-a-toujours-integre-une-dimension-europeenne-20250303\" data-fig-type=\"Article\" data-gtm-custom-categorie=\"navigation\" data-gtm-custom-action=\"crossclick\" data-gtm-custom-label=\"Contextuel\" data-gtm-event=\"customEventSPE\" data-fig-domain=\"LEFIGARO\" rel=\"nofollow noopener\" target=\"_blank\">dissuasion nucl\u00e9aire fran\u00e7aise<\/a>.<\/p>\n<p class=\"fig-paragraph\">\u00abOn va ouvrir une phase o\u00f9 nos techniciens vont \u00e9changer\u00bb, \u00abun dialogue \u00e0 la fois strat\u00e9gique et technique, et suivront des \u00e9changes au niveau des chefs d\u2019\u00c9tat et de gouvernement pour regarder d\u2019ici la fin du semestre s\u2019il y a des coop\u00e9rations nouvelles qui peuvent voir le jour\u00bb, a dit le pr\u00e9sident fran\u00e7ais \u00e0 l\u2019issue d\u2019un sommet de l\u2019UE \u00e0 Bruxelles, au cours duquel, a-t-il assur\u00e9, \u00abplusieurs\u00bb dirigeants sont venus le voir pour lui parler de ce sujet.<\/p>\n<p class=\"fig-body-link\">\n            \u00c0 lire aussi<br \/>\n        <a class=\"fig-body-link__link fig-premium-mark\" href=\"http:\/\/www.lefigaro.fr\/international\/exercices-communs-deploiement-d-armes-patrouilles-a-quoi-pourrait-ressembler-un-parapluie-nucleaire-francais-en-europe-20250304\" target=\"_blank\" data-fig-type=\"Article\" rel=\"noopener nofollow\" data-gtm-custom-categorie=\"navigation\" data-gtm-custom-action=\"crossclick\" data-gtm-custom-label=\"Contextuel\" data-gtm-event=\"customEventSPE\" data-fig-domain=\"LEFIGARO\">Exercices communs, d\u00e9ploiement d\u2019armes strat\u00e9giques\u00a0: \u00e0 quoi ressemblerait un \u00abparapluie nucl\u00e9aire\u00bb fran\u00e7ais en Europe\u00a0?<br \/>\n    <\/a>\n<\/p>\n<p class=\"fig-paragraph\">Emmanuel Macron avait dit le week-end dernier, et confirm\u00e9 mercredi dans une allocution solennelle, qu\u2019il avait \u00abd\u00e9cid\u00e9 d\u2019ouvrir le d\u00e9bat strat\u00e9gique sur la protection par notre dissuasion de nos alli\u00e9s du continent europ\u00e9en\u00bb, en r\u00e9ponse \u00e0 un \u00abappel historique\u00bb en ce sens du futur chancelier allemand\u00a0<a href=\"http:\/\/www.lefigaro.fr\/international\/pour-rearmer-l-allemagne-friedrich-merz-degaine-son-bazooka-economique-20250305\" data-fig-type=\"Article\" data-gtm-custom-categorie=\"navigation\" data-gtm-custom-action=\"crossclick\" data-gtm-custom-label=\"Contextuel\" data-gtm-event=\"customEventSPE\" data-fig-domain=\"LEFIGARO\" rel=\"nofollow noopener\" target=\"_blank\">Friedrich Merz<\/a>. Il a pr\u00e9cis\u00e9 mercredi que \u00abquoi qu\u2019il arrive, la d\u00e9cision a toujours \u00e9t\u00e9 et restera entre les mains du pr\u00e9sident de la R\u00e9publique\u00bb.<\/p>\n<p>\n        06:58\n            <\/p>\n<p class=\"fig-live-post__title\" role=\"heading\" aria-level=\"3\">\u00abBombardements massifs\u00bb russes contre les infrastructures \u00e9nerg\u00e9tiques d\u2019Ukraine<\/p>\n<p class=\"fig-paragraph\">Les forces russes bombardent massivement vendredi les infrastructures \u00e9nerg\u00e9tiques de l\u2019Ukraine, a annonc\u00e9 le ministre de l\u2019\u00c9nergie, Guerman Galouchtchenko. \u00abLes\u00a0<a href=\"http:\/\/www.lefigaro.fr\/flash-eco\/ukraine-reparer-les-infrastructures-energetiques-recemment-visees-coutera-des-milliards-ministre-20240325\" data-fig-type=\"NewsFlash\" data-gtm-custom-categorie=\"navigation\" data-gtm-custom-action=\"crossclick\" data-gtm-custom-label=\"Contextuel\" data-gtm-event=\"customEventSPE\" data-fig-domain=\"LEFIGARO\" rel=\"nofollow noopener\" target=\"_blank\">infrastructures \u00e9nerg\u00e9tiques<\/a>\u00a0et gazi\u00e8res de plusieurs r\u00e9gions d\u2019Ukraine subissent \u00e0 nouveau des bombardements massifs de missiles et de drones\u00bb, a \u00e9crit Guerman Galouchtchenko sur Facebook, ajoutant que \u00abtoutes les mesures n\u00e9cessaires sont prises pour stabiliser l\u2019approvisionnement en \u00e9nergie et en gaz\u00bb.<\/p>\n<p class=\"fig-paragraph\">\u00abLa Russie tente de nuire aux Ukrainiens ordinaires en bombardant les installations de production d\u2019\u00e9nergie et de gaz, sans abandonner son objectif de nous priver d\u2019\u00e9lectricit\u00e9 et de chauffage, et en causant le plus grand pr\u00e9judice aux citoyens ordinaires\u00bb, a d\u00e9plor\u00e9 le ministre.<\/p>\n<p class=\"fig-body-link\">\n            \u00c0 lire aussi<br \/>\n        <a class=\"fig-body-link__link fig-premium-mark\" href=\"http:\/\/www.lefigaro.fr\/international\/j-ai-prie-pour-des-jours-meilleurs-mais-maintenant-je-ne-sais-plus-quoi-dire-a-kharkiv-la-peur-de-passer-un-hiver-sans-chauffage-ni-electricite-20241119\" data-fig-type=\"Article\" data-gtm-custom-categorie=\"navigation\" data-gtm-custom-action=\"crossclick\" data-gtm-custom-label=\"Contextuel\" data-gtm-event=\"customEventSPE\" data-fig-domain=\"LEFIGARO\" rel=\"nofollow noopener\" target=\"_blank\">\u00abJ\u2019ai pri\u00e9 pour des jours meilleurs mais maintenant, je ne sais plus quoi dire\u00bb\u00a0: \u00e0 Kharkiv, la peur de passer un hiver sans chauffage ni \u00e9lectricit\u00e9<br \/>\n    <\/a>\n<\/p>\n<p class=\"fig-paragraph\">Par ailleurs, quatre personnes ont \u00e9t\u00e9 bless\u00e9es dans la nuit de jeudi \u00e0 vendredi \u00e0 Kharkiv, dans l\u2019est de l\u2019Ukraine, par une frappe sur \u00abune infrastructure civile\u00bb, a \u00e9crit sur Telegram le maire de la ville, Igor Terekhov.<\/p>\n<p>        06:56<br \/>\n                                    <img   class=\"fig-img fig-live-post__picto\" alt=\"picto\"\/><\/p>\n<p class=\"fig-live-post__title\" role=\"heading\" aria-level=\"3\">En sommet exceptionnel \u00e0 Bruxelles, les Europ\u00e9ens s\u2019engagent \u00e0 renforcer leur d\u00e9fense<\/p>\n<p class=\"fig-paragraph\">D\u00e9termin\u00e9s \u00e0 r\u00e9agir face au d\u00e9sengagement am\u00e9ricain, les dirigeants europ\u00e9ens ont affich\u00e9 jeudi leur volont\u00e9 de renforcer les capacit\u00e9s de d\u00e9fense du continent, au moment o\u00f9 Washington annon\u00e7ait une nouvelle r\u00e9union avec Kiev\u00a0<a href=\"http:\/\/www.lefigaro.fr\/flash-actu\/trump-assure-qu-il-va-se-rendre-en-arabie-saoudite-20250306\" data-fig-type=\"NewsFlash\" data-gtm-custom-categorie=\"navigation\" data-gtm-custom-action=\"crossclick\" data-gtm-custom-label=\"Contextuel\" data-gtm-event=\"customEventSPE\" data-fig-domain=\"LEFIGARO\" rel=\"nofollow noopener\" target=\"_blank\">en Arabie saoudite<\/a>. \u00abNous allons de l\u2019avant de fa\u00e7on d\u00e9cisive vers une Europe de la d\u00e9fense forte et plus souveraine\u00bb, s\u2019est f\u00e9licit\u00e9 Antonio Costa, pr\u00e9sident du Conseil europ\u00e9en.<\/p>\n<p>    Antonio Costa, Volodymyr Zelensky et Ursula von der Leyen.<br \/>\n                Stephanie Lecocq \/ REUTERS<\/p>\n<p class=\"fig-paragraph\">R\u00e9unis en sommet exceptionnel \u00e0 Bruxelles, les 27 ont donn\u00e9 leur feu vert au plan de la Commission europ\u00e9enne, baptis\u00e9 \u00abR\u00e9armer l\u2019Europe\u00bb, qui vise \u00e0 mobiliser\u00a0<a href=\"http:\/\/www.lefigaro.fr\/international\/defense-europeenne-le-plan-a-800-milliards-en-trompe-l-oeil-d-ursula-von-der-leyen-20250304\" data-fig-type=\"Article\" data-gtm-custom-categorie=\"navigation\" data-gtm-custom-action=\"crossclick\" data-gtm-custom-label=\"Contextuel\" data-gtm-event=\"customEventSPE\" data-fig-domain=\"LEFIGARO\" rel=\"nofollow noopener\" target=\"_blank\">quelque 800 milliards d\u2019euros<\/a>, soulignant \u00abla n\u00e9cessit\u00e9 d\u2019accro\u00eetre substantiellement les d\u00e9penses en mati\u00e8re de d\u00e9fense\u00bb. Appelant la Commission \u00e0 transcrire rapidement ces id\u00e9es en propositions concr\u00e8tes, ils se sont engag\u00e9s \u00e0 examiner en priorit\u00e9 la proposition de mettre \u00e0 disposition quelque 150 milliards d\u2019euros sous forme de pr\u00eats.<\/p>\n<p class=\"fig-body-link\">\n            \u00c0 lire aussi<br \/>\n        <a class=\"fig-body-link__link fig-premium-mark\" href=\"http:\/\/www.lefigaro.fr\/international\/defense-l-armee-francaise-prepare-son-nouvel-ordre-de-bataille-20250306\" target=\"_blank\" data-fig-type=\"Article\" rel=\"noopener nofollow\" data-gtm-custom-categorie=\"navigation\" data-gtm-custom-action=\"crossclick\" data-gtm-custom-label=\"Contextuel\" data-gtm-event=\"customEventSPE\" data-fig-domain=\"LEFIGARO\">D\u00e9fense\u00a0: l\u2019arm\u00e9e fran\u00e7aise pr\u00e9pare son nouvel ordre de bataille<br \/>\n    <\/a>\n<\/p>\n<p class=\"fig-paragraph\">Parmi les autres pistes, la possibilit\u00e9 pour les \u00c9tats membres d\u2019accro\u00eetre sensiblement leurs d\u00e9penses militaires sans que cela soit pris en compte dans le calcul de leur d\u00e9ficit public, en principe limit\u00e9 \u00e0 3% de leur produit int\u00e9rieur brut (PIB).<\/p>\n<p>\n        06:52\n            <\/p>\n<p class=\"fig-live-post__title\" role=\"heading\" aria-level=\"3\">Une r\u00e9union de chefs d\u2019\u00e9tat-major europ\u00e9ens pr\u00e9vue mardi en pr\u00e9sence de Macron<\/p>\n<p class=\"fig-paragraph\">Les chefs d\u2019\u00e9tat-major des pays europ\u00e9ens pr\u00eats \u00e0 garantir une future paix en Ukraine se r\u00e9uniront mardi \u00e0 Paris en pr\u00e9sence d\u2019Emmanuel Macron, qui a aussi invit\u00e9 jeudi ses homologues \u00abqui souhaitent y participer\u00bb, afin d\u2019affiner son plan pour mettre fin durablement \u00e0 la guerre. Cette r\u00e9union annonc\u00e9e mercredi soir par le pr\u00e9sident fran\u00e7ais concerne notamment les \u00abchefs d\u2019\u00e9tat-major des pays qui souhaitent prendre leurs responsabilit\u00e9s\u00bb en cas d\u2019un \u00e9ventuel \u00abd\u00e9ploiement de forces europ\u00e9ennes\u00bb en Ukraine pour \u00abgarantir le plein respect\u00bb d\u2019un futur accord de paix.<\/p>\n<p class=\"fig-paragraph\">\u00abTous les pays seront invit\u00e9s mardi\u00bb, \u00aben \u00e9troite coordination\u00bb avec \u00able commandement militaire de l\u2019Otan qui sera aussi associ\u00e9 \u00e0 cette d\u00e9marche\u00bb, a-t-il pr\u00e9cis\u00e9 jeudi devant la presse \u00e0 l\u2019issue d\u2019un sommet europ\u00e9en \u00e0 Bruxelles. Il a ajout\u00e9 qu\u2019il dirait \u00absans doute quelques mots\u00bb lors de ce rendez-vous.<\/p>\n<p class=\"fig-body-link\">\n            \u00c0 lire aussi<br \/>\n        <a class=\"fig-body-link__link fig-premium-mark\" href=\"http:\/\/www.lefigaro.fr\/vox\/monde\/rod-dreher-trump-reveille-brutalement-l-europe-d-un-reve-paisible-mais-cela-vaut-mieux-que-de-rester-endormi-20250305\" data-fig-type=\"Article\" data-gtm-custom-categorie=\"navigation\" data-gtm-custom-action=\"crossclick\" data-gtm-custom-label=\"Contextuel\" data-gtm-event=\"customEventSPE\" data-fig-domain=\"LEFIGARO\" rel=\"nofollow noopener\" target=\"_blank\">Rod Dreher\u00a0: \u00abTrump r\u00e9veille brutalement l\u2019Europe d\u2019un r\u00eave paisible, mais cela vaut mieux que de rester endormi\u00bb<br \/>\n    <\/a>\n<\/p>\n<p class=\"fig-paragraph\">Emmanuel Macron, avec le premier ministre britannique\u00a0<a href=\"http:\/\/www.lefigaro.fr\/international\/ursula-von-der-leyen-dit-avoir-fait-le-point-avec-keir-starmer-et-emmanuel-macron-sur-leurs-contacts-avec-washington-20250223\" data-fig-type=\"NewsFlash\" data-gtm-custom-categorie=\"navigation\" data-gtm-custom-action=\"crossclick\" data-gtm-custom-label=\"Contextuel\" data-gtm-event=\"customEventSPE\" data-fig-domain=\"LEFIGARO\" rel=\"nofollow noopener\" target=\"_blank\">Keir Starmer<\/a>, en coordination avec le pr\u00e9sident ukrainien\u00a0<a href=\"http:\/\/www.lefigaro.fr\/international\/nous-ne-sommes-pas-seuls-volodymyr-zelensky-remercie-les-europeens-de-leur-soutien-a-l-ukraine-20250306\" data-fig-type=\"NewsFlash\" data-gtm-custom-categorie=\"navigation\" data-gtm-custom-action=\"crossclick\" data-gtm-custom-label=\"Contextuel\" data-gtm-event=\"customEventSPE\" data-fig-domain=\"LEFIGARO\" rel=\"nofollow noopener\" target=\"_blank\">Volodymyr Zelensky<\/a>\u00a0et plusieurs autres dirigeants europ\u00e9ens, tente de mettre au point un plan de paix afin d\u2019\u00e9viter que les n\u00e9gociations entre les \u00c9tats-Unis et la Russie d\u00e9bouchent sur \u00abun cessez-le-feu qui serait n\u00e9goci\u00e9 \u00e0 la va-vite, sans aucune garantie\u00bb.<\/p>\n<p>        06:50<br \/>\n                                    <img   class=\"fig-img fig-live-post__picto\" alt=\"picto\"\/><\/p>\n<p class=\"fig-live-post__title\" role=\"heading\" aria-level=\"3\">Macron affirme que Poutine est un \u00abimp\u00e9rialiste r\u00e9visionniste\u00bb<\/p>\n<p>\u00a0\u00bb<br \/>\n        data-script=\u00a0\u00bbhttps:\/\/static.lefigaro.fr\/widget-video\/short-ttl\/video\/index.js\u00a0\u00bb<br \/>\n    &gt;<\/p>\n<p class=\"fig-paragraph\">Le pr\u00e9sident fran\u00e7ais Emmanuel Macron a accus\u00e9 jeudi son homologue Vladimir Poutine\u00a0<a href=\"http:\/\/www.lefigaro.fr\/international\/comparaison-avec-hitler-rappel-de-la-defaite-de-napoleon-conteur-poutine-et-la-russie-raillent-macron-apres-son-discours-20250306\" data-fig-type=\"NewsFlash\" data-gtm-custom-categorie=\"navigation\" data-gtm-custom-action=\"crossclick\" data-gtm-custom-label=\"Contextuel\" data-gtm-event=\"customEventSPE\" data-fig-domain=\"LEFIGARO\" rel=\"nofollow noopener\" target=\"_blank\">d\u2019\u00eatre un \u00abimp\u00e9rialiste r\u00e9visionniste\u00bb<\/a>\u00a0qui a fait selon lui \u00abun contresens historique\u00bb en le comparant \u00e0 Napol\u00e9on. \u00abNapol\u00e9on menait des conqu\u00eates. La seule puissance imp\u00e9riale que je vois aujourd\u2019hui en Europe s\u2019appelle la Russie\u00bb, a-t-il d\u00e9clar\u00e9. \u00abC\u2019est un imp\u00e9rialiste r\u00e9visionniste de l\u2019histoire et de l\u2019identit\u00e9 des peuples\u00bb, a-t-il ajout\u00e9 devant la presse \u00e0 l\u2019issue d\u2019un sommet europ\u00e9en \u00e0 Bruxelles. Le pr\u00e9sident fran\u00e7ais a \u00e9galement estim\u00e9 que la Russie repr\u00e9sentait \u00abdans la dur\u00e9e une menace existentielle\u00bb pour l\u2019Europe.<\/p>\n<p>    Emmanuel Macron.<br \/>\n                Christian Hartmann \/ REUTERS<\/p>\n<p class=\"fig-paragraph\">Insistant sur un \u00abcontresens historique\u00bb, Emmanuel Macron a estim\u00e9 que le pr\u00e9sident russe avait \u00absans doute\u00bb \u00e9t\u00e9 \u00abpiqu\u00e9 du fait que nous avons d\u00e9masqu\u00e9 son jeu\u00bb. Il a ainsi assur\u00e9 que si Moscou voulait un cessez-le-feu en Ukraine dans le cadre de ses pourparlers avec les \u00c9tats-Unis de Donald Trump, ce ne serait pas pour faire \u00abla paix durable\u00bb mais \u00abpour mieux reprendre la guerre\u00bb.<\/p>\n<p class=\"fig-paragraph\">La Russie a d\u00e9nonc\u00e9\u00a0<a href=\"http:\/\/www.lefigaro.fr\/international\/guerre-en-ukraine-les-propos-de-macron-sur-la-dissuasion-nucleaire-sont-une-menace-pour-la-russie-selon-moscou-20250306\" data-fig-type=\"NewsFlash\" data-gtm-custom-categorie=\"navigation\" data-gtm-custom-action=\"crossclick\" data-gtm-custom-label=\"Contextuel\" data-gtm-event=\"customEventSPE\" data-fig-domain=\"LEFIGARO\" rel=\"nofollow noopener\" target=\"_blank\">comme une \u00abmenace\u00bb<\/a>\u00a0le discours d\u2019Emmanuel Macron se disant pr\u00eat \u00e0 des discussions sur une protection de l\u2019Europe par le parapluie nucl\u00e9aire fran\u00e7ais. Le pr\u00e9sident russe Vladimir Poutine a regrett\u00e9 jeudi qu\u2019il \u00abexiste encore des gens qui veulent retourner aux temps de Napol\u00e9on, en oubliant comment \u00e7a s\u2019est termin\u00e9\u00bb, dans une pique apparemment adress\u00e9e \u00e0 Emmanuel Macron.<\/p>\n<p>\n        06:46\n            <\/p>\n<p class=\"fig-live-post__title\" role=\"heading\" aria-level=\"3\">Bienvenue sur ce direct<\/p>\n<p class=\"fig-paragraph\">Bonjour \u00e0 tous. Pendant que Washington et Moscou op\u00e8rent\u00a0<a href=\"http:\/\/www.lefigaro.fr\/international\/les-etats-unis-prets-a-negocier-une-nouvelle-relation-avec-la-russie-sans-les-europeens-et-les-ukrainiens-20250218\" data-fig-type=\"Article\" data-gtm-custom-categorie=\"navigation\" data-gtm-custom-action=\"crossclick\" data-gtm-custom-label=\"Contextuel\" data-gtm-event=\"customEventSPE\" data-fig-domain=\"LEFIGARO\" rel=\"nofollow noopener\" target=\"_blank\">un rapprochement in\u00e9dit<\/a>, l\u2019Europe s\u2019engage \u00e0 renforcer sa d\u00e9fense et les passes d\u2019armes se poursuivent \u00e0 distance entre Emmanuel Macron et Vladimir Poutine. Suivez notre direct.<\/p>\n<p>                Les publications appara\u00eetront ici<\/p>\n<p>        Fermer<\/p>\n","protected":false},"excerpt":{"rendered":"Vendredi 7 mars 23:55 C\u2019est la fin de ce direct Merci de nous avoir suivis, retrouvez le reste&hellip;\n","protected":false},"author":2,"featured_media":11128,"comment_status":"","ping_status":"","sticky":false,"template":"","format":"standard","meta":{"footnotes":""},"categories":[1590],"tags":[259,11,260,1073,1777,674,131,14,261,12,262,220,135],"class_list":{"0":"post-11127","1":"post","2":"type-post","3":"status-publish","4":"format-standard","5":"has-post-thumbnail","7":"category-ukraine","8":"tag-actualite-internationale","9":"tag-actualites","10":"tag-affaires-etrangeres","11":"tag-emmanuel-macron","12":"tag-eu","13":"tag-europe","14":"tag-guerre-en-ukraine","15":"tag-international","16":"tag-ministere-des-affaires-etrangeres","17":"tag-news","18":"tag-politique-etrangere","19":"tag-ukraine","20":"tag-vladimir-poutine"},"share_on_mastodon":{"url":"https:\/\/pubeurope.com\/@fr\/114304352869016808","error":""},"_links":{"self":[{"href":"https:\/\/www.europesays.com\/fr\/wp-json\/wp\/v2\/posts\/11127","targetHints":{"allow":["GET"]}}],"collection":[{"href":"https:\/\/www.europesays.com\/fr\/wp-json\/wp\/v2\/posts"}],"about":[{"href":"https:\/\/www.europesays.com\/fr\/wp-json\/wp\/v2\/types\/post"}],"author":[{"embeddable":true,"href":"https:\/\/www.europesays.com\/fr\/wp-json\/wp\/v2\/users\/2"}],"replies":[{"embeddable":true,"href":"https:\/\/www.europesays.com\/fr\/wp-json\/wp\/v2\/comments?post=11127"}],"version-history":[{"count":0,"href":"https:\/\/www.europesays.com\/fr\/wp-json\/wp\/v2\/posts\/11127\/revisions"}],"wp:featuredmedia":[{"embeddable":true,"href":"https:\/\/www.europesays.com\/fr\/wp-json\/wp\/v2\/media\/11128"}],"wp:attachment":[{"href":"https:\/\/www.europesays.com\/fr\/wp-json\/wp\/v2\/media?parent=11127"}],"wp:term":[{"taxonomy":"category","embeddable":true,"href":"https:\/\/www.europesays.com\/fr\/wp-json\/wp\/v2\/categories?post=11127"},{"taxonomy":"post_tag","embeddable":true,"href":"https:\/\/www.europesays.com\/fr\/wp-json\/wp\/v2\/tags?post=11127"}],"curies":[{"name":"wp","href":"https:\/\/api.w.org\/{rel}","templated":true}]}}