{"id":111271,"date":"2025-05-19T08:18:08","date_gmt":"2025-05-19T08:18:08","guid":{"rendered":"https:\/\/www.europesays.com\/fr\/111271\/"},"modified":"2025-05-19T08:18:08","modified_gmt":"2025-05-19T08:18:08","slug":"lorie-revele-pourquoi-elle-na-pas-chante-pendant-10-ans","status":"publish","type":"post","link":"https:\/\/www.europesays.com\/fr\/111271\/","title":{"rendered":"Lorie r\u00e9v\u00e8le pourquoi elle n&rsquo;a pas chant\u00e9 pendant 10 ans"},"content":{"rendered":"<p>Au soleil, Sur un air latino, Je serai&#8230; Toutes ces<br \/>\nmusiques qui ont berc\u00e9 notre enfance viennent d&rsquo;une seule et unique<br \/>\nchanteuse : <strong>Lorie.<\/strong> Celle que l&rsquo;on voyait de<br \/>\npartout dans les ann\u00e9es 2000, et qui a totalement disparu de la<br \/>\nsc\u00e8ne pendant pr\u00e8s de 10 ans. Ce dimanche 18 mai, la star de toute<br \/>\nune g\u00e9n\u00e9ration \u00e9tait invit\u00e9e dans l&rsquo;\u00e9mission <a href=\"https:\/\/www.closermag.fr\/people\/un-gros-poids-sur-mes-epaules-elisa-tovati-proche-des-larmes-dans-un-dimanche-a-la-campagne-3358733\" target=\"_blank\" rel=\"noopener\"><br \/>\nUn dimanche \u00e0 campagne<\/a>.<\/p>\n<p>L&rsquo;occasion pour elle de revenir sur les raisons de son absence,<br \/>\net sur l&rsquo;arr\u00eat soudain de sa carri\u00e8re. Alors qu&rsquo;elle \u00e9tait \u00e2g\u00e9e de<br \/>\n25 ans, Lorie veut changer de style musical. Elle souhaite<br \/>\nd\u00e9laisser le c\u00f4t\u00e9 \u00ab\u00a0pop\u00a0\u00bb de ses musiques pour quelque chose<br \/>\nde <strong>\u00ab\u00a0plus \u00e9lectro, plus club\u00a0\u00bb.\u00a0<\/strong><\/p>\n<p>Lorie : \u00ab\u00a0Plus rien \u00e0 faire de moi\u00a0\u00bb<\/p>\n<p>Son opus a \u00e9t\u00e9 un v\u00e9ritable succ\u00e8s, au point d&rsquo;\u00eatre certifi\u00e9<br \/>\ndisque d&rsquo;or en 2007. <a href=\"https:\/\/www.closermag.fr\/people\/un-point-rouge-sur-moi-lorie-pester-raconte-comment-elle-a-ete-menacee-de-mort-avant-un-concert-3368688#item=1\" target=\"_blank\" rel=\"noopener\"><br \/>\nLorie<\/a> d\u00e9cide de se lancer dans un \u00ab\u00a0deuxi\u00e8me album<br \/>\n\u00e9lectro\u00a0\u00bb,\u00a0mais alors qu&rsquo;elle est en pleine production,<br \/>\nson \u00e9quipe d\u00e9cide de l&rsquo;abandonner. \u00ab\u00a0<strong>Tout le monde<br \/>\npart\u00a0\u00bb<\/strong>, confie-t-elle. Ceux qui l&rsquo;ont suivi, ceux qui<br \/>\nont toujours cru en elle ne sont plus l\u00e0&#8230; Elle se retrouve<br \/>\nseule.<\/p>\n<p>\u00ab\u00a0Je me retrouve avec des nouvelles personnes, qui arrivent<br \/>\navec leurs nouveaux artistes et qui n\u2019en avaient plus rien \u00e0 faire<br \/>\nde moi\u00a0\u00bb, confie-t-elle. Alors qu&rsquo;elle ne se sent plus \u00e0 sa<br \/>\nplace, <a href=\"https:\/\/www.closermag.fr\/people\/lorie-pester-elle-se-confie-sur-sa-maternite-et-sa-fille-nina-et-va-faire-des-jalouses-1248392\" target=\"_blank\" rel=\"noopener\"><br \/>\nla maman de Nina<\/a> d\u00e9cide de partir. En apprenant la nouvelle,<br \/>\nces derniers n&rsquo;ont pas \u00e9t\u00e9 tr\u00e8s tendres avec elle. Voir pas du<br \/>\ntout.<\/p>\n<p>Lorie r\u00e9v\u00e8le la raison de son absence<br \/>\npendant 10 ans<\/p>\n<p class=\"fig-paragraph\">\u00ab\u00a0Ils ont eu <strong>des mots tr\u00e8s<br \/>\nviolents<\/strong>. [&#8230;] Ils m\u2019ont dit : &lsquo;T\u2019es finie. Il<br \/>\nfaut que t\u2019arr\u00eates. Ce n\u2019est plus \u00e7a que les gens veulent entendre.<br \/>\nLaisse la place aux autres&#8230;'\u00a0\u00bb,\u00a0a-t-elle r\u00e9v\u00e9l\u00e9, avant<br \/>\nd&rsquo;ajouter : \u00ab\u00a0Je me souviens qu\u2019ils avaient \u00e9t\u00e9 tellement<br \/>\nm\u00e9chants que je me suis mise \u00e0 pleurer\u00a0\u00bb.\u00a0Elle arr\u00eate de<br \/>\nchanter pendant 10 ans, parce qu&rsquo;elle a \u00ab\u00a0perdu confiance en<br \/>\nelle\u00a0\u00bb \u00e0 cause d&rsquo;eux. \u00ab\u00a0J\u2019ai vraiment cru que les gens<br \/>\nn\u2019avaient plus envie de me voir\u00a0\u00bb,\u00a0avoue-t-elle.<\/p>\n<p>Pourtant, dix ans plus tard, son public est toujours l\u00e0. Ses<br \/>\nfans n&rsquo;attendaient qu&rsquo;une seule chose : l<strong>a revoir sur<br \/>\nsc\u00e8ne.<\/strong> Et c&rsquo;est bient\u00f4t pr\u00e9vu, avec une tourn\u00e9e de pr\u00e9vue<br \/>\net des dates de concerts qui se sont vendus en \u00ab\u00a0quelques<br \/>\nminutes\u00a0\u00bb \u00e0 peine. \u00ab\u00a0C\u2019est \u00e9norme. Le public de l\u2019\u00e9poque a<br \/>\ngrandi, c\u2019est tr\u00e8s nostalgique et rigolo\u00a0\u00bb,\u00a0a-t-elle<br \/>\nd\u00e9clar\u00e9 dans une interview accord\u00e9e \u00e0 T\u00e9l\u00e9 Star.\u00a0<\/p>\n","protected":false},"excerpt":{"rendered":"Au soleil, Sur un air latino, Je serai&#8230; Toutes ces musiques qui ont berc\u00e9 notre enfance viennent d&rsquo;une&hellip;\n","protected":false},"author":2,"featured_media":111272,"comment_status":"","ping_status":"","sticky":false,"template":"","format":"standard","meta":{"footnotes":""},"categories":[1355],"tags":[548,58,59,1011,27,22819,1361,873],"class_list":{"0":"post-111271","1":"post","2":"type-post","3":"status-publish","4":"format-standard","5":"has-post-thumbnail","7":"category-musique","8":"tag-article-simple","9":"tag-divertissement","10":"tag-entertainment","11":"tag-fr","12":"tag-france","13":"tag-lorie-pester","14":"tag-music","15":"tag-musique"},"share_on_mastodon":{"url":"https:\/\/pubeurope.com\/@fr\/114533518821671261","error":""},"_links":{"self":[{"href":"https:\/\/www.europesays.com\/fr\/wp-json\/wp\/v2\/posts\/111271","targetHints":{"allow":["GET"]}}],"collection":[{"href":"https:\/\/www.europesays.com\/fr\/wp-json\/wp\/v2\/posts"}],"about":[{"href":"https:\/\/www.europesays.com\/fr\/wp-json\/wp\/v2\/types\/post"}],"author":[{"embeddable":true,"href":"https:\/\/www.europesays.com\/fr\/wp-json\/wp\/v2\/users\/2"}],"replies":[{"embeddable":true,"href":"https:\/\/www.europesays.com\/fr\/wp-json\/wp\/v2\/comments?post=111271"}],"version-history":[{"count":0,"href":"https:\/\/www.europesays.com\/fr\/wp-json\/wp\/v2\/posts\/111271\/revisions"}],"wp:featuredmedia":[{"embeddable":true,"href":"https:\/\/www.europesays.com\/fr\/wp-json\/wp\/v2\/media\/111272"}],"wp:attachment":[{"href":"https:\/\/www.europesays.com\/fr\/wp-json\/wp\/v2\/media?parent=111271"}],"wp:term":[{"taxonomy":"category","embeddable":true,"href":"https:\/\/www.europesays.com\/fr\/wp-json\/wp\/v2\/categories?post=111271"},{"taxonomy":"post_tag","embeddable":true,"href":"https:\/\/www.europesays.com\/fr\/wp-json\/wp\/v2\/tags?post=111271"}],"curies":[{"name":"wp","href":"https:\/\/api.w.org\/{rel}","templated":true}]}}