{"id":111275,"date":"2025-05-19T08:20:09","date_gmt":"2025-05-19T08:20:09","guid":{"rendered":"https:\/\/www.europesays.com\/fr\/111275\/"},"modified":"2025-05-19T08:20:09","modified_gmt":"2025-05-19T08:20:09","slug":"le-chikungunya-sexporte-lepidemie-se-propage-en-france-hexagonale","status":"publish","type":"post","link":"https:\/\/www.europesays.com\/fr\/111275\/","title":{"rendered":"Le chikungunya s\u2019exporte\u00a0: l\u2019\u00e9pid\u00e9mie se propage en France hexagonale"},"content":{"rendered":"<p>Avec l\u2019arriv\u00e9e de l\u2019\u00e9t\u00e9 en France hexagonale, les autorit\u00e9s sanitaires s\u2019attendent \u00e0 une intensification de l\u2019\u00e9pid\u00e9mie de chikungunya dans les prochaines semaines. De nombreux cas ont \u00e9t\u00e9 import\u00e9s via des voyageurs contamin\u00e9s, et les conditions m\u00e9t\u00e9orologiques actuelles favorisent la propagation du virus. Cette tendance est \u00e9galement observ\u00e9e \u00e0 Mayotte, o\u00f9 la situation devient pr\u00e9occupante. L\u2019Agence R\u00e9gionale de Sant\u00e9 (ARS) a d\u00e9cid\u00e9 d\u2019activer un niveau suppl\u00e9mentaire du plan d\u2019alerte pour mieux contr\u00f4ler la circulation du virus.<\/p>\n<p>En France hexagonale, l\u2019arriv\u00e9e de la chaleur et de l\u2019humidit\u00e9 favorise la prolif\u00e9ration des moustiques, responsables de la transmission du virus. Depuis le d\u00e9but de l\u2019ann\u00e9e, plus de 900 cas de chikungunya ont \u00e9t\u00e9 import\u00e9s en France m\u00e9tropolitaine, et chaque nouveau cas repr\u00e9sente un risque de transmission locale. Le virus, pr\u00e9sent en France depuis 2004, a progressivement colonis\u00e9 le littoral m\u00e9diterran\u00e9en avant de s\u2019\u00e9tendre vers le nord. Cl\u00e9mentine Calba, \u00e9pid\u00e9miologiste \u00e0 Sant\u00e9 publique France, d\u00e9clare\u00a0: \u00ab\u00a0Nous avons observ\u00e9 une forte acc\u00e9l\u00e9ration des transmissions locales du chikungunya et de la dengue entre 2022 et 2024. Nous identifions de plus en plus de cas import\u00e9s, mais aussi de plus en plus de cas transmis localement, ce qui aggrave le risque de propagation.\u00a0\u00bb<\/p>\n<p>\u00c0 Mayotte, qui b\u00e9n\u00e9ficie d\u2019un climat plus chaud et stable toute l\u2019ann\u00e9e, les conditions sont particuli\u00e8rement propices \u00e0 la propagation du chikungunya. L\u00e0-bas, l\u2019Agence R\u00e9gionale de Sant\u00e9 a activ\u00e9 le niveau 2B du plan de vigilance, en raison d\u2019une circulation du virus de plus en plus pr\u00e9occupante. Xavier de Paris, Directeur de la veille et s\u00e9curit\u00e9 sanitaire \u00e0 l\u2019ARS de La R\u00e9union, explique\u00a0: \u00ab\u00a0Malheureusement, Mayotte ne conna\u00eet pas d\u2019hiver austral comme \u00e0 La R\u00e9union, et son climat reste favorable \u00e0 la propagation des moustiques. Il est donc difficile pour l\u2019\u00eele d\u2019\u00e9chapper \u00e0 une \u00e9pid\u00e9mie.\u00a0\u00bb Depuis le premier cas d\u00e9tect\u00e9 en provenance de La R\u00e9union, l\u2019archipel a d\u00e9j\u00e0 enregistr\u00e9 176 cas, dont 7 n\u00e9cessitant une hospitalisation. Pour l\u2019instant, aucune personne n\u2019a \u00e9t\u00e9 admise en r\u00e9animation et aucun d\u00e9c\u00e8s n\u2019a \u00e9t\u00e9 signal\u00e9, mais les autorit\u00e9s s\u2019attendent \u00e0 une aggravation de la situation dans les semaines \u00e0 venir.<\/p>\n<p>\u00c0 la R\u00e9union, plus de 33 000 cas de chikungunya ont d\u00e9j\u00e0 \u00e9t\u00e9 confirm\u00e9s depuis le d\u00e9but de l\u2019ann\u00e9e, selon les donn\u00e9es de Sant\u00e9 publique France. Face \u00e0 cette situation, les autorit\u00e9s appellent \u00e0 une vigilance accrue et rappellent l\u2019importance de respecter les gestes pour se prot\u00e9ger contre les moustiques.<\/p>\n","protected":false},"excerpt":{"rendered":"Avec l\u2019arriv\u00e9e de l\u2019\u00e9t\u00e9 en France hexagonale, les autorit\u00e9s sanitaires s\u2019attendent \u00e0 une intensification de l\u2019\u00e9pid\u00e9mie de chikungunya&hellip;\n","protected":false},"author":2,"featured_media":111276,"comment_status":"","ping_status":"","sticky":false,"template":"","format":"standard","meta":{"footnotes":""},"categories":[10],"tags":[47,6443,1011,27,72,6335,1922,6336,7224,71,104],"class_list":{"0":"post-111275","1":"post","2":"type-post","3":"status-publish","4":"format-standard","5":"has-post-thumbnail","7":"category-sante","8":"tag-actualite","9":"tag-chikungunya","10":"tag-fr","11":"tag-france","12":"tag-health","13":"tag-home-page","14":"tag-info","15":"tag-la-reunion","16":"tag-newsletter-soir","17":"tag-sante","18":"tag-societe"},"share_on_mastodon":{"url":"https:\/\/pubeurope.com\/@fr\/114533526652962513","error":""},"_links":{"self":[{"href":"https:\/\/www.europesays.com\/fr\/wp-json\/wp\/v2\/posts\/111275","targetHints":{"allow":["GET"]}}],"collection":[{"href":"https:\/\/www.europesays.com\/fr\/wp-json\/wp\/v2\/posts"}],"about":[{"href":"https:\/\/www.europesays.com\/fr\/wp-json\/wp\/v2\/types\/post"}],"author":[{"embeddable":true,"href":"https:\/\/www.europesays.com\/fr\/wp-json\/wp\/v2\/users\/2"}],"replies":[{"embeddable":true,"href":"https:\/\/www.europesays.com\/fr\/wp-json\/wp\/v2\/comments?post=111275"}],"version-history":[{"count":0,"href":"https:\/\/www.europesays.com\/fr\/wp-json\/wp\/v2\/posts\/111275\/revisions"}],"wp:featuredmedia":[{"embeddable":true,"href":"https:\/\/www.europesays.com\/fr\/wp-json\/wp\/v2\/media\/111276"}],"wp:attachment":[{"href":"https:\/\/www.europesays.com\/fr\/wp-json\/wp\/v2\/media?parent=111275"}],"wp:term":[{"taxonomy":"category","embeddable":true,"href":"https:\/\/www.europesays.com\/fr\/wp-json\/wp\/v2\/categories?post=111275"},{"taxonomy":"post_tag","embeddable":true,"href":"https:\/\/www.europesays.com\/fr\/wp-json\/wp\/v2\/tags?post=111275"}],"curies":[{"name":"wp","href":"https:\/\/api.w.org\/{rel}","templated":true}]}}