{"id":111277,"date":"2025-05-19T08:21:12","date_gmt":"2025-05-19T08:21:12","guid":{"rendered":"https:\/\/www.europesays.com\/fr\/111277\/"},"modified":"2025-05-19T08:21:12","modified_gmt":"2025-05-19T08:21:12","slug":"si-je-fais-quelque-chose-cest-pour-gagner","status":"publish","type":"post","link":"https:\/\/www.europesays.com\/fr\/111277\/","title":{"rendered":"\u00abSi je fais quelque chose, c\u2019est pour gagner\u00bb"},"content":{"rendered":"<p>Alors qu\u2019il est invit\u00e9 du sommet \u00abChoose France\u00bb, le champion de judo a d\u00e9clar\u00e9 ce lundi sur CNews\/Europe1 que \u00absi demain je m\u2019engage dans la politique, ce ne sera pas pour \u00eatre ministre des sports mais pour \u00eatre pr\u00e9sident de la R\u00e9publique\u00bb.<\/p>\n<p class=\"fig-paragraph\">Ce lundi, le Teddy Riner \u00abl\u00e9gende du judo mondial\u00bb laissera, en partie, la place au Teddy Riner \u00abinvestisseur\u00bb \u00e0 l\u2019occasion de la 8e \u00e9dition de \u00abChoose France\u00bb, un sommet destin\u00e9 \u00e0 promouvoir la France aupr\u00e8s de deux cents grands patrons du monde entier. Aux c\u00f4t\u00e9s du pr\u00e9sident de la R\u00e9publique Emmanuel Macron, ma\u00eetre d\u2019\u0153uvre de cet \u00e9v\u00e9nement qui se d\u00e9roulera au Ch\u00e2teau de Versailles et qui devrait accueillir plus de 200 investisseurs \u00e9trangers avec l\u2019ambition d\u2019atteindre \u00abplus d\u2019une cinquantaine d\u2019annonces\u00bb pour un total de plus de 20 milliards d\u2019euros, le quintuple champion olympique succ\u00e9dera \u00e0 un certain Tony Estanguet, qui avait offici\u00e9 dans le m\u00eame r\u00f4le il y a un an, \u00e0 quelques mois de la c\u00e9r\u00e9monie d\u2019ouverture des JO 2024.<\/p>\n<p class=\"fig-paragraph\">Un choix logique selon le judoka, qui \u00e9tait l\u2019invit\u00e9 ce lundi matin de BFM TV. \u00abCela fait des ann\u00e9es que j\u2019investis dans des soci\u00e9t\u00e9s fran\u00e7aises et nous avons besoin d\u2019un tel \u00e9v\u00e9nement. Il y a un mod\u00e8le qui s\u2019offre \u00e0 nous, que ce soit en gastronomie, dans le sport, dans le domaine de l\u2019intelligence artificielle ou de la tech, nous sommes l\u2019une des meilleures nations mondiales. Et je veux dire aujourd\u2019hui \u00e0 tous ces investisseurs qui viennent nous rendre visite qu\u2019en France, nous sommes pr\u00eats, nous sommes bons dans \u00e9norm\u00e9ment de secteurs. Je veux leur donner confiance et j\u2019estime qu\u2019aujourd\u2019hui, nous en avons besoin. La jeunesse est demandeuse de cela.\u00bb<\/p>\n<p class=\"fig-paragraph\">Et Teddy Riner de poursuivre, d\u00e9j\u00e0 en mode comp\u00e9titeur et s\u00e9ducteur\u00a0: \u00abJe suis entrepreneur depuis que j\u2019ai l\u2019\u00e2ge de 18 ans. Quand vous \u00eates sportif de haut niveau, vous partez d\u2019une id\u00e9e, d\u2019un projet qui consiste \u00e0 devenir un champion. M\u00eame si moi, je pr\u00e9f\u00e8re dire que je voulais tout gagner. Et cela passe par croire en soi et penser \u00e0 l\u2019avenir. Du coup, j\u2019ai voulu investir aussi dans des fleurons de l\u2019industrie fran\u00e7aise, dans des soci\u00e9t\u00e9s auxquelles je crois. Tout ne va pas si mal lorsque nous faisons un \u00e9tat des lieux. On constate qu\u2019on nous pique beaucoup de talent et il faut faire en sorte que toute cette jeunesse brillante reste en France pour qu\u2019on continue de grandir ensemble. Il faut leur d\u00e9montrer qu\u2019on peut gagner ensemble (\u2026) Je crois totalement en la magie de la France, en notre triple A. Si je n\u2019avais pas b\u00e9n\u00e9fici\u00e9 de la qualit\u00e9 de nos infrastructures, je n\u2019aurais pas r\u00e9ussi la carri\u00e8re que j\u2019ai faite. Et aujourd\u2019hui, je veux rendre \u00e0 la France ce qu\u2019elle m\u2019a donn\u00e9.\u00bb<\/p>\n<blockquote class=\"fig-quote&#10;    \">\n<p class=\"fig-quote__text\">Personne ne me corrige&#8230;<\/p>\n<p>            Teddy Riner\n    <\/p><\/blockquote>\n<p class=\"fig-paragraph\">Du c\u00f4t\u00e9 de l\u2019\u00c9lys\u00e9e, la personnalit\u00e9 et l\u2019aura de Teddy Riner avaient tout pour plaire, d\u2019autant plus qu\u2019aux yeux d\u2019Emmanuel Macron lui-m\u00eame, de nombreux ponts existent entre le monde du sport et celui de l\u2019\u00e9conomie, de l\u2019entrepreneuriat. D\u2019o\u00f9 la carte blanche qui lui a \u00e9t\u00e9 donn\u00e9e ce lundi, dont sourit Teddy Riner lorsqu\u2019il lui est demand\u00e9 si sa prise de parole avait fait l\u2019objet de quelques corrections. \u00ab Personne ne me corrige\u00bb, a-t-il l\u00e2ch\u00e9 dans un sourire. Avant d\u2019\u00e9voquer son \u00e9ventuelle envie de s\u2019engager plus en avant dans le monde de la politique \u00e0 l\u2019issue de sa carri\u00e8re de sportif de haut niveau, qui devrait prendre fin en 2029, apr\u00e8s une derni\u00e8re croisade olympique \u00e0 Los Angeles un an auparavant.<\/p>\n<p class=\"fig-paragraph\">\u00abJe ne ferme aucune porte\u00bb, confie-t-il, comme il l\u2019avait fait au Figaro en mars\u00a0<a href=\"http:\/\/www.lefigaro.fr\/sports\/jeux-olympiques\/teddy-riner-au-figaro-le-sport-n-est-jamais-respecte-en-france-20250304\" data-fig-type=\"Article\" data-gtm-custom-categorie=\"navigation\" data-gtm-custom-action=\"crossclick\" data-gtm-custom-label=\"Contextuel\" data-gtm-event=\"customEventSPE\" data-fig-domain=\"LEFIGARO\" target=\"_blank\" rel=\"noopener\">dans un entretien o\u00f9 il \u00e9voquait la premi\u00e8re \u00e9dition de la Riner Cup<\/a>\u00a0qu\u2019il a organis\u00e9e d\u00e9but avril \u00e0 Levallois. \u00abJe suis un \u00e9picurien, ce qui signifie que si demain je m\u2019engage dans une cause, je le ferai bien. Pour l\u2019instant, je suis judoka. Mais souvent, c\u2019est vrai, on me dit qu\u2019on me verrait bien un jour dans le costume de ministre des Sports. Mais pourquoi devrait-on r\u00e9duire le sportif que je suis \u00e0 ce seul domaine\u00a0? Je vais vous dire, si demain je m\u2019engage dans la politique, ce ne sera pas pour \u00eatre ministre des sports mais pour \u00eatre pr\u00e9sident de la R\u00e9publique. Quand je fais quelque chose, c\u2019est pour gagner et \u00eatre une locomotive.\u00bb<\/p>\n","protected":false},"excerpt":{"rendered":"Alors qu\u2019il est invit\u00e9 du sommet \u00abChoose France\u00bb, le champion de judo a d\u00e9clar\u00e9 ce lundi sur CNews\/Europe1&hellip;\n","protected":false},"author":2,"featured_media":111278,"comment_status":"","ping_status":"","sticky":false,"template":"","format":"standard","meta":{"footnotes":""},"categories":[9],"tags":[2466,2465,2464,1977,1981,451,207,2468,63,1454,1011,27,66,447,2467,1457,2182,1980,479,2259,60,23046,1467],"class_list":{"0":"post-111277","1":"post","2":"type-post","3":"status-publish","4":"format-standard","5":"has-post-thumbnail","7":"category-sports","8":"tag-2466","9":"tag-actu-sport","10":"tag-actualite-sportive","11":"tag-auto","12":"tag-classement","13":"tag-coupe-du-monde","14":"tag-cyclisme","15":"tag-euro-foot","16":"tag-football","17":"tag-formule-1","18":"tag-fr","19":"tag-france","20":"tag-ligue-1","21":"tag-ligue-des-champions","22":"tag-live-sport","23":"tag-moto","24":"tag-nba","25":"tag-resultats","26":"tag-rugby","27":"tag-score","28":"tag-sports","29":"tag-teddy-riner","30":"tag-tennis"},"share_on_mastodon":{"url":"https:\/\/pubeurope.com\/@fr\/114533530810775952","error":""},"_links":{"self":[{"href":"https:\/\/www.europesays.com\/fr\/wp-json\/wp\/v2\/posts\/111277","targetHints":{"allow":["GET"]}}],"collection":[{"href":"https:\/\/www.europesays.com\/fr\/wp-json\/wp\/v2\/posts"}],"about":[{"href":"https:\/\/www.europesays.com\/fr\/wp-json\/wp\/v2\/types\/post"}],"author":[{"embeddable":true,"href":"https:\/\/www.europesays.com\/fr\/wp-json\/wp\/v2\/users\/2"}],"replies":[{"embeddable":true,"href":"https:\/\/www.europesays.com\/fr\/wp-json\/wp\/v2\/comments?post=111277"}],"version-history":[{"count":0,"href":"https:\/\/www.europesays.com\/fr\/wp-json\/wp\/v2\/posts\/111277\/revisions"}],"wp:featuredmedia":[{"embeddable":true,"href":"https:\/\/www.europesays.com\/fr\/wp-json\/wp\/v2\/media\/111278"}],"wp:attachment":[{"href":"https:\/\/www.europesays.com\/fr\/wp-json\/wp\/v2\/media?parent=111277"}],"wp:term":[{"taxonomy":"category","embeddable":true,"href":"https:\/\/www.europesays.com\/fr\/wp-json\/wp\/v2\/categories?post=111277"},{"taxonomy":"post_tag","embeddable":true,"href":"https:\/\/www.europesays.com\/fr\/wp-json\/wp\/v2\/tags?post=111277"}],"curies":[{"name":"wp","href":"https:\/\/api.w.org\/{rel}","templated":true}]}}