{"id":111281,"date":"2025-05-19T08:23:14","date_gmt":"2025-05-19T08:23:14","guid":{"rendered":"https:\/\/www.europesays.com\/fr\/111281\/"},"modified":"2025-05-19T08:23:14","modified_gmt":"2025-05-19T08:23:14","slug":"le-successeur-spirituel-de-la-gamme-iphone-se-liphone-16e-equipe-dun-ecran-oled-hdr-dolby-vision-est-130-e-moins-cher","status":"publish","type":"post","link":"https:\/\/www.europesays.com\/fr\/111281\/","title":{"rendered":"Le successeur spirituel de la gamme iPhone SE, l&rsquo;iPhone 16e \u00e9quip\u00e9 d&rsquo;un \u00e9cran OLED HDR Dolby Vision, est 130 \u20ac moins cher"},"content":{"rendered":"<p>L\u2019iPhone 16e est une r\u00e9utilisation d\u2019un ancien design d\u2019iPhone, avec une nouvelle puce et un prix plus attractif, surtout quand il est en promo \u00e0 589,99 euros comme aujourd\u2019hui, et seulement aujourd\u2019hui, sur Rakuten.<\/p>\n<p><a href=\"https:\/\/images.frandroid.com\/wp-content\/uploads\/2025\/03\/apple-iphone-16e-test-design-illustration-5-scaled.jpg\" target=\"_blank\" class=\"article-content__figure\" rel=\"noopener\"><img fetchpriority=\"high\" decoding=\"async\" loading=\"eager\" width=\"1200\" height=\"802\" src=\"https:\/\/www.europesays.com\/fr\/wp-content\/uploads\/2025\/05\/apple-iphone-16e-test-design-illustration-5-scaled.jpg\" alt=\"\" class=\"wp-image-2539837 wp-image wp-image\"  \/><\/a>Source : Robin Wycke \u2013 Frandroid<\/p>\n<p>L\u2019iPhone 16e est disponible sur le march\u00e9 depuis le 28 f\u00e9vrier 2025 et vient se placer sur un segment plut\u00f4t appr\u00e9ci\u00e9 chez Apple : celui des <a href=\"https:\/\/www.frandroid.com\/guide-dachat\/smartphones\/705312_meilleur-iphone\" target=\"_blank\" rel=\"noreferrer noopener\">iPhone SE<\/a>. Si vous ne les connaissez pas, il s\u2019agit de smartphone qui sortent \u00e0 mi-chemin entre deux g\u00e9n\u00e9rations, en proposant un tarif plus abordable contre quelques compromis techniques, mais aussi des nouveaut\u00e9s. Les SE \u00e9tant un peu vieillissants, <a href=\"https:\/\/www.frandroid.com\/produits\/apple\" target=\"_blank\" rel=\"noreferrer noopener\">Apple<\/a> se renouvelle avec cet iPhone 16e en changeant un peu la formule, puisque son prix de d\u00e9part \u00e9tait plus \u00e9lev\u00e9 : mais heureusement qu\u2019<a href=\"https:\/\/shop.frandroid.com\/rpx4txdj\" target=\"_blank\" rel=\"noreferrer noopener affiliate nofollow\" data-gtm=\"{&quot;event&quot;:&quot;afficlic&quot;,&quot;nom_marchand&quot;:&quot;rakuten&quot;,&quot;nom_produit&quot;:&quot;inconnu&quot;,&quot;categorie_produit&quot;:&quot;inconnu&quot;,&quot;module_produit&quot;:&quot;editolink&quot;,&quot;position_marchand&quot;:0,&quot;texte&quot;:&quot;on-peut-economiser-18&quot;,&quot;offer_url&quot;:&quot;https:\/\/shop.frandroid.com\/rpx4txdj&quot;,&quot;zone&quot;:&quot;contenu-page&quot;}\">on peut \u00e9conomiser 18 %<\/a> aujourd\u2019hui.<\/p>\n<p>Les points forts de l\u2019iPhone 16e<\/p>\n<ul class=\"wp-block-list\">\n<li>La qualit\u00e9 de son \u00e9cran, une dalle Oled HDR Dolby Vision<\/li>\n<li>Un vrai progr\u00e8s sur l\u2019autonomie<\/li>\n<li>Une autonomie qui passe la journ\u00e9e facilement<\/li>\n<\/ul>\n<p>Commercialis\u00e9 \u00e0 719 euros, l\u2019iPhone 16e b\u00e9n\u00e9ficie d\u2019une sacr\u00e9e r\u00e9duction sur Rakuten aujourd\u2019hui avec le code <strong>RAKUTEN10<\/strong> puisqu\u2019<a href=\"https:\/\/shop.frandroid.com\/rpx4txdj\" target=\"_blank\" rel=\"noreferrer noopener affiliate nofollow\" data-gtm=\"{&quot;event&quot;:&quot;afficlic&quot;,&quot;nom_marchand&quot;:&quot;rakuten&quot;,&quot;nom_produit&quot;:&quot;inconnu&quot;,&quot;categorie_produit&quot;:&quot;inconnu&quot;,&quot;module_produit&quot;:&quot;editolink&quot;,&quot;position_marchand&quot;:0,&quot;texte&quot;:&quot;il-passe-a-589-99-euros&quot;,&quot;offer_url&quot;:&quot;https:\/\/shop.frandroid.com\/rpx4txdj&quot;,&quot;zone&quot;:&quot;contenu-page&quot;}\">il passe \u00e0 589,99 euros<\/a>, un prix plus en ad\u00e9quation avec la gamme SE.<\/p>\n<p>Si, par la suite, l\u2019offre mentionn\u00e9e dans cet article n\u2019est plus disponible, merci de jeter un coup d\u2019\u0153il ci-dessous afin de d\u00e9nicher d\u2019autres offres concernant l\u2019iPhone 16e. Le tableau s\u2019actualise automatiquement. <\/p>\n<p>Un design soign\u00e9 et quelques compromis visibles<\/p>\n<p>            <img decoding=\"async\" width=\"1200\" height=\"446\" loading=\"lazy\" alt=\"Box Huawei Fit 4 2\" title=\"Box Huawei Fit 4 2\" class=\"is-radiusless placeholder-default wp-image\" src=\"https:\/\/www.europesays.com\/fr\/wp-content\/uploads\/2025\/05\/box-huawei-fit-4-2-1200x446.jpg\" \/>        <\/p>\n<p>\n                D\u00e9passez l\u2019ordinaire : la HUAWEI WATCH FIT 4 Pro est con\u00e7ue pour relever tous les d\u00e9fis            <\/p>\n<p class=\"has-text-weight-medium is-size-6 is-line-height-normal\">\n                Cette montre ultra-fine et l\u00e9g\u00e8re en titane et verre saphir permet une analyse professionnelle des sports d\u2019ext\u00e9rieurs : cartes de golf int\u00e9gr\u00e9es, suivi d\u2019itin\u00e9raires pour les sports nautiques, cartes de contour hors ligne pour le trail\u2026 Le tout jusqu\u2019\u00e0 10 jours d\u2019autonomie.            <\/p>\n<p>L\u2019iPhone 16e ne manque pas de charme, c\u2019est ind\u00e9niable, surtout si vous aimez la marque. Son design combine un ch\u00e2ssis en aluminium et un dos en verre agr\u00e9able en main. Malgr\u00e9 l\u2019encoche toujours pr\u00e9sente, on reste quand m\u00eame sur un feeling premium. L\u2019\u00e9cran OLED de 6,1 pouces, certifi\u00e9 Dolby Vision, affiche des couleurs tr\u00e8s bien calibr\u00e9es, id\u00e9al pour la vid\u00e9o. En revanche, Apple maintient une fr\u00e9quence de rafra\u00eechissement \u00e0 60 Hz seulement, ce qui fait t\u00e2che en 2025, notamment \u00e0 ce tarif.<\/p>\n<p>Sous le capot, la puce A18 assure c\u00f4t\u00e9 fluidit\u00e9 dans les jeux et les t\u00e2ches gourmandes. L\u2019autonomie est en hausse avec l\u2019efficacit\u00e9 \u00e9nerg\u00e9tique du nouveau modem C1. Il permet une journ\u00e9e compl\u00e8te d\u2019usage sans stress, mais la recharge reste lente malgr\u00e9 l\u2019USB-C, et l\u2019absence de MagSafe surprend pour un produit Apple r\u00e9cent. Bon point tout de m\u00eame : Apple promet au moins cinq ans de mises \u00e0 jour logicielles.<\/p>\n<p>Un iPhone efficace qui parle aux fans de la marque<\/p>\n<p>La photo constitue l\u2019un des principaux sacrifices de cet iPhone 16e. Un seul capteur de 48 Mpx couvre l\u2019ensemble des usages, avec des r\u00e9sultats solides, mais sans zoom ni ultra grand-angle. On perd en polyvalence par rapport \u00e0 la concurrence Android dans la m\u00eame gamme de prix, qui propose souvent trois objectifs au minimum. Pour les amateurs de photographie mobile, il vaut mieux regarder ailleurs. \u00c0 noter que le mode portrait utilise d\u00e9sormais l\u2019intelligence artificielle pour simuler un flou plus naturel.<\/p>\n<p>C\u00f4t\u00e9 connectivit\u00e9, l\u2019iPhone 16e embarque le Wi-Fi 6 (ax), la 5G et du Bluetooth 5.3. Un petit regret sur l\u2019absence de puce Ultra Wideband qui permet de localiser les <a href=\"https:\/\/www.frandroid.com\/marques\/apple\/1487582_test-apple-airpods-pro-2\" target=\"_blank\" rel=\"noreferrer noopener\">AirPods<\/a> ou les <a href=\"https:\/\/www.frandroid.com\/marques\/926345_test-apple-airtags-balise-geolocalisation-ultra-wideband-uwb\" target=\"_blank\" rel=\"noreferrer noopener\">Airtags<\/a>. Le smartphone reste d\u00e9pourvu de lecteur d\u2019empreintes, misant tout sur Face ID. Il int\u00e8gre 128 Go de stockage en version de base, sans extension possible, et toujours pas de port jack.<\/p>\n<p>Vous pouvez en apprendre plus sur l\u2019iPhone 16e et voir s\u2019il est fait pour vous en consultant <a href=\"https:\/\/www.frandroid.com\/marques\/apple\/2536883_test-de-liphone-16e-jaurais-adore-ladorer\" target=\"_blank\" rel=\"noreferrer noopener\">notre test complet de l\u2019appareil<\/a>.<\/p>\n<p>Vous avez aussi notre guide d\u2019achat sur <a href=\"https:\/\/www.frandroid.com\/guide-dachat\/smartphones\/332196_10-smartphones-attendus-debut-2016\" target=\"_blank\" rel=\"noreferrer noopener\">les meilleurs smartphones  du moment<\/a> pour vous aider \u00e0 trouver votre futur t\u00e9l\u00e9phone.<\/p>\n","protected":false},"excerpt":{"rendered":"L\u2019iPhone 16e est une r\u00e9utilisation d\u2019un ancien design d\u2019iPhone, avec une nouvelle puce et un prix plus attractif,&hellip;\n","protected":false},"author":2,"featured_media":111282,"comment_status":"","ping_status":"","sticky":false,"template":"","format":"standard","meta":{"footnotes":""},"categories":[7],"tags":[11891,13052,1011,27,43,40,41,39,42,44],"class_list":{"0":"post-111281","1":"post","2":"type-post","3":"status-publish","4":"format-standard","5":"has-post-thumbnail","7":"category-sciences-et-technologies","8":"tag-apple-iphone-16e-se-4","9":"tag-bons-plans-rakuten","10":"tag-fr","11":"tag-france","12":"tag-science","13":"tag-science-and-technology","14":"tag-sciences","15":"tag-sciences-et-technologies","16":"tag-technologies","17":"tag-technology"},"share_on_mastodon":{"url":"https:\/\/pubeurope.com\/@fr\/114533538525436327","error":""},"_links":{"self":[{"href":"https:\/\/www.europesays.com\/fr\/wp-json\/wp\/v2\/posts\/111281","targetHints":{"allow":["GET"]}}],"collection":[{"href":"https:\/\/www.europesays.com\/fr\/wp-json\/wp\/v2\/posts"}],"about":[{"href":"https:\/\/www.europesays.com\/fr\/wp-json\/wp\/v2\/types\/post"}],"author":[{"embeddable":true,"href":"https:\/\/www.europesays.com\/fr\/wp-json\/wp\/v2\/users\/2"}],"replies":[{"embeddable":true,"href":"https:\/\/www.europesays.com\/fr\/wp-json\/wp\/v2\/comments?post=111281"}],"version-history":[{"count":0,"href":"https:\/\/www.europesays.com\/fr\/wp-json\/wp\/v2\/posts\/111281\/revisions"}],"wp:featuredmedia":[{"embeddable":true,"href":"https:\/\/www.europesays.com\/fr\/wp-json\/wp\/v2\/media\/111282"}],"wp:attachment":[{"href":"https:\/\/www.europesays.com\/fr\/wp-json\/wp\/v2\/media?parent=111281"}],"wp:term":[{"taxonomy":"category","embeddable":true,"href":"https:\/\/www.europesays.com\/fr\/wp-json\/wp\/v2\/categories?post=111281"},{"taxonomy":"post_tag","embeddable":true,"href":"https:\/\/www.europesays.com\/fr\/wp-json\/wp\/v2\/tags?post=111281"}],"curies":[{"name":"wp","href":"https:\/\/api.w.org\/{rel}","templated":true}]}}