{"id":111287,"date":"2025-05-19T08:26:08","date_gmt":"2025-05-19T08:26:08","guid":{"rendered":"https:\/\/www.europesays.com\/fr\/111287\/"},"modified":"2025-05-19T08:26:08","modified_gmt":"2025-05-19T08:26:08","slug":"scandale-des-eaux-minerales-lenquete-senatoriale-deplore-une-strategie-deliberee-de-dissimulation-de-la-part-de-letat","status":"publish","type":"post","link":"https:\/\/www.europesays.com\/fr\/111287\/","title":{"rendered":"Scandale des eaux min\u00e9rales\u00a0: l\u2019enqu\u00eate s\u00e9natoriale d\u00e9plore une \u00ab\u00a0strat\u00e9gie d\u00e9lib\u00e9r\u00e9e\u00a0\u00bb de \u00ab\u00a0dissimulation\u00a0\u00bb de la part de l\u2019\u00c9tat"},"content":{"rendered":"<p class=\"paragraph text_align_left\"><a href=\"https:\/\/www.leparisien.fr\/societe\/sante\/scandale-des-eaux-minerales-traitees-risque-sanitaire-dans-une-usine-perrier-du-gard-16-12-2024-FB6TCBFLAJEKBJQDD43FTXLGOE.php\" target=\"_blank\" rel=\"noreferrer noopener\">L\u2019affaire des traitements illicites utilis\u00e9s pour certaines eaux min\u00e9rales<\/a>, r\u00e9v\u00e9l\u00e9e par <a href=\"https:\/\/www.leparisien.fr\/economie\/consommation\/perrier-contrex-hepar-tempete-dans-les-bouteilles-deau-nestle-26-04-2024-AX3RX3XMTZFYHJLAE5LIQ4BB5U.php\" target=\"_self\" rel=\"noopener\">la presse<\/a> d\u00e9but 2024, a fait l\u2019objet d\u2019une \u00ab\u00a0dissimulation par l\u2019\u00c9tat\u00a0\u00bb relevant \u00ab\u00a0d\u2019une strat\u00e9gie d\u00e9lib\u00e9r\u00e9e\u00a0\u00bb, estime la <a href=\"https:\/\/www.leparisien.fr\/environnement\/scandale-des-eaux-minerales-traitees-un-rapport-senatorial-charge-les-pouvoirs-publics-16-10-2024-QJATK6ZQTVCVVNKM55XSFHR77Q.php\" target=\"_self\" rel=\"noopener\">commission d\u2019enqu\u00eate s\u00e9natoriale<\/a> sur les pratiques des industriels de l\u2019eau en bouteille.<\/p>\n<p class=\"paragraph text_align_left\">\u00ab\u00a0Outre le manque de transparence de Nestl\u00e9 Waters, il faut souligner celui de l\u2019\u00c9tat, \u00e0 la fois vis-\u00e0-vis des autorit\u00e9s locales et europ\u00e9ennes et vis-\u00e0-vis des Fran\u00e7ais (\u2026) Cette dissimulation rel\u00e8ve d\u2019une strat\u00e9gie d\u00e9lib\u00e9r\u00e9e, abord\u00e9e d\u00e8s la premi\u00e8re r\u00e9union interminist\u00e9rielle sur les eaux min\u00e9rales naturelles le 14\u00a0octobre 2021. Pr\u00e8s de quatre ans apr\u00e8s, la transparence n\u2019est toujours pas faite\u00a0\u00bb, souligne le rapport de la commission, rendu public ce lundi en fin de matin\u00e9e apr\u00e8s six mois de travaux et plus de 70 auditions.<\/p>\n<p class=\"paragraph text_align_left\">Nestl\u00e9 Waters, dont la direction assure avoir d\u00e9couvert fin 2020 sur ses sites Perrier, H\u00e9par et Contrex l\u2019usage de traitements interdits pour de l\u2019eau min\u00e9rale, avait sollicit\u00e9 \u00e0 ce sujet mi-2021 l\u2019ex\u00e9cutif, d\u2019abord le gouvernement, puis l\u2019\u00c9lys\u00e9e. Le gouvernement a \u00e9t\u00e9 avis\u00e9 par Nestl\u00e9 en 2021 de son recours \u00e0 des traitements litigieux.<\/p>\n<p>\u00ab\u00a0Les \u00e9checs de l\u2019interminist\u00e9riel\u00a0\u00bb<\/p>\n<p class=\"paragraph text_align_left\">Dix-huit mois plus tard, un plan de transformation des sites \u00e9tait approuv\u00e9 par les pouvoirs publics, rempla\u00e7ant les traitements interdits par une microfiltration fine (avec un seuil de filtration inf\u00e9rieur \u00e0 0,8 micron) par ailleurs controvers\u00e9e car \u00e0 m\u00eame de priver l\u2019eau min\u00e9rale de ses caract\u00e9ristiques.<\/p>\n<p class=\"paragraph text_align_left\">\u00ab\u00a0Malgr\u00e9 la fraude aux consommateurs que repr\u00e9sente la d\u00e9sinfection de l\u2019eau, les autorit\u00e9s ne donnent pas de suites judiciaires \u00e0 ces r\u00e9v\u00e9lations\u00a0\u00bb de 2021, souligne le rapport.<\/p>\n<p class=\"paragraph text_align_left\">D\u2019autant qu\u2019il y a moins de deux semaines, la pr\u00e9fecture du Gard a <a href=\"https:\/\/www.leparisien.fr\/societe\/sante\/perrier-nestle-somme-de-retirer-son-systeme-de-microfiltration-lappellation-eau-minerale-naturelle-en-sursis-07-05-2025-BVLF5UQ6M5FNXB3JTONZVTC3D4.php\" target=\"_self\" rel=\"noopener\">somm\u00e9 la compagnie de \u00ab\u00a0retirer<\/a> dans un d\u00e9lai de deux mois\u00a0\u00bb son syst\u00e8me de microfiltration.<\/p>\n<p class=\"paragraph text_align_left\">Les s\u00e9nateurs d\u00e9plorent une \u00ab\u00a0inversion de la relation entre l\u2019\u00c9tat et les industriels en mati\u00e8re d\u2019\u00e9diction de la norme\u00a0\u00bb\u00a0: \u00ab\u00a0Nestl\u00e9 Waters adopte une attitude transactionnelle, posant explicitement l\u2019autorisation de la microfiltration \u00e0 0,2 micron comme condition \u00e0 l\u2019arr\u00eat de traitements pourtant ill\u00e9gaux\u00a0\u00bb.<\/p>\n<p class=\"paragraph text_align_left\">Le rapport bl\u00e2me \u00ab\u00a0les \u00e9checs de l\u2019interminist\u00e9riel\u00a0\u00bb, \u00ab\u00a0le travail en silo\u00a0\u00bb, les minist\u00e8res de la Consommation et de la Transition \u00e9cologique \u00e9cart\u00e9s\u2026<\/p>\n<p>28 recommandations<\/p>\n<p class=\"paragraph text_align_left\">\u00ab\u00a0En d\u00e9finitive, c\u2019est au plus haut niveau de l\u2019\u00c9tat que s\u2019est jou\u00e9e la d\u00e9cision d\u2019autoriser une microfiltration sous le seuil de 0,8 micron\u00a0\u00bb, au terme d\u2019une \u00ab\u00a0concertation interminist\u00e9rielle\u00a0\u00bb, \u00ab\u00a0dans la continuit\u00e9 des arbitrages pris par le cabinet de la Premi\u00e8re ministre, \u00c9lisabeth Borne, mais sans que celle-ci ne semble inform\u00e9e\u00a0\u00bb, note le rapport.<\/p>\n<p class=\"paragraph text_align_left\">\u00ab\u00a0De son c\u00f4t\u00e9, la pr\u00e9sidence de la R\u00e9publique, loin d\u2019\u00eatre une forteresse inexpugnable \u00e0 l\u2019\u00e9gard du lobbying de Nestl\u00e9, <a href=\"https:\/\/www.leparisien.fr\/politique\/fraude-aux-eaux-minerales-nestle-le-rapporteur-de-la-commission-denquete-veut-auditionner-du-cote-de-lelysee-04-02-2025-P72F4ULIWVHHJDFOBLEKROKVQM.php\" target=\"_self\" rel=\"noopener\">a suivi de pr\u00e8s le dossier<\/a>\u00a0\u00bb, ajoute la commission, qui se base sur \u00ab\u00a0des documents recueillis par ses soins\u00a0\u00bb\u00a0: elle \u00ab\u00a0savait, au moins depuis 2022, que Nestl\u00e9 <a href=\"https:\/\/www.leparisien.fr\/faits-divers\/eaux-minerales-alterees-deux-informations-judiciaires-ouvertes-a-paris-visant-nestle-et-sources-alma-13-02-2025-PSF5RERKLRFK7BAKG6NHRYY6RY.php\" target=\"_self\" rel=\"noopener\">trichait depuis des ann\u00e9es<\/a>\u00a0\u00bb.<\/p>\n<p class=\"paragraph text_align_left\">Parmi les cons\u00e9quences, l\u2019industriel a pu continuer \u00e0 commercialiser son eau sous l\u2019appellation \u2013 lucrative \u2014 d\u2019eau min\u00e9rale naturelle. Dans le m\u00eame temps, \u00e0 ce jour, il n\u2019y a pas \u00ab\u00a0de v\u00e9rifications exhaustives de l\u2019absence de traitements interdits sur tous les sites de production d\u2019eau conditionn\u00e9e\u00a0\u00bb, rel\u00e8ve le rapport.<\/p>\n<p class=\"paragraph text_align_left\">La commission, parmi 28 recommandations, pr\u00e9conise un suivi qualitatif des nappes, \u00ab\u00a0un contr\u00f4le effectif du niveau de pr\u00e9l\u00e8vement r\u00e9alis\u00e9 par les industriels min\u00e9raliers\u00a0\u00bb, un meilleur \u00e9tiquetage pour les consommateurs.<\/p>\n","protected":false},"excerpt":{"rendered":"L\u2019affaire des traitements illicites utilis\u00e9s pour certaines eaux min\u00e9rales, r\u00e9v\u00e9l\u00e9e par la presse d\u00e9but 2024, a fait l\u2019objet&hellip;\n","protected":false},"author":2,"featured_media":111288,"comment_status":"","ping_status":"","sticky":false,"template":"","format":"standard","meta":{"footnotes":""},"categories":[4],"tags":[11,1011,27,3746,12,25],"class_list":{"0":"post-111287","1":"post","2":"type-post","3":"status-publish","4":"format-standard","5":"has-post-thumbnail","7":"category-france","8":"tag-actualites","9":"tag-fr","10":"tag-france","11":"tag-futurs","12":"tag-news","13":"tag-republique-francaise"},"share_on_mastodon":{"url":"https:\/\/pubeurope.com\/@fr\/114533550259061295","error":""},"_links":{"self":[{"href":"https:\/\/www.europesays.com\/fr\/wp-json\/wp\/v2\/posts\/111287","targetHints":{"allow":["GET"]}}],"collection":[{"href":"https:\/\/www.europesays.com\/fr\/wp-json\/wp\/v2\/posts"}],"about":[{"href":"https:\/\/www.europesays.com\/fr\/wp-json\/wp\/v2\/types\/post"}],"author":[{"embeddable":true,"href":"https:\/\/www.europesays.com\/fr\/wp-json\/wp\/v2\/users\/2"}],"replies":[{"embeddable":true,"href":"https:\/\/www.europesays.com\/fr\/wp-json\/wp\/v2\/comments?post=111287"}],"version-history":[{"count":0,"href":"https:\/\/www.europesays.com\/fr\/wp-json\/wp\/v2\/posts\/111287\/revisions"}],"wp:featuredmedia":[{"embeddable":true,"href":"https:\/\/www.europesays.com\/fr\/wp-json\/wp\/v2\/media\/111288"}],"wp:attachment":[{"href":"https:\/\/www.europesays.com\/fr\/wp-json\/wp\/v2\/media?parent=111287"}],"wp:term":[{"taxonomy":"category","embeddable":true,"href":"https:\/\/www.europesays.com\/fr\/wp-json\/wp\/v2\/categories?post=111287"},{"taxonomy":"post_tag","embeddable":true,"href":"https:\/\/www.europesays.com\/fr\/wp-json\/wp\/v2\/tags?post=111287"}],"curies":[{"name":"wp","href":"https:\/\/api.w.org\/{rel}","templated":true}]}}