{"id":1112882,"date":"2026-08-07T04:48:19","date_gmt":"2026-08-07T04:48:19","guid":{"rendered":"https:\/\/www.europesays.com\/fr\/1112882\/"},"modified":"2026-08-07T04:48:19","modified_gmt":"2026-08-07T04:48:19","slug":"menacant-le-flnc-denonce-la-colonisation-galopante-de-la-corse-par-les-francais","status":"publish","type":"post","link":"https:\/\/www.europesays.com\/fr\/1112882\/","title":{"rendered":"Mena\u00e7ant, le FLNC d\u00e9nonce la \u00ab\u00a0colonisation galopante\u00a0\u00bb de la Corse par les Fran\u00e7ais"},"content":{"rendered":"<p>        <img decoding=\"async\" loading=\"lazy\" src=\"https:\/\/www.europesays.com\/fr\/wp-content\/uploads\/2026\/08\/0e656c8_upload-1-gu1qv1rzirum-afp-20240126-34gw9rn-v1-highres-francecorsicaflnc.jpg\"  width=\"728\" height=\"410\" alt=\"Des membres du Front de lib\u00e9ration nationale corse (FLNC), tiennent une conf\u00e9rence de presse dans un lieu tenu secret en Corse, en janvier 2024.\"\/>  <\/p>\n<p>PASCAL POCHARD-CASABIANCA \/ AFP<\/p>\n<p>Des membres du Front de lib\u00e9ration nationale corse (FLNC), tiennent une conf\u00e9rence de presse dans un lieu tenu secret en Corse, en janvier 2024.<\/p>\n<p class=\"asset asset-text\">Par la voix d\u2019hommes en armes, le groupuscule clandestin ind\u00e9pendantiste <a href=\"https:\/\/www.huffingtonpost.fr\/faits-divers\/article\/en-corse-le-flnc-revendique-la-vingtaine-d-explosions-ayant-cible-des-habitations-et-batiments-autour-d-ajaccio-clx1_224164.html\" rel=\"nofollow noopener\" target=\"_blank\">Front de lib\u00e9ration nationale corse<\/a> &#8211; Union des Combattants (FLNC-UC) a vivement rejet\u00e9<a href=\"https:\/\/www.huffingtonpost.fr\/politique\/article\/a-l-assemblee-ces-debats-semantiques-ont-eclairci-l-avenir-de-la-reforme-sur-l-autonomie-de-la-corse_271658.html\" rel=\"nofollow noopener\" target=\"_blank\"> le processus d\u2019autonomie<\/a> actuellement en discussion, mena\u00e7ant par la m\u00eame occasion\u00a0les Fran\u00e7ais venant s\u2019installer sur l\u2019\u00eele.<\/p>\n<p class=\"asset asset-text\">Lors de cette conf\u00e9rence de presse clandestine couverte mercredi 5\u00a0ao\u00fbt au soir par <a href=\"https:\/\/www.corsematin.com\/article\/societe\/43503672951984\/exclusif-le-flnc-denonce-la-mascarade-du-projet-dautonomie-de-la-corse-lors-dune-conference-de-presse-clandestine\" target=\"_blank\" rel=\"noopener nofollow\" title=\"Nouvelle fen\u00eatre\">Corse-Matin<\/a>, qui a \u00e9t\u00e9 le seul m\u00e9dia \u00e0 y participer, une quinzaine d\u2019individus cagoul\u00e9s et arm\u00e9s, dans un lieu tenu secret et \u00e0 une date non sp\u00e9cifi\u00e9e, ont qualifi\u00e9 le processus qui vise \u00e0 donner une autonomie \u00e0 la Corse dans la R\u00e9publique et qui a \u00e9t\u00e9 approuv\u00e9 le 23\u00a0juin par l\u2019Assembl\u00e9e nationale, de \u00ab\u00a0mascarade\u00a0\u00bb.<\/p>\n<p class=\"asset asset-text\">Ils s\u2019en sont violemment pris \u00e0 \u00ab\u00a0la colonisation de peuplement galopante\u00a0\u00bb repr\u00e9sent\u00e9e par \u00ab\u00a0l\u2019arriv\u00e9e massive de pr\u00e8s de 5\u00a0000\u00a0\u00e9trangers, dont une grande majorit\u00e9 de Fran\u00e7ais\u00a0\u00bb sur l\u2019\u00eele chaque ann\u00e9e, que ce soit pour y travailler ou du fait de l\u2019augmentation \u00ab\u00a0d\u00e9mentielle\u00a0\u00bb des r\u00e9sidences secondaires. Le tout, en d\u00e9non\u00e7ant \u00ab\u00a0l\u2019\u00c9tat fran\u00e7ais, qui a tout tent\u00e9 pour criminaliser le mouvement de lib\u00e9ration nationale\u00a0\u00bb.<\/p>\n<p>    Une enqu\u00eate ouverte par le parquet antiterroriste    <\/p>\n<p class=\"asset asset-text\">\u00ab\u00a0Collaborer \u00e0 la validation de textes constitutionnels r\u00e9affirmant (&#8230;) les principes qui favorisent et vont permettre d\u2019amplifier cette colonisation de peuplement est une grave faute politique\u00a0\u00bb, ont insist\u00e9 les membres du FLNC dans leur conf\u00e9rence de presse.<\/p>\n<p class=\"asset asset-text\">\u00ab\u00a0En attendant que nos droits nationaux soient reconnus et respect\u00e9s, nous n\u2019avons qu\u2019un message \u00e0 leur adresser\u00a0: restez chez vous\u00a0\u00bb, \u00ab\u00a0et dans le cas contraire, ne vous consid\u00e9rez pas en s\u00e9curit\u00e9 sur notre territoire national\u00a0\u00bb, menacent-ils en s\u2019adressant aux \u00ab\u00a0envahisseurs\u00a0\u00bb<\/p>\n<p class=\"asset asset-text\">Ces propos du FLNC ont rapidement fait r\u00e9agir le parquet antiterroriste, qui a affirm\u00e9 ce jeudi avoir ouvert une enqu\u00eate pr\u00e9liminaire pour \u00ab\u00a0association de malfaiteurs en vue de la pr\u00e9paration d\u2019actes de terrorisme\u00a0\u00bb.<\/p>\n<p class=\"asset asset-text\">Les investigations portent aussi sur \u00ab\u00a0l\u2019acquisition, d\u00e9tention et transport d\u2019armes, de munitions ou d\u2019\u00e9l\u00e9ments d\u2019armes de la cat\u00e9gorie A et B en relation avec une entreprise terroriste\u00a0\u00bb, indique le Pnat, sollicit\u00e9 par l\u2019AFP.<\/p>\n<p>                     \u00ab\u00a0Cr\u00e9er un nouveau rapport de force politique\u00a0\u00bb    <\/p>\n<p class=\"asset asset-text\">Comme lors de leur pr\u00e9c\u00e9dente conf\u00e9rence de presse clandestine en janvier\u00a02024, les membres du FLNC estiment que le projet de loi constitutionnelle, qui doit \u00eatre examin\u00e9 au S\u00e9nat \u00e0 partir du 21\u00a0octobre, \u00ab\u00a0aboutit \u00e0 la n\u00e9gation de l\u2019existence de notre peuple et au reniement des principales revendications de ces derni\u00e8res d\u00e9cennies\u00a0\u00bb. Ils annoncent \u00eatre \u00ab\u00a0d\u00e9j\u00e0\u00a0dans l\u2019apr\u00e8s-Beauvau\u00a0\u00bb.<\/p>\n<p class=\"asset asset-text\">Le groupuscule s\u2019en prend \u00e0 tous les soutiens de ce processus\u00a0: aux partis nationalistes (Femu a Corsica, Core in Fronte, Parti de la nation corse) en assurant que ceux \u00ab\u00a0qui s\u2019expriment au nom du mouvement national, tout en soutenant le dit processus Beauvau, commettent une duperie sans pr\u00e9c\u00e9dent \u00e0 l\u2019\u00e9gard de notre peuple\u00a0\u00bb.<\/p>\n<p class=\"asset asset-text\">Mais aussi aux \u00ab\u00a0manipulateurs haut plac\u00e9s\u00a0\u00bb, \u00e0 la \u00ab\u00a0caste de groupes financiers corses\u00a0\u00bb et aux collectifs antimafia, sans les nommer mais en assurant ne jamais pouvoir \u00ab\u00a0\u00eatre aux c\u00f4t\u00e9s de ceux qui soutiennent les logiques\u00a0\u00bb de \u00ab\u00a0justices d\u2019exception\u00a0\u00bb, d\u00e9fendues par les collectifs.<\/p>\n<p class=\"asset asset-text\">Sans pr\u00e9ciser comment, ils appellent le mouvement national, \u00ab\u00a0celui de la r\u00e9sistance\u00a0\u00bb, \u00e0 trouver \u00ab\u00a0les voies et les moyens de cr\u00e9er un nouveau rapport de force politique\u00a0\u00bb. Le FLNC, qui pr\u00f4ne \u00ab\u00a0l\u2019ind\u00e9pendance nationale\u00a0\u00bb, assure en parall\u00e8le qu\u2019il \u00ab\u00a0continuera \u00e0 jouer pleinement son r\u00f4le en soutenant par nos efforts de paix, pour l\u2019heure unilat\u00e9raux, toutes les initiatives qui concourront r\u00e9ellement \u00e0 une solution politique \u00e0 laquelle notre peuple aspire depuis des d\u00e9cennies.\u00a0\u00bb<\/p>\n","protected":false},"excerpt":{"rendered":"PASCAL POCHARD-CASABIANCA \/ AFP Des membres du Front de lib\u00e9ration nationale corse (FLNC), tiennent une conf\u00e9rence de presse&hellip;\n","protected":false},"author":2,"featured_media":1112883,"comment_status":"","ping_status":"","sticky":false,"template":"","format":"standard","meta":{"footnotes":"","_share_on_mastodon":"0"},"categories":[2],"tags":[11,2517,114224,1011,27,114390,12,33709,25],"class_list":["post-1112882","post","type-post","status-publish","format-standard","has-post-thumbnail","category-actualites","tag-actualites","tag-corse","tag-flnc","tag-fr","tag-france","tag-nationalisme-corse","tag-news","tag-parquet-national-antiterroriste","tag-republique-francaise"],"share_on_mastodon":{"url":"https:\/\/pubeurope.com\/@fr\/117052421588583831","error":""},"_links":{"self":[{"href":"https:\/\/www.europesays.com\/fr\/wp-json\/wp\/v2\/posts\/1112882","targetHints":{"allow":["GET"]}}],"collection":[{"href":"https:\/\/www.europesays.com\/fr\/wp-json\/wp\/v2\/posts"}],"about":[{"href":"https:\/\/www.europesays.com\/fr\/wp-json\/wp\/v2\/types\/post"}],"author":[{"embeddable":true,"href":"https:\/\/www.europesays.com\/fr\/wp-json\/wp\/v2\/users\/2"}],"replies":[{"embeddable":true,"href":"https:\/\/www.europesays.com\/fr\/wp-json\/wp\/v2\/comments?post=1112882"}],"version-history":[{"count":0,"href":"https:\/\/www.europesays.com\/fr\/wp-json\/wp\/v2\/posts\/1112882\/revisions"}],"wp:featuredmedia":[{"embeddable":true,"href":"https:\/\/www.europesays.com\/fr\/wp-json\/wp\/v2\/media\/1112883"}],"wp:attachment":[{"href":"https:\/\/www.europesays.com\/fr\/wp-json\/wp\/v2\/media?parent=1112882"}],"wp:term":[{"taxonomy":"category","embeddable":true,"href":"https:\/\/www.europesays.com\/fr\/wp-json\/wp\/v2\/categories?post=1112882"},{"taxonomy":"post_tag","embeddable":true,"href":"https:\/\/www.europesays.com\/fr\/wp-json\/wp\/v2\/tags?post=1112882"}],"curies":[{"name":"wp","href":"https:\/\/api.w.org\/{rel}","templated":true}]}}