{"id":111289,"date":"2025-05-19T08:27:10","date_gmt":"2025-05-19T08:27:10","guid":{"rendered":"https:\/\/www.europesays.com\/fr\/111289\/"},"modified":"2025-05-19T08:27:10","modified_gmt":"2025-05-19T08:27:10","slug":"le-surveillant-condamne-pour-violences-en-juin-1996-a-t-il-vraiment-ete-licencie-dans-la-foulee-comme-la-affirme-bayrou-liberation","status":"publish","type":"post","link":"https:\/\/www.europesays.com\/fr\/111289\/","title":{"rendered":"le surveillant condamn\u00e9 pour violences en juin\u00a01996 a-t-il vraiment \u00e9t\u00e9 licenci\u00e9 dans la foul\u00e9e, comme l\u2019a affirm\u00e9 Bayrou\u00a0? \u2013 Lib\u00e9ration"},"content":{"rendered":"<p class=\"sc-ksZaOG ehjQrN text-element\">C\u2019est une d\u00e9claration qui avait d\u00e9j\u00e0 valu \u00e0 Fran\u00e7ois Bayrou une accusation de mensonge. Et qu\u2019il a r\u00e9it\u00e9r\u00e9e, mercredi 14 mai, <a href=\"https:\/\/www.liberation.fr\/societe\/affaire-betharram-auditionne-a-lassemblee-francois-bayrou-entre-deni-et-discredit-20250514_QQGKTGZDABDTZHH2MHI3HWCTNA\/\" target=\"_blank\" rel=\"noreferrer noopener\" title=\"https:\/\/www.liberation.fr\/societe\/affaire-betharram-auditionne-a-lassemblee-francois-bayrou-entre-deni-et-discredit-20250514_QQGKTGZDABDTZHH2MHI3HWCTNA\/\">lors de sa longue audition \u00e0 l\u2019Assembl\u00e9e nationale<\/a>, suscitant \u00e0 nouveau une controverse. Accus\u00e9 d\u2019avoir trop peu et trop tardivement agi apr\u00e8s les premiers signalements de violence visant le coll\u00e8ge Notre-Dame-de-B\u00e9tharram au d\u00e9but des ann\u00e9es 90, le Premier ministre a r\u00e9fut\u00e9 toute inertie. Il s\u2019est notamment f\u00e9licit\u00e9 d\u2019avoir diligent\u00e9 une inspection de l\u2019\u00e9tablissement en avril 1996, apr\u00e8s la plainte d\u00e9pos\u00e9e par un parent d\u2019\u00e9l\u00e8ve contre Marie-Paul de Behr, ce surveillant g\u00e9n\u00e9ral qui avait donn\u00e9 en janvier 1995 une gifle \u00e0 l\u2019adolescent d\u2019une violence telle qu\u2019elle lui avait fait perdre une partie de l\u2019audition.<\/p>\n<p class=\"sc-ksZaOG ehjQrN text-element\">Le surveillant, condamn\u00e9 le 11 juin 1996, a ensuite \u00ab\u00e9t\u00e9 licenci\u00e9 au mois de novembre [suivant]\u00bb, a affirm\u00e9 Fran\u00e7ois Bayrou, suscitant le scepticisme des deux corapporteurs de la commission d\u2019enqu\u00eate sur les violences dans les \u00e9tablissements scolaires, <a href=\"https:\/\/www.liberation.fr\/politique\/audition-de-bayrou-sur-laffaire-betharram-paul-vannier-lfi-retient-le-mensonge-de-bayrou-vi&lt;\/p&gt;&lt;\/div&gt;&lt;\/article&gt;&lt;\/div&gt;&lt;div data-fusion-lazy-id=\" f0f8vgvlad832fw=\"\" target=\"_blank\" rel=\"noopener\"><\/p>\n","protected":false},"excerpt":{"rendered":"C\u2019est une d\u00e9claration qui avait d\u00e9j\u00e0 valu \u00e0 Fran\u00e7ois Bayrou une accusation de mensonge. Et qu\u2019il a r\u00e9it\u00e9r\u00e9e,&hellip;\n","protected":false},"author":2,"featured_media":111290,"comment_status":"","ping_status":"","sticky":false,"template":"","format":"standard","meta":{"footnotes":""},"categories":[2],"tags":[11,11870,1011,27,431,12],"class_list":{"0":"post-111289","1":"post","2":"type-post","3":"status-publish","4":"format-standard","5":"has-post-thumbnail","7":"category-actualites","8":"tag-actualites","9":"tag-betharram","10":"tag-fr","11":"tag-france","12":"tag-francois-bayrou","13":"tag-news"},"share_on_mastodon":{"url":"https:\/\/pubeurope.com\/@fr\/114533554261235531","error":""},"_links":{"self":[{"href":"https:\/\/www.europesays.com\/fr\/wp-json\/wp\/v2\/posts\/111289","targetHints":{"allow":["GET"]}}],"collection":[{"href":"https:\/\/www.europesays.com\/fr\/wp-json\/wp\/v2\/posts"}],"about":[{"href":"https:\/\/www.europesays.com\/fr\/wp-json\/wp\/v2\/types\/post"}],"author":[{"embeddable":true,"href":"https:\/\/www.europesays.com\/fr\/wp-json\/wp\/v2\/users\/2"}],"replies":[{"embeddable":true,"href":"https:\/\/www.europesays.com\/fr\/wp-json\/wp\/v2\/comments?post=111289"}],"version-history":[{"count":0,"href":"https:\/\/www.europesays.com\/fr\/wp-json\/wp\/v2\/posts\/111289\/revisions"}],"wp:featuredmedia":[{"embeddable":true,"href":"https:\/\/www.europesays.com\/fr\/wp-json\/wp\/v2\/media\/111290"}],"wp:attachment":[{"href":"https:\/\/www.europesays.com\/fr\/wp-json\/wp\/v2\/media?parent=111289"}],"wp:term":[{"taxonomy":"category","embeddable":true,"href":"https:\/\/www.europesays.com\/fr\/wp-json\/wp\/v2\/categories?post=111289"},{"taxonomy":"post_tag","embeddable":true,"href":"https:\/\/www.europesays.com\/fr\/wp-json\/wp\/v2\/tags?post=111289"}],"curies":[{"name":"wp","href":"https:\/\/api.w.org\/{rel}","templated":true}]}}