{"id":11129,"date":"2025-04-08T20:59:10","date_gmt":"2025-04-08T20:59:10","guid":{"rendered":"https:\/\/www.europesays.com\/fr\/11129\/"},"modified":"2025-04-08T20:59:10","modified_gmt":"2025-04-08T20:59:10","slug":"etats-unis-et-philippines-entament-des-exercices-conjoints-pour-ameliorer-leur-capacite-de-dissuasion","status":"publish","type":"post","link":"https:\/\/www.europesays.com\/fr\/11129\/","title":{"rendered":"\u00c9tats-Unis et Philippines entament des exercices conjoints pour am\u00e9liorer leur capacit\u00e9 de dissuasion"},"content":{"rendered":"<p>Ce lundi, les autorit\u00e9s du pays asiatique ont annonc\u00e9 que les forces a\u00e9riennes des \u00c9tats-Unis et des Philippines ont commenc\u00e9 des man\u0153uvres conjointes pour am\u00e9liorer leurs op\u00e9rations de coordination et leur \u00ab dissuasion strat\u00e9gique\u00bb.<\/p>\n<p class=\"fig-paragraph\">Ces man\u0153uvres militaires de coop\u00e9ration entre les \u00c9tats-Unis et les Philippines \u00e0 des fins de \u00abdissuasion strat\u00e9gique\u00bb interviennent apr\u00e8s plusieurs mois de frictions entre P\u00e9kin et Manille dans la\u00a0<a href=\"https:\/\/geoconfluences.ens-lyon.fr\/informations-scientifiques\/a-la-une\/carte-a-la-une\/mer-de-chine-meridionale\" target=\"_blank\" rel=\"noopener\" data-gtm-custom-categorie=\"navigation\" data-gtm-custom-action=\"crossclick\" data-gtm-custom-label=\"Contextuel\" data-gtm-event=\"customEventSPE\">mer de Chine m\u00e9ridionale.\u00a0<\/a><\/p>\n<p class=\"fig-paragraph\">Selon la revue de l\u2019<a href=\"https:\/\/www.nato.int\/nato-welcome\/index_fr.html\" target=\"_blank\" rel=\"noopener\" data-gtm-custom-categorie=\"navigation\" data-gtm-custom-action=\"crossclick\" data-gtm-custom-label=\"Contextuel\" data-gtm-event=\"customEventSPE\">OTAN (Organisation du Trait\u00e9 de l\u2019Atlantique Nord)<\/a>, la dissuasion vise \u00e0 intimider un opposant par la menace de recourir \u00e0 la force pour le d\u00e9courager d\u2019entreprendre une action non souhait\u00e9e, soit en l\u2019alertant de possibles repr\u00e9sailles (dissuasion par repr\u00e9sailles), soit en lui faisant croire que ses objectifs seront vou\u00e9s \u00e0 l\u2019\u00e9chec (dissuasion par interdiction).<\/p>\n<p class=\"fig-paragraph\">\u00abL&rsquo;am\u00e9lioration de la pr\u00e9paration au combat et de l&rsquo;efficacit\u00e9 des missions conjointes\u00bb sera le principal objectif des man\u0153uvres d\u2019op\u00e9ration nomm\u00e9es \u00abCope Thunder\u00a0\u00bb, a d\u00e9clar\u00e9 lundi Arthur Cordura, le chef de l\u2019arm\u00e9e de l\u2019air philippine, lors d\u2019une c\u00e9r\u00e9monie inaugurale. Depuis l\u2019arriv\u00e9e au pouvoir du pr\u00e9sident philippin Ferdinand Marcos en 2022, Manille et Washington ont intensifi\u00e9 leur collaboration d\u00e9fensive, s\u2019opposant fermement aux ambitions de P\u00e9kin en mer de Chine m\u00e9ridionale.<\/p>\n<p class=\"fig-paragraph\">Une grande partie des \u00eeles et r\u00e9cifs de cette mer est sous la revendication de la Chine, y compris les eaux et les \u00eeles \u00e0 proximit\u00e9 des c\u00f4tes de plusieurs nations voisines. Cette zone, appel\u00e9e \u00abzone \u00e0 neuf traits\u00bb est source de conflit entre la R\u00e9publique Populaire de Chine (RPC) et ses voisins (Philippines, Brunei, Malaisie, Vietnam, Indon\u00e9sie). En effet, on observe un grand \u00e9cart entre la ligne d\u2019espaces maritimes revendiqu\u00e9s par la RPC et les ZEE (Zone \u00c9conomique Exclusive) de 200 miles marins instaur\u00e9s par la\u00a0<a href=\"https:\/\/www.imo.org\/fr\/OurWork\/Legal\/Pages\/UnitedNationsConventionOnTheLawOfTheSea.aspx\" target=\"_blank\" rel=\"noopener\" data-gtm-custom-categorie=\"navigation\" data-gtm-custom-action=\"crossclick\" data-gtm-custom-label=\"Contextuel\" data-gtm-event=\"customEventSPE\">CNUDM (Convention des Nations Unies sur le Droit de la Mer)<\/a>.<\/p>\n<p class=\"fig-paragraph\">Les incidents maritimes impliquant des navires chinois et philippins sont d\u00e9sormais fr\u00e9quents autour de l\u2019archipel des Spratleys. D\u00e9j\u00e0 en octobre 2023, un incident similaire avait eu lieu entre les navires de guerre de ces deux nations. La RPC qui pr\u00e9tend \u00e0 diff\u00e9rents archipels (Spratley et Paracel) ne cesse de menacer les Philippines. Voil\u00e0 pourquoi, la semaine derni\u00e8re, les \u00c9tats-Unis ont d\u00e9clar\u00e9 leur confirmation de la vente de vingt\u00a0<a href=\"https:\/\/www.avionslegendaires.net\/avion-militaire\/general-dynamics-f-16-fighting-falcon\/\" target=\"_blank\" rel=\"noopener\" data-gtm-custom-categorie=\"navigation\" data-gtm-custom-action=\"crossclick\" data-gtm-custom-label=\"Contextuel\" data-gtm-event=\"customEventSPE\">avions de chasse F-16<\/a>\u00a0aux Philippines, bien que Manille ait soulign\u00e9 que le contrat \u00e9tait encore en cours de n\u00e9gociation.<\/p>\n<p class=\"fig-paragraph\">\u00abLe rythme de notre alliance s&rsquo;acc\u00e9l\u00e8re\u00bb a d\u00e9clar\u00e9 le g\u00e9n\u00e9ral de division am\u00e9ricain Christopher Sheppard lors de l\u2019\u00e9v\u00e9nement. Selon l\u2019arm\u00e9e de l\u2019air philippine, l\u2019exercice \u00ab Cope Thunder\u00a0\u00bb, qui se d\u00e9roulera jusqu\u2019au 18 avril, a pour objectif de renforcer les \u00ab capacit\u00e9s en guerre asym\u00e9trique\u00a0\u00bb, c\u2019est-\u00e0-dire l\u2019affrontement des forces militaires d\u2019un pays avec des bellig\u00e9rants non conventionnels, ainsi que la coordination op\u00e9rationnelle et la strat\u00e9gie de dissuasion.<\/p>\n<p class=\"fig-paragraph\">Les man\u0153uvres devraient avoir lieu au nord de l\u2019\u00eele de Luzon, qui est la r\u00e9gion des Philippines la plus adjacente \u00e0 Ta\u00efwan. La fin du mois d\u2019avril pr\u00e9voit \u00e9galement des man\u0153uvres a\u00e9riennes, terrestres et navales plus importantes entre les \u00c9tats-Unis et les Philippines, connues sous le nom de \u00abBalikatan\u00bb. Ces actions devraient permettre aux Philippines de r\u00e9affirmer leur souverainet\u00e9 face \u00e0 l\u2019expansion maritime chinoise en mer M\u00e9ridionale,.<\/p>\n<p class=\"fig-paragraph\">La semaine pass\u00e9e, alors que la Chine effectuait d\u2019importantes man\u0153uvres militaires simulant un blocus de Ta\u00efwan, le g\u00e9n\u00e9ral Romeo Brawner, \u00e0 la t\u00eate de l\u2019arm\u00e9e philippine, a exprim\u00e9 l\u2019avis que les troupes philippines seraient \u00abin\u00e9vitablement\u00a0\u00bb engag\u00e9es si l\u2019\u00eele pr\u00e8s du r\u00e9cif de Scarborough, revendiqu\u00e9e par P\u00e9kin, venait \u00e0 \u00eatre envahie.<\/p>\n<p class=\"fig-paragraph\">Par la suite, Manille a pr\u00e9cis\u00e9 que ces remarques concernaient un d\u00e9ploiement destin\u00e9 \u00e0 ramener des travailleurs philippins de Ta\u00efwan en situation de conflit. Un trait\u00e9 de collaboration approfondie en d\u00e9fense sign\u00e9 avec Washington donne aux troupes am\u00e9ricaines la possibilit\u00e9 d\u2019acc\u00e9der \u00e0 neuf bases militaires sur le territoire national.<\/p>\n<p class=\"fig-paragraph\">Au cours d\u2019un d\u00e9placement r\u00e9cent \u00e0 Manille, le\u00a0<a href=\"https:\/\/www.lefigaro.fr\/international\/purges-fautes-de-confidentialite-pete-hegseth-un-secretaire-americain-a-la-defense-qui-multiplie-les-scandales-20250403?msockid=2785c91ce9ab6a9125cfdcdbe8d26b52\" target=\"_blank\" data-fig-type=\"Article\" rel=\"noopener\" data-gtm-custom-categorie=\"navigation\" data-gtm-custom-action=\"crossclick\" data-gtm-custom-label=\"Contextuel\" data-gtm-event=\"customEventSPE\" data-fig-domain=\"LEFIGARO\">chef du d\u00e9partement de la D\u00e9fense am\u00e9ricain, Pete Hegseth<\/a>, a affirm\u00e9 que Washington \u00ab redoublait d\u2019efforts\u00a0\u00bb pour consolider son alliance avec l\u2019archipel. Il faudra donc observer l\u2019\u00e9volution de ces exercices, en esp\u00e9rant que cela n\u2019enclenche pas de nouveaux conflits entre les Philippines et la RPC.<\/p>\n<p>\u00a0\u00bb<br \/>\n        data-script=\u00a0\u00bbhttps:\/\/static.lefigaro.fr\/widget-video\/short-ttl\/video\/index.js\u00a0\u00bb<br \/>\n    &gt;<\/p>\n","protected":false},"excerpt":{"rendered":"Ce lundi, les autorit\u00e9s du pays asiatique ont annonc\u00e9 que les forces a\u00e9riennes des \u00c9tats-Unis et des Philippines&hellip;\n","protected":false},"author":2,"featured_media":11130,"comment_status":"","ping_status":"","sticky":false,"template":"","format":"standard","meta":{"footnotes":""},"categories":[1589],"tags":[259,11,260,1813,309,2765,73,1866,14,261,12,1476,1333,262,5384,1864,1865,1863,308],"class_list":{"0":"post-11129","1":"post","2":"type-post","3":"status-publish","4":"format-standard","5":"has-post-thumbnail","7":"category-etats-unis","8":"tag-actualite-internationale","9":"tag-actualites","10":"tag-affaires-etrangeres","11":"tag-armee","12":"tag-chine","13":"tag-collaboration","14":"tag-etats-unis","15":"tag-etats-unis-damerique","16":"tag-international","17":"tag-ministere-des-affaires-etrangeres","18":"tag-news","19":"tag-operation","20":"tag-philippines","21":"tag-politique-etrangere","22":"tag-strategie","23":"tag-united-states","24":"tag-united-states-of-america","25":"tag-us","26":"tag-usa"},"share_on_mastodon":{"url":"https:\/\/pubeurope.com\/@fr\/114304356501500242","error":""},"_links":{"self":[{"href":"https:\/\/www.europesays.com\/fr\/wp-json\/wp\/v2\/posts\/11129","targetHints":{"allow":["GET"]}}],"collection":[{"href":"https:\/\/www.europesays.com\/fr\/wp-json\/wp\/v2\/posts"}],"about":[{"href":"https:\/\/www.europesays.com\/fr\/wp-json\/wp\/v2\/types\/post"}],"author":[{"embeddable":true,"href":"https:\/\/www.europesays.com\/fr\/wp-json\/wp\/v2\/users\/2"}],"replies":[{"embeddable":true,"href":"https:\/\/www.europesays.com\/fr\/wp-json\/wp\/v2\/comments?post=11129"}],"version-history":[{"count":0,"href":"https:\/\/www.europesays.com\/fr\/wp-json\/wp\/v2\/posts\/11129\/revisions"}],"wp:featuredmedia":[{"embeddable":true,"href":"https:\/\/www.europesays.com\/fr\/wp-json\/wp\/v2\/media\/11130"}],"wp:attachment":[{"href":"https:\/\/www.europesays.com\/fr\/wp-json\/wp\/v2\/media?parent=11129"}],"wp:term":[{"taxonomy":"category","embeddable":true,"href":"https:\/\/www.europesays.com\/fr\/wp-json\/wp\/v2\/categories?post=11129"},{"taxonomy":"post_tag","embeddable":true,"href":"https:\/\/www.europesays.com\/fr\/wp-json\/wp\/v2\/tags?post=11129"}],"curies":[{"name":"wp","href":"https:\/\/api.w.org\/{rel}","templated":true}]}}