{"id":1112928,"date":"2026-08-07T05:26:23","date_gmt":"2026-08-07T05:26:23","guid":{"rendered":"https:\/\/www.europesays.com\/fr\/1112928\/"},"modified":"2026-08-07T05:26:23","modified_gmt":"2026-08-07T05:26:23","slug":"les-plaisanciers-mobilises-pour-proteger-la-mediterranee","status":"publish","type":"post","link":"https:\/\/www.europesays.com\/fr\/1112928\/","title":{"rendered":"Les plaisanciers mobilis\u00e9s pour prot\u00e9ger la M\u00e9diterran\u00e9e"},"content":{"rendered":"<p>\u00c0 Palavas-les-Flots, la protection de la M\u00e9diterran\u00e9e passe aussi par les gestes des plaisanciers. Le port participe au programme \u00ab\u00a0Je navigue, je trie\u00a0\u00bb, port\u00e9 par l\u2019association Gestes Propres et d\u00e9sormais renforc\u00e9 par la Fondation de la Mer avec le volet \u00ab\u00a0Je prot\u00e8ge la biodiversit\u00e9\u00a0\u00bb. Une d\u00e9marche \u00e0 laquelle le port palavasien, dirig\u00e9 par Cyril Pagel-Grechi, est pleinement associ\u00e9.<\/p>\n<p><b>Plus de 10 ans de sensibilisation<\/b><\/p>\n<p>\u00ab\u00a0Cette op\u00e9ration existe depuis une quinzaine d\u2019ann\u00e9es. Aujourd\u2019hui, le partenariat entre Gestes Propres et la Fondation de la Mer apporte une dimension suppl\u00e9mentaire \u00e0 cette campagne\u00a0\u00bb, explique le directeur des Ports de Palavas-les-Flots. L\u2019objectif est de rappeler qu\u2019en mer, chaque geste compte. Rapporter ses d\u00e9chets \u00e0 terre, les trier et \u00e9viter tout rejet dans l\u2019eau contribuent \u00e0 pr\u00e9server un \u00e9cosyst\u00e8me particuli\u00e8rement fragile.<\/p>\n<p>La M\u00e9diterran\u00e9e ne repr\u00e9sente que 0,8 % de la surface des mers, mais elle abrite pr\u00e8s de 9 % de la biodiversit\u00e9 marine mondiale. Pour sensibiliser les navigateurs, une fiche pratique est distribu\u00e9e aux plaisanciers. \u00ab\u00a0Nous militons depuis longtemps pour la protection du milieu marin. D\u00e9sormais, nous mettons aussi l\u2019accent sur la biodiversit\u00e9 gr\u00e2ce \u00e0 ce document. Le port est un v\u00e9ritable relais de cette initiative\u00a0\u00bb, souligne Cyril Pagel-Grechi.<\/p>\n<p>La fiche rappelle les bons gestes \u00e0 adopter \u00e0 bord et les num\u00e9ros d\u2019urgence \u00e0 contacter lorsqu\u2019un animal marin est observ\u00e9 en difficult\u00e9. \u00ab\u00a0Nos plaisanciers ne sont pas toujours inform\u00e9s. Cette campagne leur apporte des rep\u00e8res concrets et les bons r\u00e9flexes \u00e0 adopter\u00a0\u00bb, poursuit-il. D\u00e9ploy\u00e9 depuis 2011 dans 158 ports de plaisance en France, \u00e0 Monaco et en Italie, le programme fera l\u2019objet d\u2019un bilan \u00e0 la fin des mois d\u2019octobre et de novembre.<\/p>\n<p>Correspondante Midi Libre : 07 68 37 88 08<\/p>\n","protected":false},"excerpt":{"rendered":"\u00c0 Palavas-les-Flots, la protection de la M\u00e9diterran\u00e9e passe aussi par les gestes des plaisanciers. Le port participe au&hellip;\n","protected":false},"author":2,"featured_media":1112929,"comment_status":"","ping_status":"","sticky":false,"template":"","format":"standard","meta":{"footnotes":"","_share_on_mastodon":"0"},"categories":[9599],"tags":[1111,11,254,1777,674,1011,27,7089,2208,12,2680,69289,25,104],"class_list":["post-1112928","post","type-post","status-publish","format-standard","has-post-thumbnail","category-montpellier","tag-actu","tag-actualites","tag-conso","tag-eu","tag-europe","tag-fr","tag-france","tag-herault","tag-montpellier","tag-news","tag-occitanie","tag-palavaslesflots","tag-republique-francaise","tag-societe"],"share_on_mastodon":{"url":"https:\/\/pubeurope.com\/@fr\/117052570930675033","error":""},"_links":{"self":[{"href":"https:\/\/www.europesays.com\/fr\/wp-json\/wp\/v2\/posts\/1112928","targetHints":{"allow":["GET"]}}],"collection":[{"href":"https:\/\/www.europesays.com\/fr\/wp-json\/wp\/v2\/posts"}],"about":[{"href":"https:\/\/www.europesays.com\/fr\/wp-json\/wp\/v2\/types\/post"}],"author":[{"embeddable":true,"href":"https:\/\/www.europesays.com\/fr\/wp-json\/wp\/v2\/users\/2"}],"replies":[{"embeddable":true,"href":"https:\/\/www.europesays.com\/fr\/wp-json\/wp\/v2\/comments?post=1112928"}],"version-history":[{"count":0,"href":"https:\/\/www.europesays.com\/fr\/wp-json\/wp\/v2\/posts\/1112928\/revisions"}],"wp:featuredmedia":[{"embeddable":true,"href":"https:\/\/www.europesays.com\/fr\/wp-json\/wp\/v2\/media\/1112929"}],"wp:attachment":[{"href":"https:\/\/www.europesays.com\/fr\/wp-json\/wp\/v2\/media?parent=1112928"}],"wp:term":[{"taxonomy":"category","embeddable":true,"href":"https:\/\/www.europesays.com\/fr\/wp-json\/wp\/v2\/categories?post=1112928"},{"taxonomy":"post_tag","embeddable":true,"href":"https:\/\/www.europesays.com\/fr\/wp-json\/wp\/v2\/tags?post=1112928"}],"curies":[{"name":"wp","href":"https:\/\/api.w.org\/{rel}","templated":true}]}}