{"id":1113022,"date":"2026-08-07T06:31:38","date_gmt":"2026-08-07T06:31:38","guid":{"rendered":"https:\/\/www.europesays.com\/fr\/1113022\/"},"modified":"2026-08-07T06:31:38","modified_gmt":"2026-08-07T06:31:38","slug":"les-etats-unis-taxent-un-composant-cle-des-semi-conducteurs-et-panneaux-solaires","status":"publish","type":"post","link":"https:\/\/www.europesays.com\/fr\/1113022\/","title":{"rendered":"Les \u00c9tats-Unis taxent un composant cl\u00e9 des semi-conducteurs et panneaux solaires"},"content":{"rendered":"<p>\n    Selon le secr\u00e9taire am\u00e9ricain au Commerce Howard Lutnick, ces nouveaux droits de douane sur le silicium polycristallin et ses d\u00e9riv\u00e9s permettront de rapatrier aux \u00c9tats-Unis une production aujourd\u2019hui domin\u00e9e par la Chine.<\/p>\n<p class=\"fig-paragraph\">Le secr\u00e9taire am\u00e9ricain au Commerce Howard Lutnick a justifi\u00e9 jeudi des\u00a0<a href=\"https:\/\/www.lefigaro.fr\/tag\/droits-de-douane\" target=\"_blank\" data-fig-type=\"Keyword\" rel=\"noopener nofollow\" data-gtm-custom-categorie=\"navigation\" data-gtm-custom-action=\"crossclick\" data-gtm-custom-label=\"Contextuel\" data-gtm-event=\"customEventSPE\" data-fig-domain=\"LEFIGARO\">droits de douane<\/a>\u00a0sur le silicium polycristallin et ses d\u00e9riv\u00e9s, utilis\u00e9s pour les\u00a0<a href=\"https:\/\/www.lefigaro.fr\/tag\/semi-conducteurs\" target=\"_blank\" data-fig-type=\"Keyword\" rel=\"noopener nofollow\" data-gtm-custom-categorie=\"navigation\" data-gtm-custom-action=\"crossclick\" data-gtm-custom-label=\"Contextuel\" data-gtm-event=\"customEventSPE\" data-fig-domain=\"LEFIGARO\">semi-conducteurs<\/a>\u00a0et\u00a0<a href=\"https:\/\/www.lefigaro.fr\/tag\/panneaux-solaires\" target=\"_blank\" data-fig-type=\"Keyword\" rel=\"noopener nofollow\" data-gtm-custom-categorie=\"navigation\" data-gtm-custom-action=\"crossclick\" data-gtm-custom-label=\"Contextuel\" data-gtm-event=\"customEventSPE\" data-fig-domain=\"LEFIGARO\">panneaux solaires<\/a>, estimant qu&rsquo;ils doivent permettre de rapatrier aux \u00c9tats-Unis une production aujourd&rsquo;hui domin\u00e9e par la Chine.<\/p>\n<p class=\"fig-paragraph\">\u00abNous fabriquons les produits ici mais nous avons \u00e9galement besoin d&rsquo;amener la cha\u00eene d&rsquo;approvisionnement. Nous mettons en place des droits de douane afin d&rsquo;envoyer un signal pour construire ici. Notre industrie en la mati\u00e8re est trop restreinte\u00bb, a expliqu\u00e9 M. Lutnick depuis la Maison-Blanche, en pr\u00e9sence de Donald Trump.<\/p>\n<p>                                            <a class=\"fig-a11y-skip\" href=\"#fig-a11y-skip-main-inarticle\" is=\"fig-a11y-skip\" data-trigger-mode=\"visible-once\"><br \/>\n    Passer la publicit\u00e9<br \/>\n<\/a>            <\/p>\n<p class=\"fig-paragraph\">Le gouvernement am\u00e9ricain, qui devrait \u00e9galement mettre en place un prix plancher pour le silicium polycristallin import\u00e9, avait lanc\u00e9 il y a un an une enqu\u00eate en se basant sur une loi de 1962 qui lui permet de prot\u00e9ger un secteur d&rsquo;activit\u00e9 s&rsquo;il estime que celui-ci repr\u00e9sente un risque pour la s\u00e9curit\u00e9 nationale.<\/p>\n","protected":false},"excerpt":{"rendered":"Selon le secr\u00e9taire am\u00e9ricain au Commerce Howard Lutnick, ces nouveaux droits de douane sur le silicium polycristallin et&hellip;\n","protected":false},"author":2,"featured_media":1113023,"comment_status":"","ping_status":"","sticky":false,"template":"","format":"standard","meta":{"footnotes":"","_share_on_mastodon":"0"},"categories":[6],"tags":[35,2388,33,34,73,1011,27,11869],"class_list":["post-1113022","post","type-post","status-publish","format-standard","has-post-thumbnail","category-economie","tag-business","tag-droits-de-douane","tag-economie","tag-economy","tag-etats-unis","tag-fr","tag-france","tag-semi-conducteurs"],"share_on_mastodon":{"url":"https:\/\/pubeurope.com\/@fr\/117052826334131991","error":""},"_links":{"self":[{"href":"https:\/\/www.europesays.com\/fr\/wp-json\/wp\/v2\/posts\/1113022","targetHints":{"allow":["GET"]}}],"collection":[{"href":"https:\/\/www.europesays.com\/fr\/wp-json\/wp\/v2\/posts"}],"about":[{"href":"https:\/\/www.europesays.com\/fr\/wp-json\/wp\/v2\/types\/post"}],"author":[{"embeddable":true,"href":"https:\/\/www.europesays.com\/fr\/wp-json\/wp\/v2\/users\/2"}],"replies":[{"embeddable":true,"href":"https:\/\/www.europesays.com\/fr\/wp-json\/wp\/v2\/comments?post=1113022"}],"version-history":[{"count":0,"href":"https:\/\/www.europesays.com\/fr\/wp-json\/wp\/v2\/posts\/1113022\/revisions"}],"wp:featuredmedia":[{"embeddable":true,"href":"https:\/\/www.europesays.com\/fr\/wp-json\/wp\/v2\/media\/1113023"}],"wp:attachment":[{"href":"https:\/\/www.europesays.com\/fr\/wp-json\/wp\/v2\/media?parent=1113022"}],"wp:term":[{"taxonomy":"category","embeddable":true,"href":"https:\/\/www.europesays.com\/fr\/wp-json\/wp\/v2\/categories?post=1113022"},{"taxonomy":"post_tag","embeddable":true,"href":"https:\/\/www.europesays.com\/fr\/wp-json\/wp\/v2\/tags?post=1113022"}],"curies":[{"name":"wp","href":"https:\/\/api.w.org\/{rel}","templated":true}]}}