{"id":111316,"date":"2025-05-19T08:41:13","date_gmt":"2025-05-19T08:41:13","guid":{"rendered":"https:\/\/www.europesays.com\/fr\/111316\/"},"modified":"2025-05-19T08:41:13","modified_gmt":"2025-05-19T08:41:13","slug":"a-rennes-une-flute-enchantee-a-la-fete-foraine","status":"publish","type":"post","link":"https:\/\/www.europesays.com\/fr\/111316\/","title":{"rendered":"\u00c0 Rennes, une \u201cFl\u00fbte enchant\u00e9e\u201d \u00e0 la f\u00eate foraine"},"content":{"rendered":"<p>Le metteur en sc\u00e8ne Mathieu Bauer propose une relecture r\u00e9solument ludique de l\u2019op\u00e9ra de Mozart, assumant le parti d\u2019un divertissement l\u00e9ger et familial. La Reine de la Nuit de Lila Dufy et la Pamina d\u2019Elsa Benoit dominent une distribution in\u00e9gale, sous la direction vive de Nicolas Ellis.<\/p>\n<p><img decoding=\"async\" src=\"https:\/\/www.europesays.com\/fr\/wp-content\/uploads\/2025\/05\/https___www.myra_.fr_wp-content_uploads_2025_03_6a7a5166-copie-scaled-615x410.jpg\" alt=\"La Fl\u00fbte enchant\u00e9e, mise en sc\u00e8ne de Mathieu Bauer\" class=\"pinit-here\"\/><\/p>\n<p>\u00a9 Laurent Guizard<\/p>\n<ul class=\"lists_legend\">\n<li class=\"active\">\n<p>La Fl\u00fbte enchant\u00e9e, mise en sc\u00e8ne de Mathieu Bauer<\/p>\n<\/li>\n<li class=\"\">\n<p>La Fl\u00fbte enchant\u00e9e, mise en sc\u00e8ne de Mathieu Bauer<\/p>\n<\/li>\n<li class=\"\">\n<p>La Fl\u00fbte enchant\u00e9e, mise en sc\u00e8ne de Mathieu Bauer<\/p>\n<\/li>\n<li class=\"\">\n<p>La Fl\u00fbte enchant\u00e9e, mise en sc\u00e8ne de Mathieu Bauer<\/p>\n<\/li>\n<li class=\"\">\n<p>La Fl\u00fbte enchant\u00e9e, mise en sc\u00e8ne de Mathieu Bauer<\/p>\n<\/li>\n<li class=\"\">\n<p>La Fl\u00fbte enchant\u00e9e, mise en sc\u00e8ne de Mathieu Bauer<\/p>\n<\/li>\n<li class=\"\">\n<p>La Fl\u00fbte enchant\u00e9e, mise en sc\u00e8ne de Mathieu Bauer<\/p>\n<\/li>\n<li class=\"\">\n<p>La Fl\u00fbte enchant\u00e9e, mise en sc\u00e8ne de Mathieu Bauer<\/p>\n<\/li>\n<\/ul>\n<p class=\"p1\">Avant m\u00eame l\u2019Ouverture, Sarastro surgit en bonimenteur de f\u00eate foraine, pr\u00e9sentant l\u2019op\u00e9ra comme une attraction populaire. Le ton est donn\u00e9. Au fond, une grande roue illumin\u00e9e ; sur sc\u00e8ne, un plateau tournant accueille une profusion d\u2019\u00e9l\u00e9ments bariol\u00e9s : stand de barbe \u00e0 papa, train fant\u00f4me orn\u00e9 d\u2019une t\u00eate de mort, ampoules multicolores, ballons flottants\u2026 Tamino gagne sa fl\u00fbte (en plastique vert fluo) \u00e0 la p\u00eache \u00e0 la ligne ; Sarastro fa\u00e7onne goul\u00fbment des pommes d\u2019amour ; les \u00ab pr\u00eatres \u00bb comparses du camelot s\u2019affairent avec extincteurs et serviettes, le tout dans des costumes tr\u00e8s \u00ab Seventies \u00bb. L\u2019ensemble est joyeux, inventif, men\u00e9 tambour battant. Le public rit, applaudit, s\u2019amuse.\u00a0<\/p>\n<p>  Dimensions gomm\u00e9es  <\/p>\n<p class=\"p1\">Mais peut-on ainsi \u00e9vacuer toute port\u00e9e symbolique, philosophique, voire \u00e9sot\u00e9rique de l\u2019\u0153uvre ? Une fois gomm\u00e9e la dialectique initiatique qui structure le livret de Schikaneder \u2014 entre t\u00e9n\u00e8bres et lumi\u00e8re, illusion et v\u00e9rit\u00e9 \u2014, ne restent que des figures d\u00e9connect\u00e9es, agit\u00e9es d\u2019une sc\u00e8ne \u00e0 l\u2019autre au milieu d\u2019un espace surcharg\u00e9, sans temple ni v\u00e9ritables pr\u00eatres ou initi\u00e9s. Pourquoi Tamino doit-il affronter des \u00e9preuves ? Pourquoi Pamina doit-elle souffrir ? Nul ne sait, et surtout, nul ne semble s\u2019en soucier.<\/p>\n<p class=\"p1\">L\u2019Orchestre national de Bretagne, sous la direction enlev\u00e9e et nerveuse de <strong>Nicolas Ellis<\/strong>, \u00e9pouse cette lecture au premier degr\u00e9. Si des tempos tr\u00e8s vifs dynamisent le flux th\u00e9\u00e2tral, c\u2019est au d\u00e9triment de la respiration ou du myst\u00e8re. Malgr\u00e9 un son assez sec, des timbres plus moelleux, un geste plus souple laissent (enfin) place \u00e0 une certaine po\u00e9sie sonore dans les sc\u00e8nes d\u2019\u00e9preuves de l\u2019acte II.<\/p>\n<p>  Honneurs aux dames  <\/p>\n<p class=\"p1\">Le plateau vocal se distingue par la superbe Pamina d\u2019<strong>Elsa Benoit<\/strong> : timbre color\u00e9 et lumineux, musicalit\u00e9 \u00e9vidente, autorit\u00e9 sc\u00e9nique. Tout au plus pourrait-on souhaiter \u00e7\u00e0 et l\u00e0 un peu plus d\u2019apesanteur et d\u2019abandon, notamment dans \u00ab Ach, ich f\u00fchl\u2019s \u00bb. Face \u00e0 elle, <strong>Maximilian Mayer<\/strong>, en Tamino, projette vaillamment mais manque de finesse dans la ligne et peine \u00e0 stabiliser son intonation.<\/p>\n<p class=\"p1\">Le Sarastro de <strong>Nathana\u00ebl Tavernier<\/strong> assume pleinement la d\u00e9mythification d\u2019un r\u00f4le d\u00e9sormais plus proche de Dulcamara que de l\u2019hi\u00e9rophante \u00e9clair\u00e9. S\u2019il offre un chant bien assis et des graves assur\u00e9s, on regrette un certain d\u00e9faut de legato et de noblesse. Lauriers, en revanche, pour la Reine de la Nuit de <strong>Lila Dufy<\/strong>\u00a0qui, affubl\u00e9e d\u2019un myst\u00e9rieux costume de Joan Crawford dans Johnny Guitar, fait un sans-faute : voix belle et homog\u00e8ne, vocalises aff\u00fbt\u00e9es et solides\u2026 Elle conf\u00e8re m\u00eame nuances et velout\u00e9 \u00e0 \u00ab Der H\u00f6lle Rache \u00bb.<\/p>\n<p class=\"p1\">Si le trio des dames se fait un peu agressif, les seconds r\u00f4les masculins s\u00e9duisent davantage, du Monostatos bien timbr\u00e9 de <strong>Beno\u00eet Rameau<\/strong> au baryton <strong>Thomas Coisnon<\/strong>, \u00e0 la fois Orateur de grande classe et Premier Pr\u00eatre d\u2019une pr\u00e9sence sc\u00e9nique appr\u00e9ciable.<\/p>\n<p class=\"p1\">Enfin, c\u2019est sans surprise Papageno qui est le plus \u00e0 l\u2019aise dans ce cadre. <strong>Damien Pass<\/strong>, bonhomme et gaillard, s\u2019amuse beaucoup et enfile des \u00ab shots \u00bb. Il est second\u00e9 par la Papagena truculente d\u2019<strong>Amandine Ammirati<\/strong>. Succ\u00e8s public garanti.<\/p>\n<p><strong>La Fl\u00fbte enchant\u00e9e de Mozart. Rennes, Op\u00e9ra, le 15 mai. Prochaines repr\u00e9sentations \u00e0 Nantes (24, 26, 28, 30 mai, 1er juin) et Angers (16 et 18 juin). Diffusion sur \u00e9crans, en Bretagne et sur France 3 le 18 juin.<\/strong><\/p>\n","protected":false},"excerpt":{"rendered":"Le metteur en sc\u00e8ne Mathieu Bauer propose une relecture r\u00e9solument ludique de l\u2019op\u00e9ra de Mozart, assumant le parti&hellip;\n","protected":false},"author":2,"featured_media":111317,"comment_status":"","ping_status":"","sticky":false,"template":"","format":"standard","meta":{"footnotes":""},"categories":[2821],"tags":[1111,11,829,1777,674,1011,27,1638,12,584,25],"class_list":{"0":"post-111316","1":"post","2":"type-post","3":"status-publish","4":"format-standard","5":"has-post-thumbnail","7":"category-rennes","8":"tag-actu","9":"tag-actualites","10":"tag-bretagne","11":"tag-eu","12":"tag-europe","13":"tag-fr","14":"tag-france","15":"tag-has_diapo","16":"tag-news","17":"tag-rennes","18":"tag-republique-francaise"},"share_on_mastodon":{"url":"https:\/\/pubeurope.com\/@fr\/114533609273908169","error":""},"_links":{"self":[{"href":"https:\/\/www.europesays.com\/fr\/wp-json\/wp\/v2\/posts\/111316","targetHints":{"allow":["GET"]}}],"collection":[{"href":"https:\/\/www.europesays.com\/fr\/wp-json\/wp\/v2\/posts"}],"about":[{"href":"https:\/\/www.europesays.com\/fr\/wp-json\/wp\/v2\/types\/post"}],"author":[{"embeddable":true,"href":"https:\/\/www.europesays.com\/fr\/wp-json\/wp\/v2\/users\/2"}],"replies":[{"embeddable":true,"href":"https:\/\/www.europesays.com\/fr\/wp-json\/wp\/v2\/comments?post=111316"}],"version-history":[{"count":0,"href":"https:\/\/www.europesays.com\/fr\/wp-json\/wp\/v2\/posts\/111316\/revisions"}],"wp:featuredmedia":[{"embeddable":true,"href":"https:\/\/www.europesays.com\/fr\/wp-json\/wp\/v2\/media\/111317"}],"wp:attachment":[{"href":"https:\/\/www.europesays.com\/fr\/wp-json\/wp\/v2\/media?parent=111316"}],"wp:term":[{"taxonomy":"category","embeddable":true,"href":"https:\/\/www.europesays.com\/fr\/wp-json\/wp\/v2\/categories?post=111316"},{"taxonomy":"post_tag","embeddable":true,"href":"https:\/\/www.europesays.com\/fr\/wp-json\/wp\/v2\/tags?post=111316"}],"curies":[{"name":"wp","href":"https:\/\/api.w.org\/{rel}","templated":true}]}}