{"id":111318,"date":"2025-05-19T08:42:28","date_gmt":"2025-05-19T08:42:28","guid":{"rendered":"https:\/\/www.europesays.com\/fr\/111318\/"},"modified":"2025-05-19T08:42:28","modified_gmt":"2025-05-19T08:42:28","slug":"disparition-jean-yves-pabst-ancien-vice-president-de-luniversite-de-strasbourg","status":"publish","type":"post","link":"https:\/\/www.europesays.com\/fr\/111318\/","title":{"rendered":"Disparition. Jean-Yves Pabst, ancien vice-pr\u00e9sident de l\u2019Universit\u00e9 de Strasbourg"},"content":{"rendered":"<p>Jean-Yves Pabst est d\u00e9c\u00e9d\u00e9 le 10 mai dernier dans sa 65e ann\u00e9e des suites d\u2019une longue maladie. Ce professeur de pharmacie, membre titulaire de l\u2019Acad\u00e9mie nationale de pharmacie, avait \u00e9t\u00e9 \u00e9lu vice-pr\u00e9sident de l\u2019Universit\u00e9 de Strasbourg, sous la pr\u00e9sidence d\u2019Alain Beretz, en 2013. Il \u00e9tait responsable du strat\u00e9gique secteur des finances. Il avait \u00e9t\u00e9 renouvel\u00e9 \u00e0 cette vice-pr\u00e9sidence en 2017, sous la pr\u00e9sidence de Michel Deneken, et l\u2019avait occup\u00e9e jusqu\u2019en 2020.<\/p>\n<p>Doyen de la facult\u00e9 de pharmacie de 2007 \u00e0 2013, il a encadr\u00e9 de tr\u00e8s nombreux travaux de doctorat.<\/p>\n<p>Officier dans l\u2019ordre des Palmes acad\u00e9miques, il \u00e9tait tr\u00e8s investi dans plusieurs organisations li\u00e9es \u00e0 la sant\u00e9, dont la Croix-Rouge fran\u00e7aise.<\/p>\n","protected":false},"excerpt":{"rendered":"Jean-Yves Pabst est d\u00e9c\u00e9d\u00e9 le 10 mai dernier dans sa 65e ann\u00e9e des suites d\u2019une longue maladie. Ce&hellip;\n","protected":false},"author":2,"featured_media":111319,"comment_status":"","ping_status":"","sticky":false,"template":"","format":"standard","meta":{"footnotes":""},"categories":[2820],"tags":[1111,11,2389,2649,9223,2880,1057,4854,1777,674,107,1011,27,775,1391,12,25,71,104,640,2879],"class_list":{"0":"post-111318","1":"post","2":"type-post","3":"status-publish","4":"format-standard","5":"has-post-thumbnail","7":"category-strasbourg","8":"tag-actu","9":"tag-actualites","10":"tag-alsace","11":"tag-bas-rhin","12":"tag-carnet-du-jour","13":"tag-edition-strasbourg","14":"tag-education","15":"tag-enseignement-superieur","16":"tag-eu","17":"tag-europe","18":"tag-fil-info","19":"tag-fr","20":"tag-france","21":"tag-grand-est","22":"tag-necrologie","23":"tag-news","24":"tag-republique-francaise","25":"tag-sante","26":"tag-societe","27":"tag-strasbourg","28":"tag-strasbourg-ville"},"share_on_mastodon":{"url":"https:\/\/pubeurope.com\/@fr\/114533613116951246","error":""},"_links":{"self":[{"href":"https:\/\/www.europesays.com\/fr\/wp-json\/wp\/v2\/posts\/111318","targetHints":{"allow":["GET"]}}],"collection":[{"href":"https:\/\/www.europesays.com\/fr\/wp-json\/wp\/v2\/posts"}],"about":[{"href":"https:\/\/www.europesays.com\/fr\/wp-json\/wp\/v2\/types\/post"}],"author":[{"embeddable":true,"href":"https:\/\/www.europesays.com\/fr\/wp-json\/wp\/v2\/users\/2"}],"replies":[{"embeddable":true,"href":"https:\/\/www.europesays.com\/fr\/wp-json\/wp\/v2\/comments?post=111318"}],"version-history":[{"count":0,"href":"https:\/\/www.europesays.com\/fr\/wp-json\/wp\/v2\/posts\/111318\/revisions"}],"wp:featuredmedia":[{"embeddable":true,"href":"https:\/\/www.europesays.com\/fr\/wp-json\/wp\/v2\/media\/111319"}],"wp:attachment":[{"href":"https:\/\/www.europesays.com\/fr\/wp-json\/wp\/v2\/media?parent=111318"}],"wp:term":[{"taxonomy":"category","embeddable":true,"href":"https:\/\/www.europesays.com\/fr\/wp-json\/wp\/v2\/categories?post=111318"},{"taxonomy":"post_tag","embeddable":true,"href":"https:\/\/www.europesays.com\/fr\/wp-json\/wp\/v2\/tags?post=111318"}],"curies":[{"name":"wp","href":"https:\/\/api.w.org\/{rel}","templated":true}]}}