{"id":111320,"date":"2025-05-19T08:43:08","date_gmt":"2025-05-19T08:43:08","guid":{"rendered":"https:\/\/www.europesays.com\/fr\/111320\/"},"modified":"2025-05-19T08:43:08","modified_gmt":"2025-05-19T08:43:08","slug":"blocage-du-centre-administratif-par-les-forains-reaction-de-jeanne-barseghian","status":"publish","type":"post","link":"https:\/\/www.europesays.com\/fr\/111320\/","title":{"rendered":"Blocage du Centre administratif par les forains : r\u00e9action de Jeanne Barseghian"},"content":{"rendered":"<p class=\"st-surtitre\">\n            Les forains ont d\u00e9cid\u00e9 de bloquer l\u2019ensemble des acc\u00e8s du Centre administratif et de ses abords lundi 19 mai, alors qu\u2019une nouvelle r\u00e9union avec les forains doit se tenir mardi 20 mai en Pr\u00e9fecture.\n        <\/p>\n<p>\u00ab Si je peux comprendre l\u2019inqui\u00e9tude et l\u2019\u00e9moi des professionnels forains, je condamne fermement les m\u00e9thodes employ\u00e9es mettant en situation d\u2019ins\u00e9curit\u00e9 les agentes, agents ainsi que les usagers du service public, d\u00e9clare Jeanne Barseghian, maire de Strasbourg. La tenue du Conseil municipal se trouve par ailleurs entrav\u00e9e ce qui est inacceptable. Nous restons pour autant ouverts au dialogue et une rencontre se tiendra aujourd\u2019hui si les conditions d\u2019une discussion sereine sont r\u00e9unies \u00bb.<\/p>\n<p>Le conseil municipal qui devait se tenir \u00e0 10h ouvrira \u00e0 14h si les conditions le permettent.<br \/>\u00a0<\/p>\n","protected":false},"excerpt":{"rendered":"Les forains ont d\u00e9cid\u00e9 de bloquer l\u2019ensemble des acc\u00e8s du Centre administratif et de ses abords lundi 19&hellip;\n","protected":false},"author":2,"featured_media":111321,"comment_status":"","ping_status":"","sticky":false,"template":"","format":"standard","meta":{"footnotes":""},"categories":[2820],"tags":[1111,11,1777,674,1011,27,775,12,25,23051,640,23050],"class_list":{"0":"post-111320","1":"post","2":"type-post","3":"status-publish","4":"format-standard","5":"has-post-thumbnail","7":"category-strasbourg","8":"tag-actu","9":"tag-actualites","10":"tag-eu","11":"tag-europe","12":"tag-fr","13":"tag-france","14":"tag-grand-est","15":"tag-news","16":"tag-republique-francaise","17":"tag-securite-publique","18":"tag-strasbourg","19":"tag-vie-politique-et-democratique"},"share_on_mastodon":{"url":"https:\/\/pubeurope.com\/@fr\/114533617028873262","error":""},"_links":{"self":[{"href":"https:\/\/www.europesays.com\/fr\/wp-json\/wp\/v2\/posts\/111320","targetHints":{"allow":["GET"]}}],"collection":[{"href":"https:\/\/www.europesays.com\/fr\/wp-json\/wp\/v2\/posts"}],"about":[{"href":"https:\/\/www.europesays.com\/fr\/wp-json\/wp\/v2\/types\/post"}],"author":[{"embeddable":true,"href":"https:\/\/www.europesays.com\/fr\/wp-json\/wp\/v2\/users\/2"}],"replies":[{"embeddable":true,"href":"https:\/\/www.europesays.com\/fr\/wp-json\/wp\/v2\/comments?post=111320"}],"version-history":[{"count":0,"href":"https:\/\/www.europesays.com\/fr\/wp-json\/wp\/v2\/posts\/111320\/revisions"}],"wp:featuredmedia":[{"embeddable":true,"href":"https:\/\/www.europesays.com\/fr\/wp-json\/wp\/v2\/media\/111321"}],"wp:attachment":[{"href":"https:\/\/www.europesays.com\/fr\/wp-json\/wp\/v2\/media?parent=111320"}],"wp:term":[{"taxonomy":"category","embeddable":true,"href":"https:\/\/www.europesays.com\/fr\/wp-json\/wp\/v2\/categories?post=111320"},{"taxonomy":"post_tag","embeddable":true,"href":"https:\/\/www.europesays.com\/fr\/wp-json\/wp\/v2\/tags?post=111320"}],"curies":[{"name":"wp","href":"https:\/\/api.w.org\/{rel}","templated":true}]}}