{"id":111322,"date":"2025-05-19T08:44:09","date_gmt":"2025-05-19T08:44:09","guid":{"rendered":"https:\/\/www.europesays.com\/fr\/111322\/"},"modified":"2025-05-19T08:44:09","modified_gmt":"2025-05-19T08:44:09","slug":"les-etats-unis-seront-ils-la-la-diplomatie-sactive-a-trois-semaines-du-sommet-de-locean-a-nice","status":"publish","type":"post","link":"https:\/\/www.europesays.com\/fr\/111322\/","title":{"rendered":"Les Etats-Unis seront-ils l\u00e0? La diplomatie s\u2019active \u00e0 trois semaines du Sommet de l\u2019oc\u00e9an \u00e0 Nice"},"content":{"rendered":"<p>Jeter les bases d\u2019une gouvernance pour l\u2019Oc\u00e9an mondial sera la grande affaire de l\u2019UNOC. Co-organis\u00e9 par la France et le Costa Rica, le sommet des Nations-Unies se tiendra \u00e0 Nice du 9 au 13 juin. \u00c0 trois semaines de l\u2019\u00e9v\u00e9nement, la diplomatie s\u2019active.<\/p>\n<p>\u00ab\u00a0\u00c0 ce stade, tout est encore ouvert, il y a toujours un suspens avec les \u00c9tats-Unis, admet l\u2019ambassadeur Olivier Poivre d\u2019Arvor, envoy\u00e9 sp\u00e9cial de la France \u00e0 Nice. Mais \u00e0 ce jour, cinquante d\u00e9l\u00e9gations conduites par des chefs de gouvernement et chefs d\u2019\u00c9tat ont annonc\u00e9 leur venue. C\u2019est le cas du Br\u00e9sil.\u00a0\u00bb En amont d\u2019un sommet des Nations-Unies, ce serait un record.<\/p>\n<p>Parmi les bonnes nouvelles annonc\u00e9es, \u00ab\u00a0l\u2019int\u00e9r\u00eat tr\u00e8s marqu\u00e9 des scientifiques chinois pour l\u2019UNOC\u00a0\u00bb, poursuit l\u2019ambassadeur. Quant aux Russes, \u00ab\u00a0ils seront repr\u00e9sent\u00e9s, mais nous n\u2019avons pas la liste de leur d\u00e9l\u00e9gation\u00a0\u00bb.<\/p>\n<p><strong>Un peu moins d\u2019Am\u00e9ricains<\/strong><\/p>\n<p>La pr\u00e9sence, ou pas, de chercheurs de nationalit\u00e9s \u00e9trang\u00e8res sera scrut\u00e9e de pr\u00e8s. De nouveau sur le front am\u00e9ricain, \u00ab\u00a0quelques d\u00e9fections sont enregistr\u00e9es, entre cinq et dix participants\u00a0\u00bb, relate Jean-Pierre Gattuso, directeur de recherche CNRS Sorbonne Universit\u00e9, qui relativise la port\u00e9e de ces absences.<\/p>\n<p>\u00ab\u00a0Nous avons 149 inscrits des \u00c9tats-Unis, ce qui est toujours une tr\u00e8s bonne repr\u00e9sentation des scientifiques am\u00e9ricains, des universit\u00e9s. Si c\u2019est un peu moins que pr\u00e9vu, c\u2019est satisfaisant quand m\u00eame.\u00a0\u00bb<\/p>\n<p>Au congr\u00e8s scientifique One Ocean Science, du 3 au 6 juin, 2.252 participants sont inscrits. Cette premi\u00e8re s\u00e9quence sera \u00ab\u00a0le pilier scientifique de l\u2019UNOC3\u00a0\u00bb, d\u00e9veloppe Fran\u00e7ois Houllier, directeur g\u00e9n\u00e9ral de l\u2019Ifremer.<\/p>\n<p>Avec le CNRS, les deux organismes publics de recherche sont co-organisateurs de cette premi\u00e8re s\u00e9quence. \u00ab\u00a0Notre objectif est de fournir aux chefs d\u2019\u00c9tats et \u00e0 l\u2019ensemble de la soci\u00e9t\u00e9, des connaissances, sur la sant\u00e9 de l\u2019oc\u00e9an. Pour permettre des d\u00e9cisions \u00e9clair\u00e9es.\u00a0\u00bb<\/p>\n<p><strong>Un barom\u00e8tre, chaque ann\u00e9e<\/strong><\/p>\n<p>\u00ab\u00a0Les initiatives scientifiques\u00a0\u00bb, vont se succ\u00e9der, insiste Olivier Poivre d\u2019Arvor, signe que \u00ab\u00a0l\u2019UNOC3 sera un sommet de combat pour la science\u00a0\u00bb.<\/p>\n<p>En particulier, un barom\u00e8tre de la connaissance et de la sant\u00e9 des mers du globe sera d\u00e9sormais d\u00e9voil\u00e9 chaque 8 juin. \u00ab\u00a0Il existe un v\u00e9ritable savoir scientifique sur ces enjeux globaux de l\u2019oc\u00e9an, mais il est dispers\u00e9, amorce Marina Levy, conseill\u00e8re Oc\u00e9an de l\u2019IRD (Institut de recherche pour le d\u00e9veloppement). Ce barom\u00e8tre va traduire des donn\u00e9es complexes en message clair et accessible pour le grand public.\u00a0\u00bb<\/p>\n<p>Starfish, c\u2019est son nom, sera symbolis\u00e9 par une \u00e9toile de mer. Chacune de ses branches pointant vers une facette de l\u2019Oc\u00e9an, indispensable aux grands \u00e9quilibres du monde vivant.<\/p>\n","protected":false},"excerpt":{"rendered":"Jeter les bases d\u2019une gouvernance pour l\u2019Oc\u00e9an mondial sera la grande affaire de l\u2019UNOC. Co-organis\u00e9 par la France&hellip;\n","protected":false},"author":2,"featured_media":111323,"comment_status":"","ping_status":"","sticky":false,"template":"","format":"standard","meta":{"footnotes":""},"categories":[2819],"tags":[1111,11,1129,1777,674,1011,27,12,2401,316,882,25,41],"class_list":{"0":"post-111322","1":"post","2":"type-post","3":"status-publish","4":"format-standard","5":"has-post-thumbnail","7":"category-nice","8":"tag-actu","9":"tag-actualites","10":"tag-climat","11":"tag-eu","12":"tag-europe","13":"tag-fr","14":"tag-france","15":"tag-news","16":"tag-nice","17":"tag-politique","18":"tag-provence-alpes-cote-dazur","19":"tag-republique-francaise","20":"tag-sciences"},"share_on_mastodon":{"url":"https:\/\/pubeurope.com\/@fr\/114533620995050716","error":""},"_links":{"self":[{"href":"https:\/\/www.europesays.com\/fr\/wp-json\/wp\/v2\/posts\/111322","targetHints":{"allow":["GET"]}}],"collection":[{"href":"https:\/\/www.europesays.com\/fr\/wp-json\/wp\/v2\/posts"}],"about":[{"href":"https:\/\/www.europesays.com\/fr\/wp-json\/wp\/v2\/types\/post"}],"author":[{"embeddable":true,"href":"https:\/\/www.europesays.com\/fr\/wp-json\/wp\/v2\/users\/2"}],"replies":[{"embeddable":true,"href":"https:\/\/www.europesays.com\/fr\/wp-json\/wp\/v2\/comments?post=111322"}],"version-history":[{"count":0,"href":"https:\/\/www.europesays.com\/fr\/wp-json\/wp\/v2\/posts\/111322\/revisions"}],"wp:featuredmedia":[{"embeddable":true,"href":"https:\/\/www.europesays.com\/fr\/wp-json\/wp\/v2\/media\/111323"}],"wp:attachment":[{"href":"https:\/\/www.europesays.com\/fr\/wp-json\/wp\/v2\/media?parent=111322"}],"wp:term":[{"taxonomy":"category","embeddable":true,"href":"https:\/\/www.europesays.com\/fr\/wp-json\/wp\/v2\/categories?post=111322"},{"taxonomy":"post_tag","embeddable":true,"href":"https:\/\/www.europesays.com\/fr\/wp-json\/wp\/v2\/tags?post=111322"}],"curies":[{"name":"wp","href":"https:\/\/api.w.org\/{rel}","templated":true}]}}