{"id":111325,"date":"2025-05-19T08:46:14","date_gmt":"2025-05-19T08:46:14","guid":{"rendered":"https:\/\/www.europesays.com\/fr\/111325\/"},"modified":"2025-05-19T08:46:14","modified_gmt":"2025-05-19T08:46:14","slug":"le-deboucheur-de-lestuaire-nouveau-specialiste-du-debouchage-de-canalisations-sur-le-bassin","status":"publish","type":"post","link":"https:\/\/www.europesays.com\/fr\/111325\/","title":{"rendered":"Le D\u00e9boucheur de l&rsquo;Estuaire : nouveau sp\u00e9cialiste du d\u00e9bouchage de canalisations sur le bassin"},"content":{"rendered":"<p>Le D\u00e9boucheur Nantais s\u2019implante \u00e0 Saint-Nazaire avec l\u2019ouverture d\u2019une nouvelle agence : Le D\u00e9boucheur de l&rsquo;Estuaire. R\u00e9active et efficace, l\u2019\u00e9quipe de professionnels intervient sur le bassin Nazairien pour toutes les urgences et entretien pr\u00e9ventif de vos installations et canalisations.<\/p>\n<p>C\u2019est pour toujours \u00eatre <strong>r\u00e9actif <\/strong>et <strong>au plus proche<\/strong> de sa client\u00e8le que Le D\u00e9boucheur Nantais \u00e9tend ses services \u00e0 Saint-Nazaire. L\u2019agence Le D\u00e9boucheur de l&rsquo;Estuaire ouvrira le <strong>1er juin<\/strong> dans la <strong>zone de Brais<\/strong>, mais en attendant, l\u2019\u00e9quipe compos\u00e9e de <strong>dix-sept experts en la mati\u00e8re<\/strong> est d\u00e9j\u00e0 \u00e0 pied d\u2019\u0153uvre pour <strong>r\u00e9pondre aux besoins des particuliers et professionnels<\/strong> !\u00a0<\/p>\n<p><img loading=\"lazy\" decoding=\"async\" style=\"display: block; margin-left: auto; margin-right: auto;\" src=\"https:\/\/www.europesays.com\/fr\/wp-content\/uploads\/2025\/05\/P35229532D6808734G.jpg\" alt=\"\" width=\"350\" height=\"467\"\/><\/p>\n<p>Sp\u00e9cialis\u00e9e dans le <strong>d\u00e9bouchage en urgence et en pr\u00e9ventif<\/strong>, l\u2019entreprise utilise du <strong>mat\u00e9riel dernier cri et r\u00e9cent<\/strong> et garantit un <strong>travail effectu\u00e9 dans les r\u00e8gles de l\u2019art<\/strong>, avec <strong>rigueur <\/strong>et <strong>professionnalisme<\/strong>. Des <strong>rapports d&rsquo;intervention complets<\/strong> sont mis \u00e0 disposition pour un suivi de qualit\u00e9. La soci\u00e9t\u00e9 a aussi mis en place un <strong>syst\u00e8me d&rsquo;astreinte <\/strong>qui permet de <strong>r\u00e9pondre aux urgences 7j\/7<\/strong>. Le D\u00e9boucheur de l&rsquo;Estuaire propose \u00e9galement des services de <strong>chemisage<\/strong>, de <strong>vidange de bacs \u00e0 graisse<\/strong> et <strong>d\u2019entretien des pompes de relevage<\/strong>.\u00a0<\/p>\n<p>L\u2019\u00e9quipe intervient sur <strong>Saint-Nazaire et alentours<\/strong>, la <strong>c\u00f4te de Jade<\/strong> (Saint-Br\u00e9vin, Pornic\u2026), la <strong>presqu&rsquo;\u00eele de Gu\u00e9rande<\/strong> et jusqu&rsquo;au <strong>pays de Savenay<\/strong>. WC ou \u00e9vier bouch\u00e9, canalisations qui refoulent\u2026 N\u2019h\u00e9sitez pas \u00e0 les contacter, l<strong>es devis sont gratuits<\/strong> !<\/p>\n<p>Infos pratiques<\/p>\n<p>\u00a0<\/p>\n","protected":false},"excerpt":{"rendered":"Le D\u00e9boucheur Nantais s\u2019implante \u00e0 Saint-Nazaire avec l\u2019ouverture d\u2019une nouvelle agence : Le D\u00e9boucheur de l&rsquo;Estuaire. R\u00e9active et&hellip;\n","protected":false},"author":2,"featured_media":111326,"comment_status":"","ping_status":"","sticky":false,"template":"","format":"standard","meta":{"footnotes":""},"categories":[2818],"tags":[1111,11,23052,1777,674,1011,27,1577,766,12,2636,25],"class_list":{"0":"post-111325","1":"post","2":"type-post","3":"status-publish","4":"format-standard","5":"has-post-thumbnail","7":"category-nantes","8":"tag-actu","9":"tag-actualites","10":"tag-deboucheur","11":"tag-eu","12":"tag-europe","13":"tag-fr","14":"tag-france","15":"tag-l","16":"tag-nantes","17":"tag-news","18":"tag-pays-de-la-loire","19":"tag-republique-francaise"},"share_on_mastodon":{"url":"https:\/\/pubeurope.com\/@fr\/114533628982637694","error":""},"_links":{"self":[{"href":"https:\/\/www.europesays.com\/fr\/wp-json\/wp\/v2\/posts\/111325","targetHints":{"allow":["GET"]}}],"collection":[{"href":"https:\/\/www.europesays.com\/fr\/wp-json\/wp\/v2\/posts"}],"about":[{"href":"https:\/\/www.europesays.com\/fr\/wp-json\/wp\/v2\/types\/post"}],"author":[{"embeddable":true,"href":"https:\/\/www.europesays.com\/fr\/wp-json\/wp\/v2\/users\/2"}],"replies":[{"embeddable":true,"href":"https:\/\/www.europesays.com\/fr\/wp-json\/wp\/v2\/comments?post=111325"}],"version-history":[{"count":0,"href":"https:\/\/www.europesays.com\/fr\/wp-json\/wp\/v2\/posts\/111325\/revisions"}],"wp:featuredmedia":[{"embeddable":true,"href":"https:\/\/www.europesays.com\/fr\/wp-json\/wp\/v2\/media\/111326"}],"wp:attachment":[{"href":"https:\/\/www.europesays.com\/fr\/wp-json\/wp\/v2\/media?parent=111325"}],"wp:term":[{"taxonomy":"category","embeddable":true,"href":"https:\/\/www.europesays.com\/fr\/wp-json\/wp\/v2\/categories?post=111325"},{"taxonomy":"post_tag","embeddable":true,"href":"https:\/\/www.europesays.com\/fr\/wp-json\/wp\/v2\/tags?post=111325"}],"curies":[{"name":"wp","href":"https:\/\/api.w.org\/{rel}","templated":true}]}}