{"id":111337,"date":"2025-05-19T08:52:15","date_gmt":"2025-05-19T08:52:15","guid":{"rendered":"https:\/\/www.europesays.com\/fr\/111337\/"},"modified":"2025-05-19T08:52:15","modified_gmt":"2025-05-19T08:52:15","slug":"une-nouvelle-brasserie-au-bureau-ouvre-ses-portes-dans-la-metropole-de-lille","status":"publish","type":"post","link":"https:\/\/www.europesays.com\/fr\/111337\/","title":{"rendered":"Une nouvelle Brasserie Au Bureau ouvre ses portes dans la m\u00e9tropole de Lille"},"content":{"rendered":"<p>            Par<br \/>\n        <strong><br \/>\n            <a href=\"https:\/\/actu.fr\/auteur\/amandine-vachez\" title=\"Consulter tous les articles de Amandine Vachez\" target=\"_blank\" rel=\"noopener\">Amandine Vachez<\/a><br \/>\n        <\/strong><\/p>\n<p>        Publi\u00e9 le<\/p>\n<p>            19 mai 2025 \u00e0 10h42<br \/>\n        ; mis \u00e0 jour le 19 mai 2025 \u00e0 10h49    <\/p>\n<p>Au Bureau vient d\u2019ouvrir un<b> nouvel \u00e9tablissement<\/b>, dans la<b> m\u00e9tropole de Lille<\/b> (Nord). Depuis le <b>jeudi 15\u00a0mai 2025<\/b>, le <b>pub brasserie<\/b> accueille la client\u00e8le \u00e0 <b>Lys-lez-Lannoy.<\/b> Cette ouverture, qui cl\u00f4ture une p\u00e9riode de 4\u00a0mois de travaux, s\u2019accompagne de la cr\u00e9ation de 35 emplois.<\/p>\n<p>Une nouvelle adresse de plus de 467\u00a0m2<\/p>\n<p class=\" wall-content\">Avec <b>311 places assises<\/b> dont <b>134 places en terrasse<\/b>, sur un espace de 467\u00a0m2, ce pub brasserie <b>Au Bureau Leers \u2013 Lys-lez-Lannoy<\/b> \u00ab\u2009participe \u00e0 la diversification de l\u2019offre de restauration de la ville, avec pour ambition de devenir un lieu incontournable pour se restaurer et se divertir tout au long de la journ\u00e9e\u2009\u00bb, pr\u00e9cise l\u2019enseigne.<\/p>\n<p class=\" wall-content\">Cette nouvelle adresse est g\u00e9r\u00e9e par un duo de passionn\u00e9s, Anne-Sophie et Gr\u00e9gory Botti. D\u00e9j\u00e0 propri\u00e9taires des enseignes de <a href=\"https:\/\/actu.fr\/hauts-de-france\/neuville-en-ferrain_59426\" target=\"_blank\" rel=\"noopener\">Neuville-en-Ferrain<\/a> (ouverte en 2018) et de <a href=\"https:\/\/actu.fr\/tag\/lomme\" target=\"_blank\" rel=\"noopener\">Lomme<\/a> (en 2021), ces anciens dirigeants d\u2019un supermarch\u00e9 et \u00ab\u2009commer\u00e7ants dans l\u2019\u00e2me\u2009\u00bb confient leur \u00ab\u2009profonde envie de travailler dans un<b> lieu convivial.<\/b> Nous nous sommes tout naturellement tourn\u00e9s vers la restauration. Clients du Au Bureau Saint-Amand, le concept nous plaisait particuli\u00e8rement et nous nous sommes lanc\u00e9s\u2009\u00bb, racontent-ils. Ils ajoutent une nouvelle corde \u00e0 leur arc avec ce nouvel \u00e9tablissement, sur un nouveau secteur.<\/p>\n<p>\u00c0 boire, \u00e0 manger et des animations<\/p>\n<p class=\" wall-content\">Pour rappel, Au Bureau, <b>pub brasserie au style anglo-saxon<\/b>, accueille sa client\u00e8le \u00e0 toute heure de la journ\u00e9e \u00ab\u2009pour une pause cosy et gourmande. Que ce soit pour un d\u00e9jeuner, un ap\u00e9ro, un d\u00eener ou une soir\u00e9e entre amis, les restaurants Au Bureau sont un v\u00e9ritable lieu de vie o\u00f9 sport, musique et ambiance festive rythment les moments partag\u00e9s\u2009\u00bb, d\u00e9crit l\u2019enseigne. Il s\u2019y tient r\u00e9guli\u00e8rement des<b> \u00e9v\u00e9nements (matchs diffus\u00e9s sur \u00e9cran g\u00e9ant, soir\u00e9es \u00e0 th\u00e8mes, happy hour en terrasse, DJ sets ou encore des concerts).<\/b><\/p>\n<p>Vid\u00e9os : en ce moment sur Actu<\/p>\n<p class=\" wall-content\">Dans l\u2019\u00e9tablissement de Leers \u2013 Lys-lez-Lannoy, on trouve \u00e0 l\u2019image des autres de l\u2019enseigne <b>des cocktails, des mocktails et autres boissons<\/b>, en plus d\u2019une <b>large s\u00e9lection de bi\u00e8res<\/b>. C\u00f4t\u00e9 nourriture, Au Bureau propose \u00ab<b>\u2009une cuisine de partage, g\u00e9n\u00e9reuse et ultra-gourmande.<\/b> Entre amis ou en famille, on d\u00e9couvre une large s\u00e9lection de burgers, des incontournables du Pub comme le Croque du Pub et la Chicken Roma ou encore des recettes ultra cheesy.\u2009\u00bb Cerise sur le g\u00e2teau, la carte des desserts est tr\u00e8s gourmande. Tent\u00e9 par l\u2019exp\u00e9rience\u2009? Vous n\u2019avez plus qu\u2019\u00e0 tester\u2009!<\/p>\n<p>Adresse\u2009: 134, avenue de l\u2019Europe, 59\u2009390 Lys-lez-Lannoy. Ouvert tous les jours de 10\u2009h \u00e0 23\u2009h et jusqu\u2019\u00e0 minuit les vendredis et samedis. <a href=\"https:\/\/www.aubureau.fr\/\" target=\"_blank\" rel=\"noopener\">Site internet.<\/a><\/p>\n<p class=\" wall-content\">Suivez toute l\u2019actualit\u00e9 de vos villes et m\u00e9dias favoris en vous inscrivant \u00e0 <a href=\"https:\/\/moncompte.actu.fr\" title=\"D\u00e9couvez Mon Actu\" rel=\"nofollow noopener\" data-trk=\"{&quot;cta&quot;:{&quot;action&quot;:&quot;https:\\\/\\\/moncompte.actu.fr&quot;,&quot;category&quot;:&quot;mon compte&quot;,&quot;from&quot;:&quot;article footer&quot;,&quot;name&quot;:&quot;Mon actu&quot;,&quot;type&quot;:&quot;cta&quot;}}\" target=\"_blank\">Mon Actu<\/a>.<\/p>\n<ul class=\"ac-article-tag wall-content\">\n<li><a href=\"https:\/\/actu.fr\/tag\/commerce\" data-trk=\"{&quot;cta&quot;:{&quot;action&quot;:&quot;Commerce&quot;,&quot;category&quot;:&quot;tag&quot;,&quot;from&quot;:&quot;article footer&quot;,&quot;name&quot;:&quot;Commerce&quot;,&quot;type&quot;:&quot;cta&quot;}}\" target=\"_blank\" rel=\"noopener\">#Commerce<\/a><\/li>\n<li><a href=\"https:\/\/actu.fr\/tag\/nouveaux-commerces\" data-trk=\"{&quot;cta&quot;:{&quot;action&quot;:&quot;Nouveaux commerces&quot;,&quot;category&quot;:&quot;tag&quot;,&quot;from&quot;:&quot;article footer&quot;,&quot;name&quot;:&quot;Nouveaux commerces&quot;,&quot;type&quot;:&quot;cta&quot;}}\" target=\"_blank\" rel=\"noopener\">#Nouveaux commerces<\/a><\/li>\n<\/ul>\n","protected":false},"excerpt":{"rendered":"Par Amandine Vachez Publi\u00e9 le 19 mai 2025 \u00e0 10h42 ; mis \u00e0 jour le 19 mai 2025&hellip;\n","protected":false},"author":2,"featured_media":111338,"comment_status":"","ping_status":"","sticky":false,"template":"","format":"standard","meta":{"footnotes":""},"categories":[2815],"tags":[1111,11,215,33,1777,674,1011,27,811,1307,12,3147,25],"class_list":{"0":"post-111337","1":"post","2":"type-post","3":"status-publish","4":"format-standard","5":"has-post-thumbnail","7":"category-lille","8":"tag-actu","9":"tag-actualites","10":"tag-commerce","11":"tag-economie","12":"tag-eu","13":"tag-europe","14":"tag-fr","15":"tag-france","16":"tag-hauts-de-france","17":"tag-lille","18":"tag-news","19":"tag-nouveaux-commerces","20":"tag-republique-francaise"},"share_on_mastodon":{"url":"https:\/\/pubeurope.com\/@fr\/114533652442923804","error":""},"_links":{"self":[{"href":"https:\/\/www.europesays.com\/fr\/wp-json\/wp\/v2\/posts\/111337","targetHints":{"allow":["GET"]}}],"collection":[{"href":"https:\/\/www.europesays.com\/fr\/wp-json\/wp\/v2\/posts"}],"about":[{"href":"https:\/\/www.europesays.com\/fr\/wp-json\/wp\/v2\/types\/post"}],"author":[{"embeddable":true,"href":"https:\/\/www.europesays.com\/fr\/wp-json\/wp\/v2\/users\/2"}],"replies":[{"embeddable":true,"href":"https:\/\/www.europesays.com\/fr\/wp-json\/wp\/v2\/comments?post=111337"}],"version-history":[{"count":0,"href":"https:\/\/www.europesays.com\/fr\/wp-json\/wp\/v2\/posts\/111337\/revisions"}],"wp:featuredmedia":[{"embeddable":true,"href":"https:\/\/www.europesays.com\/fr\/wp-json\/wp\/v2\/media\/111338"}],"wp:attachment":[{"href":"https:\/\/www.europesays.com\/fr\/wp-json\/wp\/v2\/media?parent=111337"}],"wp:term":[{"taxonomy":"category","embeddable":true,"href":"https:\/\/www.europesays.com\/fr\/wp-json\/wp\/v2\/categories?post=111337"},{"taxonomy":"post_tag","embeddable":true,"href":"https:\/\/www.europesays.com\/fr\/wp-json\/wp\/v2\/tags?post=111337"}],"curies":[{"name":"wp","href":"https:\/\/api.w.org\/{rel}","templated":true}]}}