{"id":111341,"date":"2025-05-19T08:54:11","date_gmt":"2025-05-19T08:54:11","guid":{"rendered":"https:\/\/www.europesays.com\/fr\/111341\/"},"modified":"2025-05-19T08:54:11","modified_gmt":"2025-05-19T08:54:11","slug":"poussieres-du-sahara-vent-orages-la-meteo-change-radicalement-cette-semaine","status":"publish","type":"post","link":"https:\/\/www.europesays.com\/fr\/111341\/","title":{"rendered":"Poussi\u00e8res du Sahara, vent, orages&#8230; la m\u00e9t\u00e9o change radicalement cette semaine"},"content":{"rendered":"<p>            Par<br \/>\n        <strong><br \/>\n            <a href=\"https:\/\/actu.fr\/auteur\/fabien-binacchi\" title=\"Consulter tous les articles de Fabien Binacchi\" target=\"_blank\" rel=\"noopener\">Fabien Binacchi<\/a><br \/>\n        <\/strong><\/p>\n<p>        Publi\u00e9 le<\/p>\n<p>            19 mai 2025 \u00e0 9h07        <\/p>\n<p>Quand aura-t-on enfin droit \u00e0 une m\u00e9t\u00e9o cl\u00e9mente, plusieurs jours d\u2019affil\u00e9e, \u00e0 <a href=\"https:\/\/actu.fr\/marseille\/\" target=\"_blank\" rel=\"noopener\">Marseille<\/a> et dans les <a href=\"https:\/\/actu.fr\/provence-alpes-cote-d-azur\/bouches-du-rhone_13\" target=\"_blank\" rel=\"noopener\">Bouches-du-Rh\u00f4ne<\/a>\u2009? Et bien, <strong>a priori, pas encore cette semaine.<\/strong> Des orages, du vent et m\u00eame du sable du Sahara sont au programme du 19 au 25\u00a0mai 2025.<\/p>\n<p class=\" wall-content\">Voil\u00e0 les pr\u00e9visions.<\/p>\n<p>Un lundi qui donne le ton<\/p>\n<p class=\" wall-content\">Les semaines se suivent\u2026 et se ressemblent. Selon <a href=\"https:\/\/www.facebook.com\/lameteodu13\" target=\"_blank\" rel=\"noopener\">La M\u00e9t\u00e9o du 13<\/a> et M\u00e9t\u00e9o-France, de l\u2019instabilit\u00e9 est \u00e0 nouveau au programme du 19 au 25\u00a0mai 2025.<\/p>\n<p class=\" wall-content\">Et \u00e7a commence d\u00e8s ce lundi\u00a019 avec \u00ab\u2009le retour des poussi\u00e8res du Sahara <strong>en altitude<\/strong> pour 24h seulement\u2009\u00bb, note le m\u00e9t\u00e9orologue Paul Marquis. Un d\u00e9but de semaine <strong>\u00ab\u2009parfois lourd\u2009\u00bb<\/strong> et <strong>\u00ab\u2009dans une ambiance \u00e9trange\u2009\u00bb<\/strong> qui donne le ton.<\/p>\n<p>(Nouvelle) alerte aux orages<\/p>\n<p class=\" wall-content\">Ce mardi, M\u00e9t\u00e9o-France a pr\u00e9vu de faire \u00e0 nouveau basculer les Bouches-du-Rh\u00f4ne en vigilance jaunes aux \u00ab\u2009orages\u2009\u00bb d\u00e8s 3h du matin et jusqu\u2019\u00e0 midi. Ils vont essentiellement concerner la partie Est du d\u00e9partement et notamment Marseille. Attention, ils peuvent <strong>\u00ab\u00eatre localement forts d\u00e8s le d\u00e9but de matin\u00e9e\u00bb<\/strong>, pr\u00e9cise encore Paul Marquis.<\/p>\n<p>Vid\u00e9os : en ce moment sur Actu<\/p>\n<p class=\" wall-content\">Et si la pluie n\u2019est annonc\u00e9e que pour une journ\u00e9e, les nuages n\u2019ont pas dit leur dernier mot. Ensuite, <strong>\u00ab\u2009la m\u00e9t\u00e9o sera tr\u00e8s changeante d\u2019un jour \u00e0 l\u2019autre\u2009\u00bb<\/strong>, notamment sur le plan \u00ab\u2009de la n\u00e9bulosit\u00e9\u2009\u00bb, rel\u00e8ve encore le sp\u00e9cialiste de la m\u00e9t\u00e9o.<\/p>\n<p>Du vent jusqu\u2019\u00e0 80\u00a0km\/h<\/p>\n<p class=\" wall-content\">Attendez-vous donc \u00e0 un ciel encore voil\u00e9 mercredi et jeudi. Puis, bonne nouvelle\u2009: les deux plus belles journ\u00e9es de la semaine devraient \u00eatre <strong>celles du vendredi et du samedi<\/strong>, avant un retour progressif des nuages pour dimanche.<\/p>\n<p class=\" wall-content\">Le tout, pouss\u00e9 par un vent soutenu toute la semaine, au moins jusqu\u2019\u00e0 samedi. <strong>Il ne soufflera pas \u00e0 moins de 45km\/h.<\/strong> Jeudi, les rafales peuvent m\u00eame atteindre les 80km\/h.<\/p>\n<p>Le grand \u00e9cart des temp\u00e9ratures<\/p>\n<p class=\" wall-content\">Les temp\u00e9ratures, \u00e0 Marseille notamment, vont <strong>faire le yo-yo.<\/strong><\/p>\n<p class=\" wall-content\">Les minimales oscillent <strong>entre 13\u00b0C et 17\u00b0C<\/strong> et les maximales <strong>entre 21\u00b0C et 25\u00b0C.<\/strong> Ce lundi est la journ\u00e9e la plus chaude de la semaine avant deux nets rafra\u00eechissements mardi et jeudi.<\/p>\n<p class=\" wall-content\">Suivez toute l\u2019actualit\u00e9 de vos villes et m\u00e9dias favoris en vous inscrivant \u00e0 <a href=\"https:\/\/moncompte.actu.fr\" title=\"D\u00e9couvez Mon Actu\" rel=\"nofollow noopener\" data-trk=\"{&quot;cta&quot;:{&quot;action&quot;:&quot;https:\\\/\\\/moncompte.actu.fr&quot;,&quot;category&quot;:&quot;mon compte&quot;,&quot;from&quot;:&quot;article footer&quot;,&quot;name&quot;:&quot;Mon actu&quot;,&quot;type&quot;:&quot;cta&quot;}}\" target=\"_blank\">Mon Actu<\/a>.<\/p>\n","protected":false},"excerpt":{"rendered":"Par Fabien Binacchi Publi\u00e9 le 19 mai 2025 \u00e0 9h07 Quand aura-t-on enfin droit \u00e0 une m\u00e9t\u00e9o cl\u00e9mente,&hellip;\n","protected":false},"author":2,"featured_media":21204,"comment_status":"","ping_status":"","sticky":false,"template":"","format":"standard","meta":{"footnotes":""},"categories":[2814],"tags":[1111,11,1777,674,1011,27,884,2487,2357,10509,12,4594,882,25],"class_list":{"0":"post-111341","1":"post","2":"type-post","3":"status-publish","4":"format-standard","5":"has-post-thumbnail","7":"category-marseille","8":"tag-actu","9":"tag-actualites","10":"tag-eu","11":"tag-europe","12":"tag-fr","13":"tag-france","14":"tag-marseille","15":"tag-meteo","16":"tag-meteo-france","17":"tag-mistral-vent","18":"tag-news","19":"tag-orages","20":"tag-provence-alpes-cote-dazur","21":"tag-republique-francaise"},"share_on_mastodon":{"url":"https:\/\/pubeurope.com\/@fr\/114533660335281063","error":""},"_links":{"self":[{"href":"https:\/\/www.europesays.com\/fr\/wp-json\/wp\/v2\/posts\/111341","targetHints":{"allow":["GET"]}}],"collection":[{"href":"https:\/\/www.europesays.com\/fr\/wp-json\/wp\/v2\/posts"}],"about":[{"href":"https:\/\/www.europesays.com\/fr\/wp-json\/wp\/v2\/types\/post"}],"author":[{"embeddable":true,"href":"https:\/\/www.europesays.com\/fr\/wp-json\/wp\/v2\/users\/2"}],"replies":[{"embeddable":true,"href":"https:\/\/www.europesays.com\/fr\/wp-json\/wp\/v2\/comments?post=111341"}],"version-history":[{"count":0,"href":"https:\/\/www.europesays.com\/fr\/wp-json\/wp\/v2\/posts\/111341\/revisions"}],"wp:featuredmedia":[{"embeddable":true,"href":"https:\/\/www.europesays.com\/fr\/wp-json\/wp\/v2\/media\/21204"}],"wp:attachment":[{"href":"https:\/\/www.europesays.com\/fr\/wp-json\/wp\/v2\/media?parent=111341"}],"wp:term":[{"taxonomy":"category","embeddable":true,"href":"https:\/\/www.europesays.com\/fr\/wp-json\/wp\/v2\/categories?post=111341"},{"taxonomy":"post_tag","embeddable":true,"href":"https:\/\/www.europesays.com\/fr\/wp-json\/wp\/v2\/tags?post=111341"}],"curies":[{"name":"wp","href":"https:\/\/api.w.org\/{rel}","templated":true}]}}