{"id":111342,"date":"2025-05-19T08:55:12","date_gmt":"2025-05-19T08:55:12","guid":{"rendered":"https:\/\/www.europesays.com\/fr\/111342\/"},"modified":"2025-05-19T08:55:12","modified_gmt":"2025-05-19T08:55:12","slug":"lfi-presentera-une-candidature-autonome-et-rejette-une-alliance-avec-la-coalition-de-benoit-payan","status":"publish","type":"post","link":"https:\/\/www.europesays.com\/fr\/111342\/","title":{"rendered":"LFI pr\u00e9sentera une candidature autonome et rejette une alliance avec la coalition de Beno\u00eet Payan"},"content":{"rendered":"<p>La rupture entre le Printemps marseillais, la coalition de gauche \u00e0 la t\u00eate de Marseille et men\u00e9e par l\u2019ancien socialiste Beno\u00eet Payan, et les Insoumis est officiellement consomm\u00e9e. S\u00e9bastien Delogu fait partie des chefs de files nomm\u00e9s par LFI pour les prochaines municipales.<\/p>\n<p class=\"fig-paragraph\">Les Insoumis ont annonc\u00e9 dimanche vouloir pr\u00e9senter une candidature autonome pour les<a href=\"http:\/\/www.lefigaro.fr\/marseille\/municipales-a-marseille-renaud-muselier-pret-a-soutenir-martine-vassal-en-cas-de-candidature-20250514\" data-fig-type=\"NewsFlash\" data-gtm-custom-categorie=\"navigation\" data-gtm-custom-action=\"crossclick\" data-gtm-custom-label=\"Contextuel\" data-gtm-event=\"customEventSPE\" data-fig-domain=\"LEFIGARO\" target=\"_blank\" rel=\"noopener\">\u00a0\u00e9lections municipales 2026 \u00e0 Marseille<\/a>, refusant ainsi de s&rsquo;allier avec la coalition du Printemps marseillais conduite par le maire divers gauche<a href=\"http:\/\/www.lefigaro.fr\/politique\/benoit-payan-un-electeur-de-saint-jean-de-luz-et-de-marseille-doivent-avoir-la-meme-voix-20250409\" data-fig-type=\"Article\" data-gtm-custom-categorie=\"navigation\" data-gtm-custom-action=\"crossclick\" data-gtm-custom-label=\"Contextuel\" data-gtm-event=\"customEventSPE\" data-fig-domain=\"LEFIGARO\" target=\"_blank\" rel=\"noopener\">\u00a0Beno\u00eet Payan.<\/a><\/p>\n<p class=\"fig-paragraph\">\u00abLFI portera une candidature autonome pour les municipales 2026 \u00e0 Marseille. On se positionne clairement comme une alternative au Printemps marseillais\u00bb, a affirm\u00e9 \u00e0 l&rsquo;AFP un porte-parole marseillais des Insoumis. Cette large alliance de gauche et citoyenne, compos\u00e9e notamment de socialistes, communistes et \u00e9cologistes, avait ravi la municipalit\u00e9 en 2020 apr\u00e8s 25 ans aux mains de la droite.<\/p>\n<p class=\"fig-paragraph\">Cette annonce met ainsi fin \u00e0 un secret de Polichinelle tant les deux camps n&rsquo;ont pas retenu leurs coups l&rsquo;un envers l&rsquo;autre ces derniers mois. Les Insoumis n&rsquo;ont en revanche pas encore d\u00e9sign\u00e9 leur t\u00eate d&rsquo;affiche et le potentiel candidat pour le poste de maire, m\u00eame si le d\u00e9put\u00e9 de Marseille S\u00e9bastien Delogu fait office de favori.<\/p>\n<p>Un candidat d\u00e9sign\u00e9 au \u00absecond semestre\u00bb<\/p>\n<p class=\"fig-paragraph\">Le parti a seulement d\u00e9sign\u00e9 quatre \u00abchefs de file\u00bb dimanche: S\u00e9bastien Delogu, Mohammed Bensaada, le seul candidat soutenu par les Insoumis lors des municipales en 2020, au premier tour, dans les 13e et 14e arrondissements, L\u00e9a Bijaoui et Paola Hartpence.<\/p>\n<p class=\"fig-paragraph\">Leur r\u00f4le sera d&rsquo;\u00abanimer cette campagne et cr\u00e9er les conditions d&rsquo;un rassemblement victorieux\u00bb, selon un communiqu\u00e9 post\u00e9 sur les r\u00e9seaux sociaux X et Bluesky.<\/p>\n<p class=\"fig-paragraph\">Selon eux, \u00abla promesse d&rsquo;une rupture\u00bb port\u00e9e en 2020 par le Printemps marseillais s&rsquo;est en fait \u00abvite effac\u00e9e derri\u00e8re une politique essentiellement gestionnaire\u00bb, ces \u00abrenoncements\u00bb ayant pour cons\u00e9quence de \u00abfaire progresser l&rsquo;extr\u00eame droite\u00bb.<\/p>\n<p class=\"fig-paragraph\">\u00abJamais nous ne laisserons l&rsquo;extr\u00eame droite prendre notre ville. Nous voulons enfin tourner la page du syst\u00e8me Gaudin-Gu\u00e9rini, de ses m\u00e9thodes et de ses politiques injustes qui ont creus\u00e9 \u00e0 Marseille un foss\u00e9 d&rsquo;in\u00e9galit\u00e9s inacceptable\u00bb, assure LFI, en \u00e9voquant\u00a0<a href=\"http:\/\/www.lefigaro.fr\/marseille\/a-marseille-le-dernier-adieu-a-jean-claude-gaudin-20240523\" data-fig-type=\"Article\" data-gtm-custom-categorie=\"navigation\" data-gtm-custom-action=\"crossclick\" data-gtm-custom-label=\"Contextuel\" data-gtm-event=\"customEventSPE\" data-fig-domain=\"LEFIGARO\" target=\"_blank\" rel=\"noopener\">Jean-Claude Gaudin<\/a>, le maire de droite en poste de 1995 \u00e0 2020, et l&rsquo;ex-pr\u00e9sident socialiste du d\u00e9partement,\u00a0<a href=\"http:\/\/www.lefigaro.fr\/marseille\/bouches-du-rhone-jean-noel-guerini-demissionne-du-senat-apres-sa-condamnation-definitive-20240321\" data-fig-type=\"NewsFlash\" data-gtm-custom-categorie=\"navigation\" data-gtm-custom-action=\"crossclick\" data-gtm-custom-label=\"Contextuel\" data-gtm-event=\"customEventSPE\" data-fig-domain=\"LEFIGARO\" target=\"_blank\" rel=\"noopener\">Jean-No\u00ebl Gu\u00e9rini<\/a>, d\u00e9finitivement condamn\u00e9 en mars 2024 pour une affaire de march\u00e9s publics truqu\u00e9s.<\/p>\n<p class=\"fig-paragraph\">LFI attendra \u00able second semestre\u00bb 2025 pour d\u00e9voiler officiellement ses candidats pour les municipales de mars 2026, quand le mode de scrutin sera connu, a pr\u00e9cis\u00e9 \u00e0 l&rsquo;AFP un porte-parole de l&rsquo;organisation.<\/p>\n<p class=\"fig-paragraph\">Une proposition de loi transformant le mode de scrutin sp\u00e9cifique \u00e0 Paris, Lyon et Marseille, instaur\u00e9 par la loi PLM du 31 d\u00e9cembre 1982, est en effet toujours en d\u00e9bat au Parlement. Dans ces villes, elle viserait \u00e0 remplacer l&rsquo;\u00e9lection par arrondissement ou secteur (huit secteurs \u00e0 Marseille, NDLR) par une \u00e9lection dans une circonscription unique, comme dans toutes les autres communes de France.<\/p>\n","protected":false},"excerpt":{"rendered":"La rupture entre le Printemps marseillais, la coalition de gauche \u00e0 la t\u00eate de Marseille et men\u00e9e par&hellip;\n","protected":false},"author":2,"featured_media":111343,"comment_status":"","ping_status":"","sticky":false,"template":"","format":"standard","meta":{"footnotes":""},"categories":[2814],"tags":[1111,11,6469,885,1182,1180,1181,1777,674,1011,27,1184,1185,780,884,3554,12,1177,1176,149,1186,882,25,1178,10338,1183,1179],"class_list":{"0":"post-111342","1":"post","2":"type-post","3":"status-publish","4":"format-standard","5":"has-post-thumbnail","7":"category-marseille","8":"tag-actu","9":"tag-actualites","10":"tag-benoit-payan","11":"tag-bouches-du-rhone","12":"tag-calanques","13":"tag-canebiere","14":"tag-cite-phoceenne","15":"tag-eu","16":"tag-europe","17":"tag-fr","18":"tag-france","19":"tag-la-timone","20":"tag-les-baumettes-mediterranee","21":"tag-lfi","22":"tag-marseille","23":"tag-municipales","24":"tag-news","25":"tag-notre-dame-de-la-garde","26":"tag-olympique-de-marseille","27":"tag-om","28":"tag-provence","29":"tag-provence-alpes-cote-dazur","30":"tag-republique-francaise","31":"tag-saint-charles","32":"tag-sebastien-delogu","33":"tag-sormiou","34":"tag-vieux-port"},"share_on_mastodon":{"url":"https:\/\/pubeurope.com\/@fr\/114533664302667901","error":""},"_links":{"self":[{"href":"https:\/\/www.europesays.com\/fr\/wp-json\/wp\/v2\/posts\/111342","targetHints":{"allow":["GET"]}}],"collection":[{"href":"https:\/\/www.europesays.com\/fr\/wp-json\/wp\/v2\/posts"}],"about":[{"href":"https:\/\/www.europesays.com\/fr\/wp-json\/wp\/v2\/types\/post"}],"author":[{"embeddable":true,"href":"https:\/\/www.europesays.com\/fr\/wp-json\/wp\/v2\/users\/2"}],"replies":[{"embeddable":true,"href":"https:\/\/www.europesays.com\/fr\/wp-json\/wp\/v2\/comments?post=111342"}],"version-history":[{"count":0,"href":"https:\/\/www.europesays.com\/fr\/wp-json\/wp\/v2\/posts\/111342\/revisions"}],"wp:featuredmedia":[{"embeddable":true,"href":"https:\/\/www.europesays.com\/fr\/wp-json\/wp\/v2\/media\/111343"}],"wp:attachment":[{"href":"https:\/\/www.europesays.com\/fr\/wp-json\/wp\/v2\/media?parent=111342"}],"wp:term":[{"taxonomy":"category","embeddable":true,"href":"https:\/\/www.europesays.com\/fr\/wp-json\/wp\/v2\/categories?post=111342"},{"taxonomy":"post_tag","embeddable":true,"href":"https:\/\/www.europesays.com\/fr\/wp-json\/wp\/v2\/tags?post=111342"}],"curies":[{"name":"wp","href":"https:\/\/api.w.org\/{rel}","templated":true}]}}