{"id":111346,"date":"2025-05-19T08:57:16","date_gmt":"2025-05-19T08:57:16","guid":{"rendered":"https:\/\/www.europesays.com\/fr\/111346\/"},"modified":"2025-05-19T08:57:16","modified_gmt":"2025-05-19T08:57:16","slug":"les-organisateurs-sortent-du-silence","status":"publish","type":"post","link":"https:\/\/www.europesays.com\/fr\/111346\/","title":{"rendered":"les organisateurs sortent du silence"},"content":{"rendered":"<p>            Par<br \/>\n        <strong><br \/>\n            <a href=\"https:\/\/actu.fr\/auteur\/anthony-soudani\" title=\"Consulter tous les articles de Anthony Soudani\" target=\"_blank\" rel=\"noopener\">Anthony Soudani<\/a><br \/>\n        <\/strong><\/p>\n<p>        Publi\u00e9 le<\/p>\n<p>            19 mai 2025 \u00e0 10h43        <\/p>\n<p>Le monde de la musique et notamment du rap fran\u00e7ais endeuill\u00e9. La <a href=\"https:\/\/actu.fr\/ile-de-france\/montreuil_93048\/mort-du-rappeur-werenoi-le-plus-gros-vendeur-de-musique-de-france-aux-millions-d-albums_62650401.html\" target=\"_blank\" rel=\"noopener\">mort de Werenoi \u00e0 l\u2019\u00e2g\u00e9 de 31 ans<\/a> des suites d\u2019une d\u00e9faillance cardiaque a provoqu\u00e9 une v\u00e9ritable onde de choc samedi 17 mai. Les hommages n\u2019ont cess\u00e9 de pleuvoir sur les r\u00e9seaux sociaux.\u00a0<\/p>\n<p class=\" wall-content\">L\u2019artiste en t\u00eate des ventes d\u2019albums en France <a href=\"https:\/\/actu.fr\/auvergne-rhone-alpes\/lyon_69123\/mort-de-werenoi-le-rappeur-devait-se-produire-samedi-a-lyon-les-fans-sous-le-choc_62650705.html\" target=\"_blank\" rel=\"noopener\">devait se produire le soir m\u00eame au Azar Club, bo\u00eete de nuit de Lyon<\/a> tr\u00e8s populaire dans le quartier de Confluence. Son concert avait \u00e9t\u00e9 annul\u00e9 la veille de l\u2019\u00e9v\u00e9nement.\u00a0<\/p>\n<p>\u00ab\u00a0C\u2019est avec \u00e9motion que nous avons appris le d\u00e9c\u00e8s de Werenoi\u00a0\u00bb<\/p>\n<p class=\" wall-content\">La discoth\u00e8que a pr\u00e9f\u00e9r\u00e9 attendre le lendemain de cette terrible nouvelle, dimanche 18 avril, pour sortir du silence et r\u00e9agir sur Instagram.<\/p>\n<p class=\" wall-content\">\u00ab\u00a0C\u2019est avec \u00e9motion que nous avons appris le d\u00e9c\u00e8s de Werenoi, artiste singulier et voix marquante de sa g\u00e9n\u00e9ration, que nous devions accueillir ce soir au Azar Club. Nous gardons en m\u00e9moire <strong>le talent, la force et l\u2019authenticit\u00e9<\/strong> d\u2019un artiste qui a marqu\u00e9 son \u00e9poque. Toutes nos pens\u00e9es accompagnent sa famille, ses proches et ses \u00e9quipes\u00a0\u00bb, r\u00e9agit l\u2019\u00e9quipe Azar Club &amp; Jackpot.<\/p>\n<p class=\" wall-content\"><a href=\"https:\/\/www.instagram.com\/p\/DJwPVtQouZg\/embed\" title=\"Ouvrir le lien sur Instagram\" target=\"_blank\" rel=\"noopener\">Visualiser le contenu sur Instagram<\/a><\/p>\n<p>Ses proches demandent d\u2019arr\u00eater d\u2019\u00e9couter ses musiques<\/p>\n<p class=\" wall-content\">Sa famille, ses proches et ses \u00e9quipes appellent d\u2019ailleurs \u00e0 retirer toutes ses musiques et ne plus les \u00e9couter pour respecter sa foi musulmane. Cela est d\u00e9j\u00e0 le cas <strong>sur Youtube o\u00f9 il n\u2019y a plus aucun son du rappeur fran\u00e7ais<\/strong>. Cependant, les musiques sont toujours en ligne sur les plateformes d\u2019\u00e9coute \u00e0 la demande telles qu\u2019Apple Music ou Spotify.\u00a0<\/p>\n<p>Vid\u00e9os : en ce moment sur Actu<\/p>\n<p class=\" wall-content\">Sa courte carri\u00e8re a d\u00e9but\u00e9 en 2021. Son album \u00ab Carr\u00e9 \u00bb, sorti en 2023, comptabilise plus de 342 200 ventes, faisant de lui le meilleur vendeur de l\u2019ann\u00e9e. Un an plus tard, gr\u00e2ce \u00e0 \u00ab Pyramide \u00bb, il avait aussi r\u00e9cup\u00e9r\u00e9 la couronne gr\u00e2ce \u00e0 des chiffres stratosph\u00e9riques : 345 000 copies \u00e9coul\u00e9es.<\/p>\n<p class=\" wall-content\">Sorti le 11 avril dernier, son album \u00ab Diamant noir \u00bb avait litt\u00e9ralement cartonn\u00e9 en premi\u00e8re semaine avec 53 821 ventes.<\/p>\n<p class=\" wall-content\">Suivez toute l\u2019actualit\u00e9 de vos villes et m\u00e9dias favoris en vous inscrivant \u00e0 <a href=\"https:\/\/moncompte.actu.fr\" title=\"D\u00e9couvez Mon Actu\" rel=\"nofollow noopener\" data-trk=\"{&quot;cta&quot;:{&quot;action&quot;:&quot;https:\\\/\\\/moncompte.actu.fr&quot;,&quot;category&quot;:&quot;mon compte&quot;,&quot;from&quot;:&quot;article footer&quot;,&quot;name&quot;:&quot;Mon actu&quot;,&quot;type&quot;:&quot;cta&quot;}}\" target=\"_blank\">Mon Actu<\/a>.<\/p>\n<p>                    <script async src=\"\/\/www.instagram.com\/embed.js\"><\/script><\/p>\n","protected":false},"excerpt":{"rendered":"Par Anthony Soudani Publi\u00e9 le 19 mai 2025 \u00e0 10h43 Le monde de la musique et notamment du&hellip;\n","protected":false},"author":2,"featured_media":107886,"comment_status":"","ping_status":"","sticky":false,"template":"","format":"standard","meta":{"footnotes":""},"categories":[1889],"tags":[1111,11,2430,1777,674,1011,27,2428,873,12,3616,25,104,2784],"class_list":{"0":"post-111346","1":"post","2":"type-post","3":"status-publish","4":"format-standard","5":"has-post-thumbnail","7":"category-lyon","8":"tag-actu","9":"tag-actualites","10":"tag-auvergne-rhone-alpes","11":"tag-eu","12":"tag-europe","13":"tag-fr","14":"tag-france","15":"tag-lyon","16":"tag-musique","17":"tag-news","18":"tag-rap","19":"tag-republique-francaise","20":"tag-societe","21":"tag-youtube"},"share_on_mastodon":{"url":"https:\/\/pubeurope.com\/@fr\/114533672207337161","error":""},"_links":{"self":[{"href":"https:\/\/www.europesays.com\/fr\/wp-json\/wp\/v2\/posts\/111346","targetHints":{"allow":["GET"]}}],"collection":[{"href":"https:\/\/www.europesays.com\/fr\/wp-json\/wp\/v2\/posts"}],"about":[{"href":"https:\/\/www.europesays.com\/fr\/wp-json\/wp\/v2\/types\/post"}],"author":[{"embeddable":true,"href":"https:\/\/www.europesays.com\/fr\/wp-json\/wp\/v2\/users\/2"}],"replies":[{"embeddable":true,"href":"https:\/\/www.europesays.com\/fr\/wp-json\/wp\/v2\/comments?post=111346"}],"version-history":[{"count":0,"href":"https:\/\/www.europesays.com\/fr\/wp-json\/wp\/v2\/posts\/111346\/revisions"}],"wp:featuredmedia":[{"embeddable":true,"href":"https:\/\/www.europesays.com\/fr\/wp-json\/wp\/v2\/media\/107886"}],"wp:attachment":[{"href":"https:\/\/www.europesays.com\/fr\/wp-json\/wp\/v2\/media?parent=111346"}],"wp:term":[{"taxonomy":"category","embeddable":true,"href":"https:\/\/www.europesays.com\/fr\/wp-json\/wp\/v2\/categories?post=111346"},{"taxonomy":"post_tag","embeddable":true,"href":"https:\/\/www.europesays.com\/fr\/wp-json\/wp\/v2\/tags?post=111346"}],"curies":[{"name":"wp","href":"https:\/\/api.w.org\/{rel}","templated":true}]}}