{"id":111347,"date":"2025-05-19T08:58:09","date_gmt":"2025-05-19T08:58:09","guid":{"rendered":"https:\/\/www.europesays.com\/fr\/111347\/"},"modified":"2025-05-19T08:58:09","modified_gmt":"2025-05-19T08:58:09","slug":"operation-escargot-sur-la6-la-circulation-perturbee-sur-les-routes-dile-de-france","status":"publish","type":"post","link":"https:\/\/www.europesays.com\/fr\/111347\/","title":{"rendered":"op\u00e9ration escargot sur l&rsquo;A6, la circulation perturb\u00e9e sur les routes d&rsquo;\u00cele-de-France"},"content":{"rendered":"<p>            Par<br \/>\n        <strong><br \/>\n            <a href=\"https:\/\/actu.fr\/auteur\/redaction-paris\" title=\"Consulter tous les articles de R\u00e9daction Paris\" rel=\"nofollow noopener\" target=\"_blank\">R\u00e9daction Paris<\/a><br \/>\n        <\/strong><\/p>\n<p>        Publi\u00e9 le<\/p>\n<p>            19 mai 2025 \u00e0 8h43        <\/p>\n<p>Rendez-vous a \u00e9t\u00e9 donn\u00e9 boulevard Raspail.\u00a0Ce lundi 19\u00a0mai 2025, la <a href=\"https:\/\/actu.fr\/tag\/circulation\" rel=\"nofollow noopener\" target=\"_blank\">circulation<\/a> est <strong>difficile<\/strong> sur les routes d\u2019\u00cele-de-France en direction de Paris. La raison\u2009? <a href=\"https:\/\/actu.fr\/ile-de-france\/paris_75056\/les-taxis-manifestent-ce-lundi-en-france-contre-les-nouveaux-tarifs-sanitaires-a-quoi-s-attendre-a-paris_62653260.html\" rel=\"nofollow noopener\" target=\"_blank\">La mobilisation organis\u00e9e<\/a> par la F\u00e9d\u00e9ration nationale du taxi (FNDT) pour protester contre les nouvelles r\u00e8gles du transport sanitaire et la concurrence \u00ab\u2009d\u00e9loyale\u2009\u00bb des VTC.<\/p>\n<p>Plus de 400 kilom\u00e8tres d\u2019embouteillage<\/p>\n<p class=\" wall-content\">Plusieurs axes sont donc concern\u00e9s. D\u2019apr\u00e8s <a href=\"https:\/\/www.sytadin.fr\/sys\/alert_reseau.jsp.html#574330\" rel=\"nofollow noopener\" target=\"_blank\">Sytadin.fr<\/a>, le trafic est difficile sur l\u2019<a href=\"https:\/\/actu.fr\/tag\/autoroute-13-a13\" rel=\"nofollow noopener\" target=\"_blank\">A13<\/a> vers Paris entre Rocquencourt et P.Auteuil, mais aussi sur l\u2019<a href=\"https:\/\/actu.fr\/tag\/autoroute-6-a6\" rel=\"nofollow noopener\" target=\"_blank\">A6<\/a> toujours en direction de la capitale, entre Ris-Orangis et Wissous. \u00ab\u2009Plusieurs cort\u00e8ges se dirigent vers Paris et progressent \u00e0 faible allure. Un d\u00e8s cort\u00e8ge \u00e0 stopper sa progression sur l\u2019ensemble des voies de circulation,<strong> l\u2019A6 est coup\u00e9e<\/strong> \u00e0 la hauteur de la commune de Viry-Chatillon\u2009\u00bb, pr\u00e9cise la Direction des routes d\u2019\u00cele-de-France. Le cumul des bouchons \u00e0 8h40 atteint 400 kilom\u00e8tres.<\/p>\n<p class=\" wall-content\">Les taxis devraient converger vers le <strong>minist\u00e8re des Transports<\/strong>, boulevard Saint-Germain dans le 7e arrondissement.<\/p>\n<p class=\" wall-content\">Dans un communiqu\u00e9, la FNDT, qui pr\u00e9cise que la mobilisation du jour pourrait \u00ab\u2009\u00eatre <strong>reconduite ou adapt\u00e9e<\/strong>\u2009\u00bb en fonction \u00ab\u2009de l\u2019\u00e9volution des discussions avec les pouvoirs publics\u2009\u00bb, veut \u00ab\u2009frapper fort, pas pour d\u00e9ranger, mais pour exister\u2009\u00bb.<\/p>\n<p class=\" wall-content\">Suivez toute l\u2019actualit\u00e9 de vos villes et m\u00e9dias favoris en vous inscrivant \u00e0 <a href=\"https:\/\/moncompte.actu.fr\" title=\"D\u00e9couvez Mon Actu\" rel=\"nofollow noopener\" data-trk=\"{&quot;cta&quot;:{&quot;action&quot;:&quot;https:\\\/\\\/moncompte.actu.fr&quot;,&quot;category&quot;:&quot;mon compte&quot;,&quot;from&quot;:&quot;article footer&quot;,&quot;name&quot;:&quot;Mon actu&quot;,&quot;type&quot;:&quot;cta&quot;}}\" target=\"_blank\">Mon Actu<\/a>.<\/p>\n","protected":false},"excerpt":{"rendered":"Par R\u00e9daction Paris Publi\u00e9 le 19 mai 2025 \u00e0 8h43 Rendez-vous a \u00e9t\u00e9 donn\u00e9 boulevard Raspail.\u00a0Ce lundi 19\u00a0mai&hellip;\n","protected":false},"author":2,"featured_media":111348,"comment_status":"","ping_status":"","sticky":false,"template":"","format":"standard","meta":{"footnotes":""},"categories":[1592],"tags":[1111,11,3542,1777,674,1011,27,662,12,626,25,71,104],"class_list":{"0":"post-111347","1":"post","2":"type-post","3":"status-publish","4":"format-standard","5":"has-post-thumbnail","7":"category-ile-de-france","8":"tag-actu","9":"tag-actualites","10":"tag-circulation","11":"tag-eu","12":"tag-europe","13":"tag-fr","14":"tag-france","15":"tag-ile-de-france","16":"tag-news","17":"tag-paris","18":"tag-republique-francaise","19":"tag-sante","20":"tag-societe"},"share_on_mastodon":{"url":"https:\/\/pubeurope.com\/@fr\/114533676052605613","error":""},"_links":{"self":[{"href":"https:\/\/www.europesays.com\/fr\/wp-json\/wp\/v2\/posts\/111347","targetHints":{"allow":["GET"]}}],"collection":[{"href":"https:\/\/www.europesays.com\/fr\/wp-json\/wp\/v2\/posts"}],"about":[{"href":"https:\/\/www.europesays.com\/fr\/wp-json\/wp\/v2\/types\/post"}],"author":[{"embeddable":true,"href":"https:\/\/www.europesays.com\/fr\/wp-json\/wp\/v2\/users\/2"}],"replies":[{"embeddable":true,"href":"https:\/\/www.europesays.com\/fr\/wp-json\/wp\/v2\/comments?post=111347"}],"version-history":[{"count":0,"href":"https:\/\/www.europesays.com\/fr\/wp-json\/wp\/v2\/posts\/111347\/revisions"}],"wp:featuredmedia":[{"embeddable":true,"href":"https:\/\/www.europesays.com\/fr\/wp-json\/wp\/v2\/media\/111348"}],"wp:attachment":[{"href":"https:\/\/www.europesays.com\/fr\/wp-json\/wp\/v2\/media?parent=111347"}],"wp:term":[{"taxonomy":"category","embeddable":true,"href":"https:\/\/www.europesays.com\/fr\/wp-json\/wp\/v2\/categories?post=111347"},{"taxonomy":"post_tag","embeddable":true,"href":"https:\/\/www.europesays.com\/fr\/wp-json\/wp\/v2\/tags?post=111347"}],"curies":[{"name":"wp","href":"https:\/\/api.w.org\/{rel}","templated":true}]}}