{"id":111351,"date":"2025-05-19T09:00:13","date_gmt":"2025-05-19T09:00:13","guid":{"rendered":"https:\/\/www.europesays.com\/fr\/111351\/"},"modified":"2025-05-19T09:00:13","modified_gmt":"2025-05-19T09:00:13","slug":"cette-banque-en-ligne-aux-plus-de-5-millions-de-clients-en-france-choisit-paris-pour-implanter-son-siege","status":"publish","type":"post","link":"https:\/\/www.europesays.com\/fr\/111351\/","title":{"rendered":"Cette banque en ligne aux plus de 5 millions de clients en France choisit Paris pour implanter son si\u00e8ge"},"content":{"rendered":"<p>            Par<br \/>\n        <strong><br \/>\n            <a href=\"https:\/\/actu.fr\/auteur\/julie-bossart-actu-fr\" title=\"Consulter tous les articles de Julie Bossart\" rel=\"nofollow noopener\" target=\"_blank\">Julie Bossart<\/a><br \/>\n        <\/strong><\/p>\n<p>        Publi\u00e9 le<\/p>\n<p>            19 mai 2025 \u00e0 10h40        <\/p>\n<p>Une nouvelle en pi\u00e8ces sonnantes et tr\u00e9buchantes. Ce lundi 19 mai 2025, dans le cadre de la 8e \u00e9dition du <a href=\"https:\/\/www.elysee.fr\/emmanuel-macron\/choose-france\" rel=\"nofollow noopener\" target=\"_blank\">Sommet Choose France<\/a>, pr\u00e9sid\u00e9 par <a href=\"https:\/\/actu.fr\/tag\/emmanuel-macron\" rel=\"nofollow noopener\" target=\"_blank\">Emmanuel Macron<\/a> au<a href=\"https:\/\/actu.fr\/tag\/chateau-de-versailles\" rel=\"nofollow noopener\" target=\"_blank\"> ch\u00e2teau de Versailles<\/a> (Yvelines), <strong>Revolut<\/strong> a annonc\u00e9 faire de <a href=\"https:\/\/actu.fr\/paris\/\" rel=\"nofollow noopener\" target=\"_blank\">Paris<\/a> son si\u00e8ge pour l\u2019Europe de l\u2019Ouest.<\/p>\n<p class=\" wall-content\">Cette implantation sera assortie d\u2019un investissement d\u2019un milliard d\u2019euros dans le pays dans les trois prochaines ann\u00e9es. Une somme qui permettra notamment de cr\u00e9er<strong> plus de 200 emplois<\/strong> sur notre territoire a pr\u00e9cis\u00e9 \u00e0 l\u2019AFP son directeur en charge de la croissance, Antoine Le Nel.<\/p>\n<p>\u00ab\u00a0Une excellente nouvelle\u00a0\u00bb<\/p>\n<p class=\" wall-content\">\u00ab\u2009Le choix de Revolut d\u2019implanter son second si\u00e8ge europ\u00e9en \u00e0 Paris est une excellente nouvelle\u2009\u00bb, a comment\u00e9 le <a href=\"https:\/\/actu.fr\/politique\/gouvernement-bayrou-qui-est-eric-lombard-le-nouveau-ministre-de-l-economie_62042354.html\" rel=\"nofollow noopener\" target=\"_blank\">ministre de l\u2019\u00c9conomie, \u00c9ric Lombard<\/a>, cit\u00e9 dans un communiqu\u00e9. \u00ab\u2009Il prouve la confiance des investisseurs internationaux dans notre pays\u2009\u00bb, a-t-il ajout\u00e9.<\/p>\n<p class=\" wall-content\">Avec plus de <strong>5\u00a0millions de clients<\/strong>, la France repr\u00e9sente le deuxi\u00e8me march\u00e9 de Revolut apr\u00e8s le Royaume-Uni. Il est celui qui \u00ab\u2009cro\u00eet le plus vite\u2009\u00bb, a expliqu\u00e9 Antoine Le Ne, qui vise 10\u00a0millions de clients en France d\u2019ici fin 2026, et m\u00eame 20\u00a0millions \u00e0 moyen terme.<\/p>\n<p class=\" wall-content\">Positionn\u00e9 \u00e0 ses d\u00e9buts sur le change et les paiements, Revolut \u00e9largit petit \u00e0 petit son offre et sera bient\u00f4t \u00e0 m\u00eame de proposer des cr\u00e9dits immobiliers, d\u00e9j\u00e0 en test en Lituanie, ainsi que des produits d\u2019\u00e9pargne r\u00e9glement\u00e9e, comme le Livret A. La soci\u00e9t\u00e9 devrait \u00e9galement s\u2019entourer de banquiers professionnels qui ont fait leurs classes dans le monde de la banque traditionnelle.<\/p>\n<p>Vid\u00e9os : en ce moment sur Actu<\/p>\n<p class=\" wall-content\">avec AFP<\/p>\n<p class=\" wall-content\">Suivez toute l\u2019actualit\u00e9 de vos villes et m\u00e9dias favoris en vous inscrivant \u00e0 <a href=\"https:\/\/moncompte.actu.fr\" title=\"D\u00e9couvez Mon Actu\" rel=\"nofollow noopener\" data-trk=\"{&quot;cta&quot;:{&quot;action&quot;:&quot;https:\\\/\\\/moncompte.actu.fr&quot;,&quot;category&quot;:&quot;mon compte&quot;,&quot;from&quot;:&quot;article footer&quot;,&quot;name&quot;:&quot;Mon actu&quot;,&quot;type&quot;:&quot;cta&quot;}}\" target=\"_blank\">Mon Actu<\/a>.<\/p>\n<ul class=\"ac-article-tag wall-content\">\n<li><a href=\"https:\/\/actu.fr\/tag\/commerce\" data-trk=\"{&quot;cta&quot;:{&quot;action&quot;:&quot;Commerce&quot;,&quot;category&quot;:&quot;tag&quot;,&quot;from&quot;:&quot;article footer&quot;,&quot;name&quot;:&quot;Commerce&quot;,&quot;type&quot;:&quot;cta&quot;}}\" rel=\"nofollow noopener\" target=\"_blank\">#Commerce<\/a><\/li>\n<li><a href=\"https:\/\/actu.fr\/tag\/emmanuel-macron\" data-trk=\"{&quot;cta&quot;:{&quot;action&quot;:&quot;Emmanuel Macron&quot;,&quot;category&quot;:&quot;tag&quot;,&quot;from&quot;:&quot;article footer&quot;,&quot;name&quot;:&quot;Emmanuel Macron&quot;,&quot;type&quot;:&quot;cta&quot;}}\" rel=\"nofollow noopener\" target=\"_blank\">#Emmanuel Macron<\/a><\/li>\n<\/ul>\n","protected":false},"excerpt":{"rendered":"Par Julie Bossart Publi\u00e9 le 19 mai 2025 \u00e0 10h40 Une nouvelle en pi\u00e8ces sonnantes et tr\u00e9buchantes. Ce&hellip;\n","protected":false},"author":2,"featured_media":111352,"comment_status":"","ping_status":"","sticky":false,"template":"","format":"standard","meta":{"footnotes":""},"categories":[1888],"tags":[1111,1928,11,1927,215,33,1073,1777,674,1011,27,12,1926,626,1925,25],"class_list":{"0":"post-111351","1":"post","2":"type-post","3":"status-publish","4":"format-standard","5":"has-post-thumbnail","7":"category-paris","8":"tag-actu","9":"tag-actu-paris","10":"tag-actualites","11":"tag-actualites-paris","12":"tag-commerce","13":"tag-economie","14":"tag-emmanuel-macron","15":"tag-eu","16":"tag-europe","17":"tag-fr","18":"tag-france","19":"tag-news","20":"tag-news-paris","21":"tag-paris","22":"tag-paris-news","23":"tag-republique-francaise"},"share_on_mastodon":{"url":"https:\/\/pubeurope.com\/@fr\/114533683969957509","error":""},"_links":{"self":[{"href":"https:\/\/www.europesays.com\/fr\/wp-json\/wp\/v2\/posts\/111351","targetHints":{"allow":["GET"]}}],"collection":[{"href":"https:\/\/www.europesays.com\/fr\/wp-json\/wp\/v2\/posts"}],"about":[{"href":"https:\/\/www.europesays.com\/fr\/wp-json\/wp\/v2\/types\/post"}],"author":[{"embeddable":true,"href":"https:\/\/www.europesays.com\/fr\/wp-json\/wp\/v2\/users\/2"}],"replies":[{"embeddable":true,"href":"https:\/\/www.europesays.com\/fr\/wp-json\/wp\/v2\/comments?post=111351"}],"version-history":[{"count":0,"href":"https:\/\/www.europesays.com\/fr\/wp-json\/wp\/v2\/posts\/111351\/revisions"}],"wp:featuredmedia":[{"embeddable":true,"href":"https:\/\/www.europesays.com\/fr\/wp-json\/wp\/v2\/media\/111352"}],"wp:attachment":[{"href":"https:\/\/www.europesays.com\/fr\/wp-json\/wp\/v2\/media?parent=111351"}],"wp:term":[{"taxonomy":"category","embeddable":true,"href":"https:\/\/www.europesays.com\/fr\/wp-json\/wp\/v2\/categories?post=111351"},{"taxonomy":"post_tag","embeddable":true,"href":"https:\/\/www.europesays.com\/fr\/wp-json\/wp\/v2\/tags?post=111351"}],"curies":[{"name":"wp","href":"https:\/\/api.w.org\/{rel}","templated":true}]}}