{"id":111361,"date":"2025-05-19T09:05:12","date_gmt":"2025-05-19T09:05:12","guid":{"rendered":"https:\/\/www.europesays.com\/fr\/111361\/"},"modified":"2025-05-19T09:05:12","modified_gmt":"2025-05-19T09:05:12","slug":"quand-lukraine-bouleverse-au-forum-de-ploudaniel","status":"publish","type":"post","link":"https:\/\/www.europesays.com\/fr\/111361\/","title":{"rendered":"Quand l\u2019Ukraine bouleverse au Forum de Ploudaniel"},"content":{"rendered":"<p>Ce dimanche 18 mai 2025, le Forum de Ploudaniel s\u2019est termin\u00e9 avec l\u2019affluence des grands jours, plus de 25\u00a0000 personnes ont fait le d\u00e9placement. \u00ab\u00a0L\u2019objectif est atteint\u00a0\u00bb s\u2019est r\u00e9joui le pr\u00e9sident de l\u2019association organisatrice, Xavier Guiavarc\u2019h.<\/p>\n<p>Mais au-del\u00e0 de cette belle affluence, l\u2019\u00e9dition 2025 a surtout marqu\u00e9 les esprits par la place donn\u00e9e \u00e0 l\u2019Ukraine. La d\u00e9ambulation ukrainienne du samedi 17 mai, dans la matin\u00e9e, entre chants, musique et costumes traditionnels, a suscit\u00e9 une vive \u00e9motion, en \u00e9cho \u00e0 la guerre qui frappe encore le pays. \u00ab\u00a0C\u2019est peut-\u00eatre la plus symbolique que nous ayons v\u00e9cue depuis la cr\u00e9ation du Forum\u00a0\u00bb, a confi\u00e9 Xavier Guiavarc\u2019h. Autre moment fort\u00a0: la pr\u00e9sence de Jean-Pierre Pasternak, pr\u00e9sident de l\u2019Union ukrainienne de France, qui a salu\u00e9 \u00ab\u00a0l\u2019ouverture du Forum, sa richesse culturelle et la mise en valeur des terroirs d\u2019ici et d\u2019ailleurs\u00a0\u00bb.<\/p>\n<p>\u00ab\u00a0La guerre m\u2019a tout pris\u00a0\u00bb<\/p>\n<p>Dans l\u2019espace enti\u00e8rement d\u00e9di\u00e9 \u00e0 l\u2019Ukraine, une femme a particuli\u00e8rement touch\u00e9 le public\u00a0: Tetiana Sinkova. Venue de Rivne, entre Lviv et Kiev, elle a parcouru plus de 3\u00a0000 kilom\u00e8tres pour partager son travail d\u2019artiste et pr\u00e9senter des produits ukrainiens. Derri\u00e8re son sourire, un destin tragique. \u00ab\u00a0La guerre m\u2019a tout pris\u00a0: mon mari, mon fr\u00e8re, et mon fils Sergii. Il avait 32 ans. Il est parti d\u00e9fendre son pays, sans \u00e9quipement, juste une kalachnikov\u2026 Il est mort apr\u00e8s quelques jours, en mars 2022\u00a0\u00bb, a-t-elle racont\u00e9, la voix tremblante. Sergii a \u00e9t\u00e9 d\u00e9cor\u00e9 \u00e0 titre posthume du titre de h\u00e9ros de l\u2019Ukraine. Mais Tetiana n\u2019a pas baiss\u00e9 les bras.<\/p>\n<p>Une femme d\u00e9vou\u00e9e<\/p>\n<p>Avec la prime attribu\u00e9e aux familles de soldats tomb\u00e9s, elle a d\u00e9cid\u00e9 d\u2019aider les bless\u00e9s de guerre. Elle cuisine chaque jour pour les soldats et se rend elle-m\u00eame jusqu\u2019\u00e0 la ligne de front. Un engagement qui lui a valu une m\u00e9daille remise par le pr\u00e9sident Zelensky pour son d\u00e9vouement. \u00ab\u00a0Tetiana Sinkova incarne l\u2019esprit du Forum 2025\u00a0\u00bb, a conclu Xavier Guiavarc\u2019h, visiblement boulevers\u00e9 par son t\u00e9moignage et la dignit\u00e9 de cette femme. Un moment d\u2019humanit\u00e9, de m\u00e9moire et de solidarit\u00e9 que les visiteurs ne sont pas pr\u00e8s d\u2019oublier.<\/p>\n","protected":false},"excerpt":{"rendered":"Ce dimanche 18 mai 2025, le Forum de Ploudaniel s\u2019est termin\u00e9 avec l\u2019affluence des grands jours, plus de&hellip;\n","protected":false},"author":2,"featured_media":111362,"comment_status":"","ping_status":"","sticky":false,"template":"","format":"standard","meta":{"footnotes":""},"categories":[1590],"tags":[11,327,251,1777,674,23054,12,23053,220],"class_list":{"0":"post-111361","1":"post","2":"type-post","3":"status-publish","4":"format-standard","5":"has-post-thumbnail","7":"category-ukraine","8":"tag-actualites","9":"tag-agriculture","10":"tag-culture","11":"tag-eu","12":"tag-europe","13":"tag-lesneven","14":"tag-news","15":"tag-ploudaniel","16":"tag-ukraine"},"share_on_mastodon":{"url":"https:\/\/pubeurope.com\/@fr\/114533703637936768","error":""},"_links":{"self":[{"href":"https:\/\/www.europesays.com\/fr\/wp-json\/wp\/v2\/posts\/111361","targetHints":{"allow":["GET"]}}],"collection":[{"href":"https:\/\/www.europesays.com\/fr\/wp-json\/wp\/v2\/posts"}],"about":[{"href":"https:\/\/www.europesays.com\/fr\/wp-json\/wp\/v2\/types\/post"}],"author":[{"embeddable":true,"href":"https:\/\/www.europesays.com\/fr\/wp-json\/wp\/v2\/users\/2"}],"replies":[{"embeddable":true,"href":"https:\/\/www.europesays.com\/fr\/wp-json\/wp\/v2\/comments?post=111361"}],"version-history":[{"count":0,"href":"https:\/\/www.europesays.com\/fr\/wp-json\/wp\/v2\/posts\/111361\/revisions"}],"wp:featuredmedia":[{"embeddable":true,"href":"https:\/\/www.europesays.com\/fr\/wp-json\/wp\/v2\/media\/111362"}],"wp:attachment":[{"href":"https:\/\/www.europesays.com\/fr\/wp-json\/wp\/v2\/media?parent=111361"}],"wp:term":[{"taxonomy":"category","embeddable":true,"href":"https:\/\/www.europesays.com\/fr\/wp-json\/wp\/v2\/categories?post=111361"},{"taxonomy":"post_tag","embeddable":true,"href":"https:\/\/www.europesays.com\/fr\/wp-json\/wp\/v2\/tags?post=111361"}],"curies":[{"name":"wp","href":"https:\/\/api.w.org\/{rel}","templated":true}]}}