{"id":111391,"date":"2025-05-19T09:23:13","date_gmt":"2025-05-19T09:23:13","guid":{"rendered":"https:\/\/www.europesays.com\/fr\/111391\/"},"modified":"2025-05-19T09:23:13","modified_gmt":"2025-05-19T09:23:13","slug":"vent-de-renouveau-a-cannes-avant-la-tempete-denzel-washington-19-05-2025-a-0433","status":"publish","type":"post","link":"https:\/\/www.europesays.com\/fr\/111391\/","title":{"rendered":"Vent de renouveau \u00e0 Cannes avant la temp\u00eate Denzel Washington &#8211; 19\/05\/2025 \u00e0 04:33"},"content":{"rendered":"<p>        <img fetchpriority=\"high\" decoding=\"async\" src=\"https:\/\/www.europesays.com\/fr\/wp-content\/uploads\/2025\/05\/8880b05b2068fe0105de0969d817b551-760x502.jpg\" alt=\"La r\u00e9alisatrice fran\u00e7aise Julia Ducourneau arrive \u00e0 la c\u00e9r\u00e9monie de cl\u00f4ture du Festival de Cannes, le 27 mai 2023 ( AFP \/ Valery HACHE )\" loading=\"eager\" width=\"760\" height=\"502\" style=\"max-width: 100%!important; height: auto;\"\/><\/p>\n<p class=\"c-image-news__legend\">La r\u00e9alisatrice fran\u00e7aise Julia Ducourneau arrive \u00e0 la c\u00e9r\u00e9monie de cl\u00f4ture du Festival de Cannes, le 27 mai 2023 ( AFP \/ Valery HACHE )<\/p>\n<p>\n Un vent de changement souffle depuis le d\u00e9but de la comp\u00e9tition cannoise, port\u00e9e par de jeunes cin\u00e9astes et des nouveaux venus, qui pourrait se transformer lundi en temp\u00eate avec le retour de Julia Ducournau, quatre ans apr\u00e8s \u00ab\u00a0Titane\u00a0\u00bb, sa Palme d&rsquo;or gore et punk.\n<\/p>\n<p>\n Sur les marches, l&rsquo;ambiance sera plus new-yorkaise que jamais en fin de journ\u00e9e avec l&rsquo;\u00e9quipe de \u00ab\u00a0Highest 2 Lowest\u00a0\u00bb. Hors comp\u00e9tition, Spike Lee y retrouve son acteur phare Denzel Washington, au c\u00f4t\u00e9 de la star du rap A$AP Rocky &#8211; M. Rihanna \u00e0 la ville.\n<\/p>\n<p>\n Les Am\u00e9ricains seront suivis sur le tapis rouge par la Franco-Iranienne Golshifteh Farahani et le Franco-Alg\u00e9rien Tahar Rahim. Ce duo est \u00e0 l&rsquo;affiche d'\u00a0\u00bbAlpha\u00a0\u00bb, sign\u00e9 d&rsquo;une r\u00e9alisatrice fran\u00e7aise de 41 ans dont la Croisette a d\u00e9couvert le potentiel explosif en 2021.\n<\/p>\n<p>\n Choc esth\u00e9tique, \u00ab\u00a0Titane\u00a0\u00bb avait valu une Palme d&rsquo;or \u00e0 Julia Ducournau, faisant d&rsquo;elle la deuxi\u00e8me r\u00e9alisatrice couronn\u00e9e de l&rsquo;histoire, trente ans apr\u00e8s Jane Campion. Venue du cin\u00e9ma de genre, elle est donc attendue au tournant.\n<\/p>\n<p>\n N\u00e9e de parents m\u00e9decins, la cin\u00e9aste a expliqu\u00e9 dans une interview \u00e0 Vanity Fair s&rsquo;\u00eatre cette fois inspir\u00e9e de l&rsquo;\u00e9pid\u00e9mie de sida dans les ann\u00e9es 1980: \u00ab\u00a0C&rsquo;est une r\u00e9flexion sur la mani\u00e8re dont (la) peur a \u00e9t\u00e9 transmise et l&rsquo;impact qu&rsquo;elle a eu sur ma g\u00e9n\u00e9ration\u00a0\u00bb.\n<\/p>\n<p>\n Pr\u00e9sent\u00e9 comme une \u0153uvre tr\u00e8s personnelle, le film, d&rsquo;une facture a priori plus classique, est centr\u00e9 sur l&rsquo;histoire d&rsquo;une famille.\n<\/p>\n<p>\n Selon les rares informations qui ont filtr\u00e9, Alpha est une ado de 13 ans, incarn\u00e9e par une nouvelle venue, M\u00e9lissa Boros.\n<\/p>\n<p>        <img decoding=\"async\" src=\"https:\/\/www.europesays.com\/fr\/wp-content\/uploads\/2025\/05\/5eabed272660dd58e730cccb147f0b32-760x506.jpg\" alt=\"L'acteur fran\u00e7ais Tahar Rahim s'exprime lors de la c\u00e9r\u00e9monie des C\u00e9sar, le 24 f\u00e9vrier 2023 ( AFP \/ BERTRAND GUAY )\" loading=\"eager\" width=\"760\" height=\"506\" style=\"max-width: 100%!important; height: auto;\"\/><\/p>\n<p class=\"c-image-news__legend\">L&rsquo;acteur fran\u00e7ais Tahar Rahim s&rsquo;exprime lors de la c\u00e9r\u00e9monie des C\u00e9sar, le 24 f\u00e9vrier 2023 ( AFP \/ BERTRAND GUAY )<\/p>\n<p>\n Tahar Rahim joue son oncle, atteint par un virus myst\u00e9rieux qui momifie ses victimes. Adepte de la m\u00e9tamorphose, de \u00ab\u00a0D\u00e9sign\u00e9 coupable\u00a0\u00bb, o\u00f9 il incarnait un prisonnier de Guantanamo, \u00e0 \u00ab\u00a0Monsieur Aznavour\u00a0\u00bb, l&rsquo;acteur, connu pour s&rsquo;immerger totalement dans ses r\u00f4les, a perdu de nombreux kilos pour ce personnage.\n<\/p>\n<p>\n Golshifteh Farahani est la m\u00e8re c\u00e9libataire d&rsquo;Alpha, m\u00e9decin soignant des patients en fin de vie. L&rsquo;actrice d&rsquo;origine iranienne, exil\u00e9e en France, a d\u00e9j\u00e0 connu la comp\u00e9tition cannoise, pour \u00ab\u00a0Paterson\u00a0\u00bb de Jim Jarmusch notamment.\n<\/p>\n<p> &#8211; Thriller \u00e9gyptien &#8211;<\/p>\n<p>\n Le jury pr\u00e9sid\u00e9 par Juliette Binoche aura auparavant d\u00e9couvert \u00ab\u00a0Les Aigles de la R\u00e9publique\u00a0\u00bb, un thriller politique sur l&rsquo;Egypte sign\u00e9 Tarik Saleh.\n<\/p>\n<p>\n N\u00e9 d&rsquo;un p\u00e8re su\u00e9dois et d&rsquo;une m\u00e8re \u00e9gyptienne, le r\u00e9alisateur a sign\u00e9 d&rsquo;\u00e9patants films noirs qui jettent un regard critique sur la soci\u00e9t\u00e9 \u00e9gyptienne, dont \u00ab\u00a0Le Caire Confidentiel\u00a0\u00bb et \u00ab\u00a0La conspiration du Caire\u00a0\u00bb, qui lui a valu le prix du sc\u00e9nario en 2022.\n<\/p>\n<p>\n Il retrouve son acteur f\u00e9tiche Fares Fares, dans le r\u00f4le d&rsquo;une star \u00e9gyptienne contrainte de jouer dans un film command\u00e9 par les plus hautes autorit\u00e9s du pays et qui se retrouve plong\u00e9e dans les cercles de pouvoir.\n<\/p>\n<p>\n A mi-parcours d&rsquo;une comp\u00e9tition sur laquelle a souffl\u00e9 un vent de fra\u00eecheur, riche en nouveaux venus ou jeunes cin\u00e9astes, les jeux restent ouverts.\n<\/p>\n<p>        <img decoding=\"async\" src=\"https:\/\/www.europesays.com\/fr\/wp-content\/uploads\/2025\/05\/856ad4b01b3e2d87445a60fc4867862e-760x506.jpg\" alt=\"La r\u00e9alisatrice fran\u00e7aise Hafsia Herzi prend la pose, le 17 mai 2025 \u00e0 Cannes (Alpes-Maritimes) ( AFP \/ Bertrand GUAY )\" loading=\"eager\" width=\"760\" height=\"506\" style=\"max-width: 100%!important; height: auto;\"\/><\/p>\n<p class=\"c-image-news__legend\">La r\u00e9alisatrice fran\u00e7aise Hafsia Herzi prend la pose, le 17 mai 2025 \u00e0 Cannes (Alpes-Maritimes) ( AFP \/ Bertrand GUAY )<\/p>\n<p>\n Actrice pris\u00e9e devenue r\u00e9alisatrice, la Fran\u00e7aise Hafsia Herzi (38 ans) a prouv\u00e9 qu&rsquo;il fallait compter sur son talent de cin\u00e9aste en pr\u00e9sentant \u00ab\u00a0La Petite Derni\u00e8re\u00a0\u00bb, une romance lesbienne tr\u00e8s ma\u00eetris\u00e9e. Et un film en forme de r\u00e9ponse \u00e0 \u00ab\u00a0La vie d&rsquo;Ad\u00e8le\u00a0\u00bb, du r\u00e9alisateur qui l&rsquo;a r\u00e9v\u00e9l\u00e9e dans \u00ab\u00a0La graine et le mulet\u00a0\u00bb, Abdellatif Kechiche.\n<\/p>\n<p>\n Pour sa premi\u00e8re fois en comp\u00e9tition, le Franco-Espagnol Oliver Laxe (43 ans) a stup\u00e9fait le festival en plongeant Sergi L\u00f3pez dans le milieu des free parties du d\u00e9sert marocain (\u00ab\u00a0Sir\u00e2t\u00a0\u00bb), quand une r\u00e9alisatrice allemande quasi inconnue, Mascha Schilinski (41 ans), a livr\u00e9 avec \u00ab\u00a0Sound of Falling\u00a0\u00bb un tableau impressionniste des traumas qui se transmettent de m\u00e8res en filles sur des g\u00e9n\u00e9rations.\n<\/p>\n<p>        <img decoding=\"async\" src=\"https:\/\/www.europesays.com\/fr\/wp-content\/uploads\/2025\/05\/3f4c5415b50477a35352a66075af8e4f-760x507.jpg\" alt=\"Le r\u00e9alisateur am\u00e9rician Richard Linklater participe \u00e0 une conf\u00e9rence de presse, le 18 mai 2025 \u00e0 Cannes (Alpes-Maritimes) ( AFP \/ Anna KURTH )\" loading=\"eager\" width=\"760\" height=\"507\" style=\"max-width: 100%!important; height: auto;\"\/><\/p>\n<p class=\"c-image-news__legend\">Le r\u00e9alisateur am\u00e9rician Richard Linklater participe \u00e0 une conf\u00e9rence de presse, le 18 mai 2025 \u00e0 Cannes (Alpes-Maritimes) ( AFP \/ Anna KURTH )<\/p>\n<p>\n Fra\u00eecheur et jeunesse \u00e9taient aussi au rendez-vous chez l&rsquo;Am\u00e9ricain Richard Linklater, qui a redonn\u00e9 vie \u00e0 Jean-Luc Godard et aux Jeunes Turcs de la \u00ab\u00a0Nouvelle Vague\u00a0\u00bb.\n<\/p>\n<p>\n La course \u00e0 la Palme d&rsquo;or doit s&rsquo;achever samedi. Sont encore attendus des films de deux cin\u00e9astes iraniens, Jafar Panahi et Saeed Roustaee, ainsi que \u00ab\u00a0Jeunes m\u00e8res\u00a0\u00bb des fr\u00e8res belges Jean-Pierre et Luc Dardenne, v\u00e9t\u00e9rans du cin\u00e9ma social d\u00e9j\u00e0 doublement palm\u00e9s.<\/p>\n","protected":false},"excerpt":{"rendered":"La r\u00e9alisatrice fran\u00e7aise Julia Ducourneau arrive \u00e0 la c\u00e9r\u00e9monie de cl\u00f4ture du Festival de Cannes, le 27 mai&hellip;\n","protected":false},"author":2,"featured_media":111392,"comment_status":"","ping_status":"","sticky":false,"template":"","format":"standard","meta":{"footnotes":""},"categories":[1359],"tags":[400,398,408,405,58,59,1011,27,403,402,399,404,973,401,406,407],"class_list":{"0":"post-111391","1":"post","2":"type-post","3":"status-publish","4":"format-standard","5":"has-post-thumbnail","7":"category-people","8":"tag-action-cac-40","9":"tag-bourse-de-paris","10":"tag-boursorama","11":"tag-cotations","12":"tag-divertissement","13":"tag-entertainment","14":"tag-fr","15":"tag-france","16":"tag-indices-devises","17":"tag-investir","18":"tag-investissement","19":"tag-marche-boursier","20":"tag-people","21":"tag-sicav","22":"tag-trackers","23":"tag-warrants"},"share_on_mastodon":{"url":"https:\/\/pubeurope.com\/@fr\/114533774377702352","error":""},"_links":{"self":[{"href":"https:\/\/www.europesays.com\/fr\/wp-json\/wp\/v2\/posts\/111391","targetHints":{"allow":["GET"]}}],"collection":[{"href":"https:\/\/www.europesays.com\/fr\/wp-json\/wp\/v2\/posts"}],"about":[{"href":"https:\/\/www.europesays.com\/fr\/wp-json\/wp\/v2\/types\/post"}],"author":[{"embeddable":true,"href":"https:\/\/www.europesays.com\/fr\/wp-json\/wp\/v2\/users\/2"}],"replies":[{"embeddable":true,"href":"https:\/\/www.europesays.com\/fr\/wp-json\/wp\/v2\/comments?post=111391"}],"version-history":[{"count":0,"href":"https:\/\/www.europesays.com\/fr\/wp-json\/wp\/v2\/posts\/111391\/revisions"}],"wp:featuredmedia":[{"embeddable":true,"href":"https:\/\/www.europesays.com\/fr\/wp-json\/wp\/v2\/media\/111392"}],"wp:attachment":[{"href":"https:\/\/www.europesays.com\/fr\/wp-json\/wp\/v2\/media?parent=111391"}],"wp:term":[{"taxonomy":"category","embeddable":true,"href":"https:\/\/www.europesays.com\/fr\/wp-json\/wp\/v2\/categories?post=111391"},{"taxonomy":"post_tag","embeddable":true,"href":"https:\/\/www.europesays.com\/fr\/wp-json\/wp\/v2\/tags?post=111391"}],"curies":[{"name":"wp","href":"https:\/\/api.w.org\/{rel}","templated":true}]}}