{"id":111393,"date":"2025-05-19T09:25:08","date_gmt":"2025-05-19T09:25:08","guid":{"rendered":"https:\/\/www.europesays.com\/fr\/111393\/"},"modified":"2025-05-19T09:25:08","modified_gmt":"2025-05-19T09:25:08","slug":"un-livre-raconte-lhistoire-du-domaine-de-montgenevre-de-la-naissance-du-ski-jusquaux-jo-dhiver-de-2030","status":"publish","type":"post","link":"https:\/\/www.europesays.com\/fr\/111393\/","title":{"rendered":"Un livre raconte l&rsquo;histoire du domaine de Montgen\u00e8vre de la naissance du ski jusqu&rsquo;aux JO d&rsquo;hiver de 2030"},"content":{"rendered":"<p>\u00ab\u00a0Nous n&rsquo;h\u00e9ritons pas la terre de nos anc\u00eatres, nous l&#8217;empruntons \u00e0 nos enfants\u00a0\u00bb. Accroch\u00e9 \u00e0 cette citation d&rsquo;Antoine de Saint-Exup\u00e9ry, le maire de <a href=\"https:\/\/www.laprovence.com\/article\/region\/3284387093912114\/montgenevre-cinq-mois-de-ski-sans-frontiere-dans-la-station-la-plus-internationale-des-hautes-alpes\" target=\"_blank\" rel=\"noopener\">Montgen\u00e8vre<\/a> s&rsquo;est lanc\u00e9 en novembre 2023 dans un long r\u00e9cit retra\u00e7ant le d\u00e9veloppement de son domaine skiable, nich\u00e9 \u00e0 la fronti\u00e8re italienne. 123 ans d&rsquo;une histoire \u00e0 la fois locale et mondiale, du premier concours international de ski de tous les temps, organis\u00e9 le 11 f\u00e9vrier 1907 par le Club Alpin sous l&rsquo;impulsion de l&rsquo;Etat-major militaire fran\u00e7ais, jusqu&rsquo;au <a href=\"https:\/\/www.laprovence.com\/article\/sports\/7929301285827514\/un-nouveau-souffle-pour-les-jo-dhiver-2030-dans-les-alpes\" target=\"_blank\" rel=\"noopener\">Jeux Olympiques et Paralympiques d&rsquo;hiver de 2030<\/a>.<\/p>\n<p>Un livre en forme d&rsquo;extrait de naissance<\/p>\n<p>Cette odyss\u00e9e \u00e0 la hauteur des sommets qui entourent cette <a href=\"https:\/\/www.laprovence.com\/article\/region\/3284387093912114\/montgenevre-cinq-mois-de-ski-sans-frontiere-dans-la-station-la-plus-internationale-des-hautes-alpes\" target=\"_blank\" rel=\"noopener\">station de ski<\/a>, explique pourquoi et comment ce petit morceau de montagne o\u00f9 ne vivent pas plus de 500 habitants \u00e0 l&rsquo;ann\u00e9e se retrouve au centre de la plan\u00e8te Sport. \u00ab\u00a0Il s&rsquo;agit de l&rsquo;extrait de naissance de notre territoire\u00a0\u00bb, commente Guy Hermitte, maire depuis 2001 et po\u00e8te depuis toujours.<\/p>\n","protected":false},"excerpt":{"rendered":"\u00ab\u00a0Nous n&rsquo;h\u00e9ritons pas la terre de nos anc\u00eatres, nous l&#8217;empruntons \u00e0 nos enfants\u00a0\u00bb. Accroch\u00e9 \u00e0 cette citation d&rsquo;Antoine&hellip;\n","protected":false},"author":2,"featured_media":111394,"comment_status":"","ping_status":"","sticky":false,"template":"","format":"standard","meta":{"footnotes":""},"categories":[1357],"tags":[17,1379,58,23059,59,1011,27,23058,2003,1380,23060,198,9068,16,4129],"class_list":{"0":"post-111393","1":"post","2":"type-post","3":"status-publish","4":"format-standard","5":"has-post-thumbnail","7":"category-livres","8":"tag-17","9":"tag-books","10":"tag-divertissement","11":"tag-domaine","12":"tag-entertainment","13":"tag-fr","14":"tag-france","15":"tag-lhistoire","16":"tag-livre","17":"tag-livres","18":"tag-montgenevre","19":"tag-naissance","20":"tag-raconte","21":"tag-region","22":"tag-ski"},"share_on_mastodon":{"url":"https:\/\/pubeurope.com\/@fr\/114533782206151937","error":""},"_links":{"self":[{"href":"https:\/\/www.europesays.com\/fr\/wp-json\/wp\/v2\/posts\/111393","targetHints":{"allow":["GET"]}}],"collection":[{"href":"https:\/\/www.europesays.com\/fr\/wp-json\/wp\/v2\/posts"}],"about":[{"href":"https:\/\/www.europesays.com\/fr\/wp-json\/wp\/v2\/types\/post"}],"author":[{"embeddable":true,"href":"https:\/\/www.europesays.com\/fr\/wp-json\/wp\/v2\/users\/2"}],"replies":[{"embeddable":true,"href":"https:\/\/www.europesays.com\/fr\/wp-json\/wp\/v2\/comments?post=111393"}],"version-history":[{"count":0,"href":"https:\/\/www.europesays.com\/fr\/wp-json\/wp\/v2\/posts\/111393\/revisions"}],"wp:featuredmedia":[{"embeddable":true,"href":"https:\/\/www.europesays.com\/fr\/wp-json\/wp\/v2\/media\/111394"}],"wp:attachment":[{"href":"https:\/\/www.europesays.com\/fr\/wp-json\/wp\/v2\/media?parent=111393"}],"wp:term":[{"taxonomy":"category","embeddable":true,"href":"https:\/\/www.europesays.com\/fr\/wp-json\/wp\/v2\/categories?post=111393"},{"taxonomy":"post_tag","embeddable":true,"href":"https:\/\/www.europesays.com\/fr\/wp-json\/wp\/v2\/tags?post=111393"}],"curies":[{"name":"wp","href":"https:\/\/api.w.org\/{rel}","templated":true}]}}