{"id":111411,"date":"2025-05-19T09:34:08","date_gmt":"2025-05-19T09:34:08","guid":{"rendered":"https:\/\/www.europesays.com\/fr\/111411\/"},"modified":"2025-05-19T09:34:08","modified_gmt":"2025-05-19T09:34:08","slug":"israel-va-prendre-le-controle-de-tout-le-territoire-de-la-bande-de-gaza-annonce-benyamin-netanyahou","status":"publish","type":"post","link":"https:\/\/www.europesays.com\/fr\/111411\/","title":{"rendered":"Isra\u00ebl va prendre \u00able contr\u00f4le de tout le territoire\u00bb de la bande de Gaza, annonce Benyamin Netanyahou"},"content":{"rendered":"<p>                             Par Le Figaro avec AFP<\/p>\n<p>                Il y a 2 minutes<\/p>\n<p>\u00a0\u00bb<br \/>\n        data-script=\u00a0\u00bbhttps:\/\/static.lefigaro.fr\/widget-video\/short-ttl\/video\/index.js\u00a0\u00bb<br \/>\n    &gt;<\/p>\n<p>Isra\u00ebl pilonne ce lundi Gaza apr\u00e8s l\u2019annonce d\u2019une reprise limit\u00e9e de l\u2019aide humanitaire.<\/p>\n<p class=\"fig-paragraph\">Isra\u00ebl va prendre le contr\u00f4le \u00abde tout le territoire\u00bb de la<a href=\"http:\/\/www.lefigaro.fr\/international\/dossier\/attaque-du-hamas-contre-israel-le-point-sur-la-situation\" data-fig-type=\"Topic\" data-gtm-custom-categorie=\"navigation\" data-gtm-custom-action=\"crossclick\" data-gtm-custom-label=\"Contextuel\" data-gtm-event=\"customEventSPE\" data-fig-domain=\"LEFIGARO\" rel=\"nofollow noopener\" target=\"_blank\">\u00a0bande de Gaza<\/a>, a d\u00e9clar\u00e9 lundi le premier ministre isra\u00e9lien\u00a0<a href=\"http:\/\/www.lefigaro.fr\/international\/gaza-benyamin-netanyahou-ouvert-a-un-accord-pour-mettre-fin-a-la-guerre-20250518\" data-fig-type=\"Article\" data-gtm-custom-categorie=\"navigation\" data-gtm-custom-action=\"crossclick\" data-gtm-custom-label=\"Contextuel\" data-gtm-event=\"customEventSPE\" data-fig-domain=\"LEFIGARO\" rel=\"nofollow noopener\" target=\"_blank\">Benyamin Netanyahou<\/a>, en plein regain d\u2019offensive militaire sur le petit territoire palestinien.<\/p>\n<p class=\"fig-paragraph\">\u00abLes combats sont intenses et nous progressons. Nous prendrons le contr\u00f4le de tout le territoire de la bande\u00bb, a dit M. Netanyahou dans une vid\u00e9o publi\u00e9e sur son compte Telegram. \u00abNous ne c\u00e9dons pas. Mais pour r\u00e9ussir, il faut agir de mani\u00e8re \u00e0 ce qu\u2019on ne nous arr\u00eate pas\u00bb, a-t-il ajout\u00e9.<\/p>\n<p>\u00a0\u00bb<br \/>\n        data-script=\u00a0\u00bbhttps:\/\/static.lefigaro.fr\/widget-video\/short-ttl\/video\/index.js\u00a0\u00bb<br \/>\n    &gt;<\/p>\n<p class=\"fig-paragraph\">D&rsquo;intenses frappes isra\u00e9liennes ont tu\u00e9 lundi, selon les secours, 22 personnes dans la bande de Gaza, o\u00f9 Isra\u00ebl a annonc\u00e9 qu&rsquo;il autoriserait une reprise limit\u00e9e de l&rsquo;aide humanitaire, bloqu\u00e9e depuis plus de deux mois.<\/p>\n<p class=\"fig-paragraph\">Mis sous pression \u00e0 l&rsquo;international pour ce blocus qui affame les Gazaouis, ce dont m\u00eame<a href=\"http:\/\/www.lefigaro.fr\/international\/gaza-50-morts-dans-des-frappes-israeliennes-annonce-la-defense-civile-20250516\" data-fig-type=\"NewsFlash\" data-gtm-custom-categorie=\"navigation\" data-gtm-custom-action=\"crossclick\" data-gtm-custom-label=\"Contextuel\" data-gtm-event=\"customEventSPE\" data-fig-domain=\"LEFIGARO\" rel=\"nofollow noopener\" target=\"_blank\">\u00a0le pr\u00e9sident am\u00e9ricain Donald Trump<\/a>\u00a0s&rsquo;est inqui\u00e9t\u00e9, le gouvernement de Benyamin Netanyahou a fait \u00e9tat de sa lev\u00e9e partielle dimanche, quelques heures apr\u00e8s l&rsquo;annonce par l&rsquo;arm\u00e9e du lancement d&rsquo;\u00abop\u00e9rations terrestres de grande envergure\u00bb dans le territoire palestinien.<\/p>\n<p class=\"fig-paragraph\">Parall\u00e8lement \u00e0 cette intensification de sa campagne militaire, Isra\u00ebl m\u00e8ne des pourparlers indirects pour un cessez-le-feu avec le Hamas, dont l&rsquo;attaque dans le Sud isra\u00e9lien, le 7 octobre 2023, a d\u00e9clench\u00e9 la guerre dans le territoire palestinien.<\/p>\n<p class=\"fig-paragraph\">Le premier ministre isra\u00e9lien a expliqu\u00e9 lundi qu\u2019Isra\u00ebl devait emp\u00eacher une famine \u00e0 Gaza \u00abpour des raisons diplomatiques\u00bb, apr\u00e8s l\u2019annonce d\u2019une reprise limit\u00e9e de l\u2019aide humanitaire \u00e0 destination du petit territoire palestinien. \u00abNous ne devons pas laisser la population sombrer dans la famine, ni pour des raisons pratiques, ni pour des raisons diplomatiques\u00bb, a-t-il d\u00e9clar\u00e9 dans une vid\u00e9o publi\u00e9e sur son compte Telegram, pr\u00e9cisant que des \u00abamis\u00bb d\u2019Isra\u00ebl lui avaient dit qu\u2019ils ne pourraient plus soutenir la poursuite de la guerre si des \u00abimages de famine de masse\u00bb dans le territoire palestinien \u00e9taient diffus\u00e9es.<\/p>\n","protected":false},"excerpt":{"rendered":"Par Le Figaro avec AFP Il y a 2 minutes \u00a0\u00bb data-script=\u00a0\u00bbhttps:\/\/static.lefigaro.fr\/widget-video\/short-ttl\/video\/index.js\u00a0\u00bb &gt; Isra\u00ebl pilonne ce lundi Gaza&hellip;\n","protected":false},"author":2,"featured_media":111412,"comment_status":"","ping_status":"","sticky":false,"template":"","format":"standard","meta":{"footnotes":""},"categories":[5],"tags":[259,11,260,1011,27,665,14,664,261,12,262,28],"class_list":{"0":"post-111411","1":"post","2":"type-post","3":"status-publish","4":"format-standard","5":"has-post-thumbnail","7":"category-international","8":"tag-actualite-internationale","9":"tag-actualites","10":"tag-affaires-etrangeres","11":"tag-fr","12":"tag-france","13":"tag-gaza","14":"tag-international","15":"tag-israel","16":"tag-ministere-des-affaires-etrangeres","17":"tag-news","18":"tag-politique-etrangere","19":"tag-world"},"share_on_mastodon":{"url":"https:\/\/pubeurope.com\/@fr\/114533817641663069","error":""},"_links":{"self":[{"href":"https:\/\/www.europesays.com\/fr\/wp-json\/wp\/v2\/posts\/111411","targetHints":{"allow":["GET"]}}],"collection":[{"href":"https:\/\/www.europesays.com\/fr\/wp-json\/wp\/v2\/posts"}],"about":[{"href":"https:\/\/www.europesays.com\/fr\/wp-json\/wp\/v2\/types\/post"}],"author":[{"embeddable":true,"href":"https:\/\/www.europesays.com\/fr\/wp-json\/wp\/v2\/users\/2"}],"replies":[{"embeddable":true,"href":"https:\/\/www.europesays.com\/fr\/wp-json\/wp\/v2\/comments?post=111411"}],"version-history":[{"count":0,"href":"https:\/\/www.europesays.com\/fr\/wp-json\/wp\/v2\/posts\/111411\/revisions"}],"wp:featuredmedia":[{"embeddable":true,"href":"https:\/\/www.europesays.com\/fr\/wp-json\/wp\/v2\/media\/111412"}],"wp:attachment":[{"href":"https:\/\/www.europesays.com\/fr\/wp-json\/wp\/v2\/media?parent=111411"}],"wp:term":[{"taxonomy":"category","embeddable":true,"href":"https:\/\/www.europesays.com\/fr\/wp-json\/wp\/v2\/categories?post=111411"},{"taxonomy":"post_tag","embeddable":true,"href":"https:\/\/www.europesays.com\/fr\/wp-json\/wp\/v2\/tags?post=111411"}],"curies":[{"name":"wp","href":"https:\/\/api.w.org\/{rel}","templated":true}]}}