{"id":111413,"date":"2025-05-19T09:35:09","date_gmt":"2025-05-19T09:35:09","guid":{"rendered":"https:\/\/www.europesays.com\/fr\/111413\/"},"modified":"2025-05-19T09:35:09","modified_gmt":"2025-05-19T09:35:09","slug":"mouvement-social-des-taxis-la-circulation-perturbee-sur-la50-la57-et-la8-les-secteurs-touches","status":"publish","type":"post","link":"https:\/\/www.europesays.com\/fr\/111413\/","title":{"rendered":"Mouvement social des taxis: la circulation perturb\u00e9e sur l&rsquo;A50, l&rsquo;A57 et l&rsquo;A8, les secteurs touch\u00e9s"},"content":{"rendered":"<p><a href=\"https:\/\/www.varmatin.com\/vie-locale\/toulon-paralysee-par-les-taxis-aujourd-hui-986382\" target=\"_blank\" rel=\"noopener\">Comme nous vous l&rsquo;indiquions d\u00e9j\u00e0 tr\u00e8s t\u00f4t ce matin<\/a>, un mouvement des taxis perturbe la circulation dans la r\u00e9gion.\u00a0<\/p>\n<p><strong>L&rsquo;A50, l&rsquo;A57 et l&rsquo;A8 sont concern\u00e9es<\/strong>, comme l&rsquo;annonce Vinci Autoroutes dans un communiqu\u00e9. Les secteurs de Toulon, du Muy et de Fr\u00e9jus sont particuli\u00e8rement touch\u00e9s.\u00a0<\/p>\n<p><strong>Il est recommand\u00e9 d&rsquo;\u00e9viter ces secteurs<\/strong> et de s&rsquo;informer avant de prendre la route.\u00a0<\/p>\n<blockquote class=\"twitter-tweet\">\n<p lang=\"fr\" dir=\"ltr\"><a href=\"https:\/\/twitter.com\/hashtag\/ManifestationEnCours?src=hash&amp;ref_src=twsrc%5Etfw\" target=\"_blank\" rel=\"noopener\">#ManifestationEnCours<\/a> | Op\u00e9rations escargot des taxis ce lundi matin \u25b6\ufe0fPoint de situation \u00e0 10h.<br \/>\u26a0\ufe0fOp\u00e9rations de tractage en cours sur l&rsquo;A8 aux p\u00e9ages suivants :<br \/>&gt; Le Muy sortie 36 <br \/>&gt; Puget-sur-Argens sortie 37 <br \/>&gt; Fr\u00e9jus-Est sortie 38 <br \/>\ud83d\udd34Attention aux personnes sur la voie\u2026 <a href=\"https:\/\/t.co\/FpQigtcdSP\">pic.twitter.com\/FpQigtcdSP<\/a><\/p>\n<p>\u2014 Pr\u00e9fet du Var (@Prefet83) <a href=\"https:\/\/twitter.com\/Prefet83\/status\/1924375159210733647?ref_src=twsrc%5Etfw\" target=\"_blank\" rel=\"noopener\">May 19, 2025<\/a><\/p><\/blockquote>\n<p>Dans le d\u00e9tail:\u00a0<\/p>\n<p>&#8211; sur l&rsquo;A57 en direction de Marseille: coupure au niveau de Toulon-Centre n\u00b017, fermeture du tunnel de Toulon; sortie obligatoire Toulon-Centre n\u00b017.<br \/>&#13;<br \/>\n&#8211; sur l&rsquo;A50 en direction de Toulon: autoroute coup\u00e9e, fermeture du tunnel de Toulon; sortie obligatoire \u00e0 Six-Fours-les-Plages n\u00b013.\u00a0<br \/>&#13;<br \/>\n&#8211; dans le secteur du Muy\/Draguignan: pr\u00e9sence de pi\u00e9tons au p\u00e9age du Muy, en entr\u00e9e et en sortie.\u00a0<br \/>&#13;<br \/>\n&#8211; dans le secteur de Fr\u00e9jus\/Saint-Rapha\u00ebl: pr\u00e9sence de pi\u00e9tons au niveau de Fr\u00e9jus-Est n\u00b038, en entr\u00e9e et en sortie.\u00a0<\/p>\n<p>                                                                                                                                        <script async src=\"https:\/\/platform.twitter.com\/widgets.js\" charset=\"utf-8\"><\/script><\/p>\n","protected":false},"excerpt":{"rendered":"Comme nous vous l&rsquo;indiquions d\u00e9j\u00e0 tr\u00e8s t\u00f4t ce matin, un mouvement des taxis perturbe la circulation dans la&hellip;\n","protected":false},"author":2,"featured_media":111414,"comment_status":"","ping_status":"","sticky":false,"template":"","format":"standard","meta":{"footnotes":""},"categories":[4],"tags":[11,1011,27,802,803,12,25,801],"class_list":{"0":"post-111413","1":"post","2":"type-post","3":"status-publish","4":"format-standard","5":"has-post-thumbnail","7":"category-france","8":"tag-actualites","9":"tag-fr","10":"tag-france","11":"tag-greves-et-mouvements-sociaux","12":"tag-info-trafic","13":"tag-news","14":"tag-republique-francaise","15":"tag-social"},"share_on_mastodon":{"url":"https:\/\/pubeurope.com\/@fr\/114533821584669017","error":""},"_links":{"self":[{"href":"https:\/\/www.europesays.com\/fr\/wp-json\/wp\/v2\/posts\/111413","targetHints":{"allow":["GET"]}}],"collection":[{"href":"https:\/\/www.europesays.com\/fr\/wp-json\/wp\/v2\/posts"}],"about":[{"href":"https:\/\/www.europesays.com\/fr\/wp-json\/wp\/v2\/types\/post"}],"author":[{"embeddable":true,"href":"https:\/\/www.europesays.com\/fr\/wp-json\/wp\/v2\/users\/2"}],"replies":[{"embeddable":true,"href":"https:\/\/www.europesays.com\/fr\/wp-json\/wp\/v2\/comments?post=111413"}],"version-history":[{"count":0,"href":"https:\/\/www.europesays.com\/fr\/wp-json\/wp\/v2\/posts\/111413\/revisions"}],"wp:featuredmedia":[{"embeddable":true,"href":"https:\/\/www.europesays.com\/fr\/wp-json\/wp\/v2\/media\/111414"}],"wp:attachment":[{"href":"https:\/\/www.europesays.com\/fr\/wp-json\/wp\/v2\/media?parent=111413"}],"wp:term":[{"taxonomy":"category","embeddable":true,"href":"https:\/\/www.europesays.com\/fr\/wp-json\/wp\/v2\/categories?post=111413"},{"taxonomy":"post_tag","embeddable":true,"href":"https:\/\/www.europesays.com\/fr\/wp-json\/wp\/v2\/tags?post=111413"}],"curies":[{"name":"wp","href":"https:\/\/api.w.org\/{rel}","templated":true}]}}