{"id":1114162,"date":"2026-08-07T20:00:12","date_gmt":"2026-08-07T20:00:12","guid":{"rendered":"https:\/\/www.europesays.com\/fr\/1114162\/"},"modified":"2026-08-07T20:00:12","modified_gmt":"2026-08-07T20:00:12","slug":"pollution-aux-pfas-la-metropole-de-rouen-porte-plainte-contre-basf-pour-ses-rejets-dans-la-seine","status":"publish","type":"post","link":"https:\/\/www.europesays.com\/fr\/1114162\/","title":{"rendered":"Pollution aux Pfas\u00a0: la m\u00e9tropole de Rouen porte plainte contre BASF pour ses rejets dans la Seine"},"content":{"rendered":"<p>La m\u00e9tropole Rouen Normandie a d\u00e9pos\u00e9 plainte contre l&rsquo;entreprise BASF pour ses rejets \u00ab\u00a0massifs\u00a0\u00bb dans la <a href=\"https:\/\/www.france24.com\/fr\/tag\/seine\/\" target=\"_self\" class=\"gtm-add-suggested-tag\" rel=\"nofollow noopener\">Seine<\/a> de polluants \u00e9ternels, en l&rsquo;occurrence le TFA, a-t-elle annonc\u00e9 vendredi 7 ao\u00fbt.<\/p>\n<p>Dans un courrier au procureur de la R\u00e9publique de Rouen en date du 30 juillet 2026 et consult\u00e9 par l&rsquo;AFP, la m\u00e9tropole annonce porter plainte contre l&rsquo;entreprise BASF Agri Production, confirmant une information de Paris-Normandie.<\/p>\n<p>S&rsquo;appuyant sur des rapports de la Surfrider Foundation et de l&rsquo;association G\u00e9n\u00e9rations futures, la plainte de la m\u00e9tropole avec constitution de partie civile accuse le site de d\u00e9verser dans la Seine des rejets \u00ab\u00a0massifs\u00a0\u00bb pr\u00e9sentant \u00ab\u00a0des concentrations \u00e9lev\u00e9es en <a href=\"https:\/\/www.france24.com\/fr\/tag\/pfas\/\" target=\"_self\" class=\"gtm-add-suggested-tag\" rel=\"nofollow noopener\">Pfas<\/a>, TFA\u00a0\u00bb.<\/p>\n<p class=\"a-read-more\">\u00c0 lire<a href=\"https:\/\/www.france24.com\/fr\/plan\u00e8te\/20260725-scandales-sanitaires-manger-pour-mourir-angoisse-empoisonner-pfas-pesticides-cadmium\" target=\"_self\" class=\"a-read-more__link\" rel=\"nofollow noopener\">\u00ab\u00a0L&rsquo;impression de manger pour mourir\u00a0\u00bb : la peur de s&#8217;empoisonner face aux scandales alimentaires<\/a><\/p>\n<p>Contact\u00e9 par l&rsquo;AFP, BASF a expliqu\u00e9 n&rsquo;avoir \u00ab\u00a0pas connaissance \u00e0 ce stade du contenu d&rsquo;une plainte\u00a0\u00bb, dont le groupe a \u00e9t\u00e9 inform\u00e9 \u00ab\u00a0par les m\u00e9dias\u00a0\u00bb.<\/p>\n<p>La direction du site BASF de Saint-Aubin-l\u00e8s-Elbeuf, au sud de Rouen, se dit \u00ab\u00a0fortement engag\u00e9e \u00e0 r\u00e9duire ses \u00e9missions de TFA dans l&rsquo;eau\u00a0\u00bb et indique respecter \u00ab\u00a0les limites fix\u00e9es par la pr\u00e9fecture et la DREAL\u00a0\u00bb. La direction assure aussi que \u00ab\u00a0le site a r\u00e9duit de plus de 90\u00a0% ses rejets\u00a0\u00bb, permettant le maintien d&rsquo;une \u00ab\u00a0activit\u00e9 industrielle importante\u00a0\u00bb.<\/p>\n<p> Atteinte aux poissons, pollution des eaux <\/p>\n<p>Class\u00e9e <a href=\"https:\/\/www.france24.com\/fr\/tag\/seveso\/\" target=\"_self\" class=\"gtm-add-suggested-tag\" rel=\"nofollow noopener\">Seveso<\/a> seuil haut, cette usine produit notamment le Fipronil, un insecticide utilis\u00e9 en agriculture et dans le domaine v\u00e9t\u00e9rinaire, interdit en Europe mais export\u00e9 vers le Br\u00e9sil.<\/p>\n<p>Les infractions vis\u00e9es par la m\u00e9tropole de Rouen sont celles d&rsquo;atteinte aux poissons et aux esp\u00e8ces prot\u00e9g\u00e9es, de pollution des eaux et du milieu naturel, ainsi que de faute d&rsquo;imprudence ou de n\u00e9gligence.<\/p>\n<p>Le TFA (acide trifluoroac\u00e9tique) est une mol\u00e9cule tr\u00e8s persistante issue de la d\u00e9gradation de certains \u00ab\u00a0polluants \u00e9ternels\u00a0\u00bb, les Pfas, substances pr\u00e9sentes dans des pesticides, des rev\u00eatements antiadh\u00e9sifs de po\u00eales, des mousses anti-incendie ou encore des cosm\u00e9tiques.<\/p>\n<p>Si le TFA ne fait pas partie des 20\u00a0Pfas faisant l&rsquo;objet d&rsquo;une limite de concentration maximale par l&rsquo;<a href=\"https:\/\/www.france24.com\/fr\/tag\/union-europ\u00e9enne\/\" target=\"_self\" class=\"gtm-add-suggested-tag\" rel=\"nofollow noopener\">Union europ\u00e9enne<\/a>, sa toxicit\u00e9 tend \u00e0 \u00eatre d\u00e9montr\u00e9e par plusieurs \u00e9tudes.<\/p>\n<p class=\"a-read-more\">\u00c0 lire aussi<a href=\"https:\/\/www.france24.com\/fr\/plan\u00e8te\/20260728-victimes-c-est-\u00e0-nous-de-payer-pour-les-communes-le-d\u00e9fi-des-eaux-contamin\u00e9es-aux-pfas\" target=\"_self\" class=\"a-read-more__link\" rel=\"nofollow noopener\">\u00ab\u00a0Victimes, c&rsquo;est \u00e0 nous de payer\u00a0\u00bb : pour les communes, le d\u00e9fi des eaux contamin\u00e9es aux Pfas<\/a><\/p>\n<p>En janvier 2021, la soci\u00e9t\u00e9 Bayer CropScience informait la <a href=\"https:\/\/www.france24.com\/fr\/tag\/commission-europ\u00e9enne\/\" target=\"_self\" class=\"gtm-add-suggested-tag\" rel=\"nofollow noopener\">Commission europ\u00e9enne<\/a> d&rsquo;une \u00e9tude sur la toxicit\u00e9 pour le d\u00e9veloppement chez le lapin.<\/p>\n<p>En juin 2026, le Comit\u00e9 d&rsquo;\u00e9valuation des risques de l&rsquo;ECHA, l&rsquo;agence europ\u00e9enne des produits chimiques, a rendu un avis dans lequel elle le consid\u00e8re comme toxique pour la reproduction, selon la m\u00e9tropole.<\/p>\n<p>De son c\u00f4t\u00e9, l&rsquo;Institut national de la sant\u00e9 publique et de l&rsquo;environnement n\u00e9erlandais propose de fixer une norme \u00e0 2,2\u00a0g\/L en milieu naturel, soit pr\u00e8s de 13\u00a0000\u00a0fois moins que ce qui a pu \u00eatre d\u00e9tect\u00e9 \u00e0 la sortie de la station d&rsquo;\u00e9puration \u00e0 Saint-Aubin-L\u00e8s-Elbeuf lors d&rsquo;une campagne d&rsquo;analyses en 2024, un \u00ab\u00a0record de France\u00a0\u00bb \u00e0 l&rsquo;\u00e9poque.<\/p>\n<p>En juin 2025, un collectif de sept associations avait d\u00e9j\u00e0 d\u00e9pos\u00e9 plainte contre l&rsquo;industriel pour cette pollution aux Pfas.<\/p>\n<p>Quelques mois plus tard, plusieurs centaines de manifestants avaient bloqu\u00e9 l&rsquo;usine BASF de Saint-Aubin-l\u00e8s-Elbeuf pour d\u00e9noncer la production de pesticides et des rejets de polluants \u00e9ternels dans l&rsquo;environnement.<\/p>\n<p class=\"a-read-more\">\u00c0 lire aussi<a href=\"https:\/\/www.france24.com\/fr\/plan\u00e8te\/20260801-pfas-et-cadmium-guide-pour-boire-manger-sans-trop-s-empoisonner-polluants-eternels\" target=\"_self\" class=\"a-read-more__link\" rel=\"nofollow noopener\">Pfas et cadmium : le guide pour boire et manger sans (trop) s&#8217;empoisonner<\/a><\/p>\n<p>Avec AFP<\/p>\n","protected":false},"excerpt":{"rendered":"La m\u00e9tropole Rouen Normandie a d\u00e9pos\u00e9 plainte contre l&rsquo;entreprise BASF pour ses rejets \u00ab\u00a0massifs\u00a0\u00bb dans la Seine de&hellip;\n","protected":false},"author":2,"featured_media":1114163,"comment_status":"","ping_status":"","sticky":false,"template":"","format":"standard","meta":{"footnotes":"","_share_on_mastodon":"0"},"categories":[9587],"tags":[1111,11,436,1777,674,1011,27,12,5161,13885,1800,25,9590,13527],"class_list":["post-1114162","post","type-post","status-publish","format-standard","has-post-thumbnail","category-rouen","tag-actu","tag-actualites","tag-environnement","tag-eu","tag-europe","tag-fr","tag-france","tag-news","tag-normandie","tag-pfas","tag-pollution","tag-republique-francaise","tag-rouen","tag-seine"],"share_on_mastodon":{"url":"https:\/\/pubeurope.com\/@fr\/117056007211108290","error":""},"_links":{"self":[{"href":"https:\/\/www.europesays.com\/fr\/wp-json\/wp\/v2\/posts\/1114162","targetHints":{"allow":["GET"]}}],"collection":[{"href":"https:\/\/www.europesays.com\/fr\/wp-json\/wp\/v2\/posts"}],"about":[{"href":"https:\/\/www.europesays.com\/fr\/wp-json\/wp\/v2\/types\/post"}],"author":[{"embeddable":true,"href":"https:\/\/www.europesays.com\/fr\/wp-json\/wp\/v2\/users\/2"}],"replies":[{"embeddable":true,"href":"https:\/\/www.europesays.com\/fr\/wp-json\/wp\/v2\/comments?post=1114162"}],"version-history":[{"count":0,"href":"https:\/\/www.europesays.com\/fr\/wp-json\/wp\/v2\/posts\/1114162\/revisions"}],"wp:featuredmedia":[{"embeddable":true,"href":"https:\/\/www.europesays.com\/fr\/wp-json\/wp\/v2\/media\/1114163"}],"wp:attachment":[{"href":"https:\/\/www.europesays.com\/fr\/wp-json\/wp\/v2\/media?parent=1114162"}],"wp:term":[{"taxonomy":"category","embeddable":true,"href":"https:\/\/www.europesays.com\/fr\/wp-json\/wp\/v2\/categories?post=1114162"},{"taxonomy":"post_tag","embeddable":true,"href":"https:\/\/www.europesays.com\/fr\/wp-json\/wp\/v2\/tags?post=1114162"}],"curies":[{"name":"wp","href":"https:\/\/api.w.org\/{rel}","templated":true}]}}