{"id":1114166,"date":"2026-08-07T20:04:33","date_gmt":"2026-08-07T20:04:33","guid":{"rendered":"https:\/\/www.europesays.com\/fr\/1114166\/"},"modified":"2026-08-07T20:04:33","modified_gmt":"2026-08-07T20:04:33","slug":"secheresse-la-mesure-du-niveau-des-cours-deau-faussee-en-bretagne-la-prefecture-alerte","status":"publish","type":"post","link":"https:\/\/www.europesays.com\/fr\/1114166\/","title":{"rendered":"S\u00e9cheresse : la mesure du niveau des cours d&rsquo;eau fauss\u00e9e en Bretagne ? La pr\u00e9fecture alerte"},"content":{"rendered":"<p>                    Par<br \/>\n        <strong><br \/>\n            <a href=\"https:\/\/actu.fr\/auteur\/romane-rousseau-actu-fr\" title=\"Consulter tous les articles de Romane Rousseau\" rel=\"nofollow noopener\" target=\"_blank\">Romane Rousseau<\/a><br \/>\n                    <\/strong><\/p>\n<p>        Publi\u00e9 le<\/p>\n<p>            7 ao\u00fbt 2026 \u00e0 11h02        <\/p>\n<p>En pleine p\u00e9riode de s\u00e9cheresse, l\u2019\u00c9tat alerte sur les<strong> perturbations des donn\u00e9es officielles des stations de mesure<\/strong> des cours d\u2019eau de <a href=\"https:\/\/actu.fr\/bretagne\/\" rel=\"nofollow noopener\" target=\"_blank\">Bretagne<\/a>. Caus\u00e9es par \u00ab\u2009<strong>des barrages artisanaux et des obstacles artificiels<\/strong>\u2009\u00bb, elles faussent les relev\u00e9s de hauteur d\u2019eau sur laquelle est bas\u00e9e la gestion \u00ab\u2009optimale de la ressource\u2009\u00bb.<\/p>\n<p>Des obstacles qui faussent les mesures<\/p>\n<p class=\" wall-content\">L\u2019alerte a \u00e9t\u00e9 donn\u00e9e par la pr\u00e9fecture de Bretagne via un communiqu\u00e9 jeudi 6\u00a0ao\u00fbt 2026. Ces derniers jours, \u00ab<strong>\u2009des obstacles au droit de certains cours d\u2019eau et au niveau de certaines zones de mesure<\/strong> ont \u00e9t\u00e9 observ\u00e9s\u2009\u00bb, d\u00e9plore-t-elle.<\/p>\n<p class=\" wall-content\">En effet, des \u00ab\u2009barrages artisanaux ou des obstacles\u2009\u00bb sont mis en place, par exemple \u00ab\u2009avec des <strong>pierres install\u00e9es pour rehausser la hauteur d\u2019eau<\/strong> et cr\u00e9er une petite zone de baignade\u2009\u00bb.<\/p>\n<p class=\" wall-content\">Seulement, la hauteur de l\u2019eau apr\u00e8s le barrage n\u2019est<strong> plus repr\u00e9sentative de \u00ab\u2009la hauteur d\u2019eau r\u00e9elle<\/strong> dans ce cours d\u2019eau\u2009\u00bb.<\/p>\n<blockquote class=\"ac-article-quote wall-content\">\n<p>\u00ab\u00a0Il n\u2019est donc plus possible d\u2019\u00e9valuer correctement l\u2019\u00e9tat de la ressource en eau et l\u2019impact<br \/>\nde la s\u00e9cheresse dans ce bassin versant.\u00a0\u00bb<\/p>\n<p>    <strong>Pr\u00e9fecture de Bretagne<\/strong>\n            <\/p><\/blockquote>\n<p>Pourquoi c\u2019est un probl\u00e8me\u2009?<\/p>\n<p class=\" wall-content\">Mais ces donn\u00e9es, enregistr\u00e9es via un r\u00e9seau de <strong>140 stations de mesure en Bretagne<\/strong>, sont pr\u00e9cieuses pour mesurer l\u2019\u00e9tat de la s\u00e9cheresse, bas\u00e9e sur \u00ab\u2009l\u2019\u00e9valuation de la hauteur de l\u2019eau dans les cours d\u2019eau via des syst\u00e8mes de mesure en continu\u2009\u00bb.<\/p>\n<blockquote class=\"ac-article-quote wall-content\">\n<p>\u00ab\u00a0C\u2019est en effet sur la base de ces donn\u00e9es que sont prises les mesures<br \/>\nn\u00e9cessaires pour une gestion optimale de la ressource en eau en cette p\u00e9riode de s\u00e9cheresse.\u00a0\u00bb<\/p>\n<p>    <strong>Pr\u00e9fecture de Bretagne<\/strong>\n            <\/p><\/blockquote>\n<p class=\" wall-content\">Il est donc <strong>essentiel de conserver l\u2019\u00e9coulement naturel<\/strong> de l\u2019eau, de ne pas disposer d\u2019obstacles comme du branchage ou des pierres, afin de ne pas fausser ces donn\u00e9es.<\/p>\n<p>Une menace aussi pour la biodiversit\u00e9<\/p>\n<p class=\" wall-content\">En plus d\u2019impacter les donn\u00e9es des stations de mesure, ces obstacles artificiels <strong>r\u00e9duisent et stoppent les d\u00e9bits de mani\u00e8re incontr\u00f4l\u00e9e<\/strong>.<\/p>\n<p class=\" wall-content\">Des retenues qui provoquent \u00ab\u2009des variations de temp\u00e9rature, la prolif\u00e9ration d\u2019algues, une baisse d\u2019oxyg\u00e9nation et une alt\u00e9ration de la dynamique des s\u00e9diments\u2009\u00bb.<\/p>\n<p class=\" wall-content\">Un <strong>d\u00e9r\u00e8glement de l\u2019\u00e9quilibre \u00e9cologique<\/strong> qui pr\u00e9sente des risques \u00ab\u2009majeurs pour les organismes aquatiques\u2009\u00bb.<\/p>\n<p>Une amende sal\u00e9e<\/p>\n<p class=\" wall-content\">La pr\u00e9fecture de Bretagne a \u00e9galement rappel\u00e9 la sanction qui s\u2019applique : la construction de barrages sauvages ou d\u2019obstacles dans nos cours d\u2019eau, m\u00eame temporaires, est passible d\u2019une <strong>amende allant jusqu\u2019\u00e0 1\u2009500 \u20ac.<\/strong><\/p>\n<p class=\" wall-content\">Si les installations sont plus volumineuses, cela constitue un d\u00e9lit<strong> passible de 100\u2009000\u20ac d\u2019amende et jusqu\u2019\u00e0 2\u00a0ans d\u2019emprisonnement.<\/strong><\/p>\n<p class=\" wall-content\">Personnalisez votre actualit\u00e9 en ajoutant vos villes et m\u00e9dias en favori avec <a href=\"https:\/\/moncompte.actu.fr\" title=\"D\u00e9couvez Mon Actu\" rel=\"nofollow noopener\" data-trk=\"{&quot;cta&quot;:{&quot;action&quot;:&quot;https:\\\/\\\/moncompte.actu.fr&quot;,&quot;category&quot;:&quot;mon compte&quot;,&quot;from&quot;:&quot;article footer&quot;,&quot;name&quot;:&quot;Mon actu&quot;,&quot;type&quot;:&quot;cta&quot;}}\" target=\"_blank\">Mon Actu<\/a>.<\/p>\n","protected":false},"excerpt":{"rendered":"Par Romane Rousseau Publi\u00e9 le 7 ao\u00fbt 2026 \u00e0 11h02 En pleine p\u00e9riode de s\u00e9cheresse, l\u2019\u00c9tat alerte sur&hellip;\n","protected":false},"author":2,"featured_media":1114167,"comment_status":"","ping_status":"","sticky":false,"template":"","format":"standard","meta":{"footnotes":"","_share_on_mastodon":"0"},"categories":[2821],"tags":[1111,11,829,1777,674,1011,27,2487,12,584,25,12817],"class_list":["post-1114166","post","type-post","status-publish","format-standard","has-post-thumbnail","category-rennes","tag-actu","tag-actualites","tag-bretagne","tag-eu","tag-europe","tag-fr","tag-france","tag-meteo","tag-news","tag-rennes","tag-republique-francaise","tag-secheresse"],"share_on_mastodon":{"url":"https:\/\/pubeurope.com\/@fr\/117056023230097945","error":""},"_links":{"self":[{"href":"https:\/\/www.europesays.com\/fr\/wp-json\/wp\/v2\/posts\/1114166","targetHints":{"allow":["GET"]}}],"collection":[{"href":"https:\/\/www.europesays.com\/fr\/wp-json\/wp\/v2\/posts"}],"about":[{"href":"https:\/\/www.europesays.com\/fr\/wp-json\/wp\/v2\/types\/post"}],"author":[{"embeddable":true,"href":"https:\/\/www.europesays.com\/fr\/wp-json\/wp\/v2\/users\/2"}],"replies":[{"embeddable":true,"href":"https:\/\/www.europesays.com\/fr\/wp-json\/wp\/v2\/comments?post=1114166"}],"version-history":[{"count":0,"href":"https:\/\/www.europesays.com\/fr\/wp-json\/wp\/v2\/posts\/1114166\/revisions"}],"wp:featuredmedia":[{"embeddable":true,"href":"https:\/\/www.europesays.com\/fr\/wp-json\/wp\/v2\/media\/1114167"}],"wp:attachment":[{"href":"https:\/\/www.europesays.com\/fr\/wp-json\/wp\/v2\/media?parent=1114166"}],"wp:term":[{"taxonomy":"category","embeddable":true,"href":"https:\/\/www.europesays.com\/fr\/wp-json\/wp\/v2\/categories?post=1114166"},{"taxonomy":"post_tag","embeddable":true,"href":"https:\/\/www.europesays.com\/fr\/wp-json\/wp\/v2\/tags?post=1114166"}],"curies":[{"name":"wp","href":"https:\/\/api.w.org\/{rel}","templated":true}]}}