{"id":111417,"date":"2025-05-19T09:37:11","date_gmt":"2025-05-19T09:37:11","guid":{"rendered":"https:\/\/www.europesays.com\/fr\/111417\/"},"modified":"2025-05-19T09:37:11","modified_gmt":"2025-05-19T09:37:11","slug":"loire-le-grand-tout-coup-de-coeur-de-la-librairie-bleue-comme-une-orange","status":"publish","type":"post","link":"https:\/\/www.europesays.com\/fr\/111417\/","title":{"rendered":"Loire. \u00ab Le Grand Tout \u00bb, coup de c\u0153ur de la librairie Bleue comme une orange"},"content":{"rendered":"<p>Le personnage principal du r\u00e9cit est un homme veuf \u00ab qui devrait \u00eatre \u00e0 la retraite\u00a0\u00bb mais qui, par n\u00e9cessit\u00e9, continue de travailler \u00e0 la biblioth\u00e8que universitaire de Berkeley, en Californie. Cette pr\u00e9carit\u00e9 l\u2019am\u00e8ne m\u00eame \u00e0 sous-louer une chambre \u00e0 une femme qui rentre dans la vie active, June.<\/p>\n<p>Il accueille \u00e9galement un universitaire suisse du nom de Michel, \u00ab qui se r\u00e9v\u00e8le en partie un double de Michel Foucault\u00a0\u00bb, avec qui \u00ab il va faire la connaissance d\u2019un autre am\u00e9ricain qui se prend pour Jack London\u00a0\u00bb. \u00ab Une sacr\u00e9e histoire\u00a0\u00bb qui se narre \u00e0 travers les personnages principaux\u00a0: June, d\u2019origine japonaise, h\u00e9rite par exemple d\u2019un sabre myst\u00e9rieux \u00ab qui a travers\u00e9 les si\u00e8cles\u00a0\u00bb.<\/p>\n<p>  \u00ab Une histoire cont\u00e9e dans l\u2019Am\u00e9rique actuelle\u00a0\u00bb<\/p>\n<p>\u00c9crit avant la r\u00e9\u00e9lection de Donald Trump, le roman pr\u00e9figure sa pr\u00e9sidence \u00ab par un sobriquet pour d\u00e9former son nom, mais on ne s\u2019y trompe pas\u00a0\u00bb. Avec cette satire en arri\u00e8re teinte, \u00ab Mak-Bouchard est un r\u00eaveur fa\u00e7on John Lennon, mais pas un id\u00e9aliste ben\u00eat\u00a0\u00bb, estime Gilbert Castellino. \u00ab Il est dans la dure r\u00e9alit\u00e9 des derni\u00e8res grandes crises de l\u2019ultracapitalisme, les incendies terrifiants qui ont aval\u00e9 la Californie, la pand\u00e9mie de 2020\u2026\u00a0\u00bb.<\/p>\n<p>\u00ab Mak-Bouchard est un raconteur d\u2019histoires sans mi\u00e8vreries, empreintes d\u2019humour et de fantastique, alors que se dessine en filigrane l\u2019ampleur du changement d\u2019\u00e9poque que l\u2019on est en train de vivre\u00a0\u00bb, r\u00e9sume Gilbert Castellino.<\/p>\n<p>Le Grand Tout est paru aux \u00e9ditions Le Tripode, \u00ab\u00a0une bien belle petite maison d\u2019\u00e9dition\u00a0\u00bb.<\/p>\n","protected":false},"excerpt":{"rendered":"Le personnage principal du r\u00e9cit est un homme veuf \u00ab qui devrait \u00eatre \u00e0 la retraite\u00a0\u00bb mais qui,&hellip;\n","protected":false},"author":2,"featured_media":111418,"comment_status":"","ping_status":"","sticky":false,"template":"","format":"standard","meta":{"footnotes":""},"categories":[9653],"tags":[1111,11,2430,1687,7539,1777,674,1011,27,12053,2410,3367,12,25,4001,9664],"class_list":{"0":"post-111417","1":"post","2":"type-post","3":"status-publish","4":"format-standard","5":"has-post-thumbnail","7":"category-saint-etienne","8":"tag-actu","9":"tag-actualites","10":"tag-auvergne-rhone-alpes","11":"tag-culture-loisirs","12":"tag-edition-loire-sud","13":"tag-eu","14":"tag-europe","15":"tag-fr","16":"tag-france","17":"tag-la-talaudiere","18":"tag-livres-bd","19":"tag-loire","20":"tag-news","21":"tag-republique-francaise","22":"tag-saint-etienne","23":"tag-saint-etienne-bassin"},"share_on_mastodon":{"url":"https:\/\/pubeurope.com\/@fr\/114533829415090611","error":""},"_links":{"self":[{"href":"https:\/\/www.europesays.com\/fr\/wp-json\/wp\/v2\/posts\/111417","targetHints":{"allow":["GET"]}}],"collection":[{"href":"https:\/\/www.europesays.com\/fr\/wp-json\/wp\/v2\/posts"}],"about":[{"href":"https:\/\/www.europesays.com\/fr\/wp-json\/wp\/v2\/types\/post"}],"author":[{"embeddable":true,"href":"https:\/\/www.europesays.com\/fr\/wp-json\/wp\/v2\/users\/2"}],"replies":[{"embeddable":true,"href":"https:\/\/www.europesays.com\/fr\/wp-json\/wp\/v2\/comments?post=111417"}],"version-history":[{"count":0,"href":"https:\/\/www.europesays.com\/fr\/wp-json\/wp\/v2\/posts\/111417\/revisions"}],"wp:featuredmedia":[{"embeddable":true,"href":"https:\/\/www.europesays.com\/fr\/wp-json\/wp\/v2\/media\/111418"}],"wp:attachment":[{"href":"https:\/\/www.europesays.com\/fr\/wp-json\/wp\/v2\/media?parent=111417"}],"wp:term":[{"taxonomy":"category","embeddable":true,"href":"https:\/\/www.europesays.com\/fr\/wp-json\/wp\/v2\/categories?post=111417"},{"taxonomy":"post_tag","embeddable":true,"href":"https:\/\/www.europesays.com\/fr\/wp-json\/wp\/v2\/tags?post=111417"}],"curies":[{"name":"wp","href":"https:\/\/api.w.org\/{rel}","templated":true}]}}